{"id":38894,"date":"2015-05-03T14:22:49","date_gmt":"2015-05-03T11:22:49","guid":{"rendered":"https:\/\/www.enerjigazetesi.ist\/?p=38894"},"modified":"2015-05-23T15:10:58","modified_gmt":"2015-05-23T12:10:58","slug":"turkiyenin-elektrik-uretim-kapasitesi-70-gwi-gecti","status":"publish","type":"post","link":"https:\/\/www.enerjigazetesi.ist\/en\/turkiyenin-elektrik-uretim-kapasitesi-70-gwi-gecti\/","title":{"rendered":"(Turkish) T\u00fcrkiye\u2019nin Elektrik \u00dcretim Kapasitesi 70 GW\u2019\u0131 Ge\u00e7ti&#8230;"},"content":{"rendered":"<p class=\"qtranxs-available-languages-message qtranxs-available-languages-message-en\">Sorry, this entry is only available in <a href=\"https:\/\/www.enerjigazetesi.ist\/tr\/wp-json\/wp\/v2\/posts\/38894\" class=\"qtranxs-available-language-link qtranxs-available-language-link-tr\" title=\"Turkish\">Turkish<\/a>. For the sake of viewer convenience, the content is shown below in the alternative language. You may click the link to switch the active language.<\/p><p><strong>T\u00fcrkiye\u2019nin elektrik \u00fcretim kapasitesinin 70 GW\u2019\u0131 a\u015ft\u0131\u011f\u0131 bildirildi. Enerji ve Tabii Kaynaklar Bakanl\u0131\u011f\u0131, Enerji \u0130\u015fleri Genel M\u00fcd\u00fcrl\u00fc\u011f\u00fc taraf\u0131ndan a\u00e7\u0131klanan verilere g\u00f6re 2015\u2019in ilk \u00e7eyre\u011finde 1.047 MW g\u00fcc\u00fcnde elektrik yat\u0131r\u0131m\u0131 devreye girdi.<\/strong><\/p>\n<p>Bu yat\u0131r\u0131mlar sayesinde T\u00fcrkiye\u2019nin elektrik \u00fcretim kapasitesi bir \u00f6nceki y\u0131l\u0131n ayn\u0131 d\u00f6nemine g\u00f6re y\u00fczde 9,7 o<a href=\"https:\/\/www.enerjigazetesi.ist\/wp-content\/uploads\/2015\/05\/turkiyenin-elektrik-uretim-kapasitesi-70-gwi-gecti.jpg\"><img loading=\"lazy\" class=\"alignleft wp-image-38895 \" src=\"https:\/\/www.enerjigazetesi.ist\/wp-content\/uploads\/2015\/05\/turkiyenin-elektrik-uretim-kapasitesi-70-gwi-gecti-300x163.jpg\" alt=\"turkiyenin-elektrik-uretim-kapasitesi-70-gwi-gecti\" width=\"300\" height=\"206\" \/><\/a>ran\u0131nda art\u0131\u015f g\u00f6stererek, toplamda 70.558 MW\u2019a ula\u015ft\u0131.<\/p>\n<p>2015\u2019\u00fcn ilk \u00fc\u00e7 ay\u0131nda devreye giren yat\u0131r\u0131mlar\u0131n 1.016 MW\u2019l\u0131k k\u0131sm\u0131n\u0131 lisansl\u0131 elektrik yat\u0131r\u0131mlar\u0131 olu\u015ftururken, 31 MW\u2019l\u0131k k\u0131sm\u0131n\u0131 ise lisanss\u0131z elektrik yat\u0131r\u0131mlar\u0131 olu\u015fturdu.<\/p>\n<p>Hidroelektrik santral yat\u0131r\u0131mlar\u0131 745,946 MW\u2019l\u0131k kurulu g\u00fc\u00e7 ile bu d\u00f6nemde devreye giren yat\u0131r\u0131mlarda a\u00e7\u0131k ara lider olurken, ikinci s\u0131rada 140,281 MW ile termik santral yat\u0131r\u0131mlar\u0131, \u00fc\u00e7\u00fcnc\u00fc s\u0131rada ise 100,9 MW ile r\u00fczgar enerjisi santralleri yat\u0131r\u0131mlar\u0131 yer ald\u0131.<\/p>\n<p>Y\u0131l\u0131n ilk \u00e7eyre\u011finde devreye giren 31 MW\u2019l\u0131k lisanss\u0131z elektrik yat\u0131r\u0131m\u0131 ile de lisansa tabi olmayan elektrik yat\u0131r\u0131mlar\u0131n\u0131n toplam g\u00fcc\u00fc 84 MW\u2019a ula\u015ft\u0131.<\/p>\n<p>G\u00fcne\u015f elektri\u011fi bu alandaki yat\u0131r\u0131mlarda ilk s\u0131ray\u0131 al\u0131rken, halihaz\u0131rda lisanssl\u0131 g\u00fcne\u015f elektri\u011fi santralinin devrede olmad\u0131\u011f\u0131 T\u00fcrkiye\u2019nin toplam g\u00fcne\u015f elektri\u011fi g\u00fcc\u00fc ise 63,85 MW\u2019a y\u00fckselmi\u015f oldu.<\/p>\n<p>Kaynak: Ye\u015fil Ekonomi<\/p>\n<p>&nbsp;<\/p>","protected":false},"excerpt":{"rendered":"<p>Sorry, this entry is only available in Turkish. For the sake of viewer convenience, the content is shown below in the alternative language. You may click the link to switch the active language.T\u00fcrkiye\u2019nin elektrik \u00fcretim kapasitesinin 70 GW\u2019\u0131 a\u015ft\u0131\u011f\u0131 bildirildi. Enerji ve Tabii Kaynaklar Bakanl\u0131\u011f\u0131, Enerji \u0130\u015fleri Genel M\u00fcd\u00fcrl\u00fc\u011f\u00fc taraf\u0131ndan a\u00e7\u0131klanan verilere g\u00f6re 2015\u2019in ilk [&hellip;]<\/p>\n","protected":false},"author":1,"featured_media":38895,"comment_status":"open","ping_status":"open","sticky":false,"template":"","format":"standard","meta":[],"categories":[51,53],"tags":[],"views":927,"_links":{"self":[{"href":"https:\/\/www.enerjigazetesi.ist\/en\/wp-json\/wp\/v2\/posts\/38894"}],"collection":[{"href":"https:\/\/www.enerjigazetesi.ist\/en\/wp-json\/wp\/v2\/posts"}],"about":[{"href":"https:\/\/www.enerjigazetesi.ist\/en\/wp-json\/wp\/v2\/types\/post"}],"author":[{"embeddable":true,"href":"https:\/\/www.enerjigazetesi.ist\/en\/wp-json\/wp\/v2\/users\/1"}],"replies":[{"embeddable":true,"href":"https:\/\/www.enerjigazetesi.ist\/en\/wp-json\/wp\/v2\/comments?post=38894"}],"version-history":[{"count":1,"href":"https:\/\/www.enerjigazetesi.ist\/en\/wp-json\/wp\/v2\/posts\/38894\/revisions"}],"predecessor-version":[{"id":38896,"href":"https:\/\/www.enerjigazetesi.ist\/en\/wp-json\/wp\/v2\/posts\/38894\/revisions\/38896"}],"wp:featuredmedia":[{"embeddable":true,"href":"https:\/\/www.enerjigazetesi.ist\/en\/wp-json\/wp\/v2\/media\/38895"}],"wp:attachment":[{"href":"https:\/\/www.enerjigazetesi.ist\/en\/wp-json\/wp\/v2\/media?parent=38894"}],"wp:term":[{"taxonomy":"category","embeddable":true,"href":"https:\/\/www.enerjigazetesi.ist\/en\/wp-json\/wp\/v2\/categories?post=38894"},{"taxonomy":"post_tag","embeddable":true,"href":"https:\/\/www.enerjigazetesi.ist\/en\/wp-json\/wp\/v2\/tags?post=38894"}],"curies":[{"name":"wp","href":"https:\/\/api.w.org\/{rel}","templated":true}]}}