{"id":38891,"date":"2015-05-03T14:16:51","date_gmt":"2015-05-03T11:16:51","guid":{"rendered":"https:\/\/www.enerjigazetesi.ist\/?p=38891"},"modified":"2015-05-23T15:11:04","modified_gmt":"2015-05-23T12:11:04","slug":"solarbaba-gunes-enerjisi-konferansi-4-mayisda-basliyor","status":"publish","type":"post","link":"https:\/\/www.enerjigazetesi.ist\/en\/solarbaba-gunes-enerjisi-konferansi-4-mayisda-basliyor\/","title":{"rendered":"(Turkish) Solarbaba G\u00fcne\u015f Enerjisi Konferans\u0131, 4 May\u0131s&#8217;da Ba\u015fl\u0131yor!"},"content":{"rendered":"<p class=\"qtranxs-available-languages-message qtranxs-available-languages-message-en\">Sorry, this entry is only available in <a href=\"https:\/\/www.enerjigazetesi.ist\/tr\/wp-json\/wp\/v2\/posts\/38891\" class=\"qtranxs-available-language-link qtranxs-available-language-link-tr\" title=\"Turkish\">Turkish<\/a>. For the sake of viewer convenience, the content is shown below in the alternative language. You may click the link to switch the active language.<\/p><p><strong>Solarbaba G\u00fcne\u015f Enerjisi Platformu taraf\u0131ndan bu y\u0131l ilk kez d\u00fczenlenecek Solarbaba G\u00fcne\u015f Enerjisi Konferans\u0131, 4-5 May\u0131s tarihlerinde \u0130stanbul Harbiye Askeri M\u00fcze\u2019de ger\u00e7ekle\u015fecek.<\/strong><\/p>\n<p>Ana sponsorlu\u011funu Zorlu Enerji Grubu\u2019nun \u00fcstlendi\u011fi konferansta, T\u00fcrkiye\u2019de g\u00fcne\u015f enerjisi alan\u0131ndaki yat\u0131r\u0131<a href=\"https:\/\/www.enerjigazetesi.ist\/wp-content\/uploads\/2015\/05\/solarbaba-gunes-enerjisi-konferansi-4-mayisda-basliyor.jpg\"><img loading=\"lazy\" class=\"alignright  wp-image-38892\" src=\"https:\/\/www.enerjigazetesi.ist\/wp-content\/uploads\/2015\/05\/solarbaba-gunes-enerjisi-konferansi-4-mayisda-basliyor.jpg\" alt=\"solarbaba-gunes-enerjisi-konferansi-4-mayisda-basliyor\" width=\"325\" height=\"212\" \/><\/a>m f\u0131rsatlar\u0131n\u0131n yan\u0131 s\u0131ra sekt\u00f6rdeki uluslararas\u0131 geli\u015fmeler de ele al\u0131nacak.<\/p>\n<p>T\u00fcrkiye\u2019nin en b\u00fcy\u00fck g\u00fcne\u015fe enerjisi platformu ve sivil toplum \u00f6rg\u00fct\u00fc Solar Baba, g\u00fcne\u015f enerjisi yat\u0131r\u0131mlar\u0131na dair t\u00fcm detaylar\u0131n ilk kez de\u011ferlendirilece\u011fi Solarbaba 2015 G\u00fcne\u015f Enerjisi Konferans\u0131, 4-5 May\u0131s tarihlerinde \u0130stanbul Harbiye Askeri M\u00fcze\u2019de ger\u00e7ekle\u015ftirilecek.<\/p>\n<p>\u00dc\u00e7 paralel salonda ger\u00e7ekle\u015fecek etkinlikte, sahada ya\u015fanan teknik ve hukuki s\u00fcre\u00e7lerden g\u00fcne\u015f enerjili tekstil \u00fcr\u00fcnlerine, y\u00fcksek teknolojili ekipmanlardan tar\u0131msal sulama ve konut \u0131s\u0131tmas\u0131na, farkl\u0131 finans \u00e7\u00f6z\u00fcmlerinden g\u00fcne\u015f enerjisinin depolanmas\u0131na, sekt\u00f6rdeki insan kayna\u011f\u0131 f\u0131rsatlar\u0131ndan g\u00fcne\u015f enerjisinin \u00fclkemiz ekonomisine kazand\u0131racaklar\u0131na kadar uzanan geni\u015f bir yelpazede g\u00fcne\u015f enerjisi yat\u0131r\u0131mlar\u0131n\u0131n bug\u00fcn\u00fc ve gelece\u011fi de\u011ferlendirilecek.<\/p>\n<p>Yenilebilir enerji alan\u0131ndaki yat\u0131r\u0131mlar\u0131yla \u00f6ne \u00e7\u0131kan Zorlu Enerji Grubu\u2019nun ana sponsorlu\u011funda ger\u00e7ekle\u015fecek etkinlik, temiz ve ucuz bir enerji kayna\u011f\u0131 olan g\u00fcne\u015f enerjisi sekt\u00f6r\u00fcnde yer alm\u0131\u015f ve almak isteyen t\u00fcm kat\u0131\u0131mc\u0131lara a\u00e7\u0131k olacak. Zorlu Enerji Grubu y\u00f6neticilerinin g\u00fcne\u015f enerjisi sekt\u00f6r\u00fcne ad\u0131m atan yat\u0131r\u0131mc\u0131lar\u0131n\u0131n deneyimlerini payla\u015faca\u011f\u0131 konferansta, enerji ve finans sekt\u00f6r\u00fc temsilcileri bir araya gelecek.<\/p>\n<p>Kaynak: B\u00fcltenler<\/p>\n<p>&nbsp;<\/p>\n<p>&nbsp;<\/p>","protected":false},"excerpt":{"rendered":"<p>Sorry, this entry is only available in Turkish. For the sake of viewer convenience, the content is shown below in the alternative language. You may click the link to switch the active language.Solarbaba G\u00fcne\u015f Enerjisi Platformu taraf\u0131ndan bu y\u0131l ilk kez d\u00fczenlenecek Solarbaba G\u00fcne\u015f Enerjisi Konferans\u0131, 4-5 May\u0131s tarihlerinde \u0130stanbul Harbiye Askeri M\u00fcze\u2019de ger\u00e7ekle\u015fecek. Ana [&hellip;]<\/p>\n","protected":false},"author":1,"featured_media":38892,"comment_status":"open","ping_status":"open","sticky":false,"template":"","format":"standard","meta":[],"categories":[53,49],"tags":[],"views":855,"_links":{"self":[{"href":"https:\/\/www.enerjigazetesi.ist\/en\/wp-json\/wp\/v2\/posts\/38891"}],"collection":[{"href":"https:\/\/www.enerjigazetesi.ist\/en\/wp-json\/wp\/v2\/posts"}],"about":[{"href":"https:\/\/www.enerjigazetesi.ist\/en\/wp-json\/wp\/v2\/types\/post"}],"author":[{"embeddable":true,"href":"https:\/\/www.enerjigazetesi.ist\/en\/wp-json\/wp\/v2\/users\/1"}],"replies":[{"embeddable":true,"href":"https:\/\/www.enerjigazetesi.ist\/en\/wp-json\/wp\/v2\/comments?post=38891"}],"version-history":[{"count":1,"href":"https:\/\/www.enerjigazetesi.ist\/en\/wp-json\/wp\/v2\/posts\/38891\/revisions"}],"predecessor-version":[{"id":38893,"href":"https:\/\/www.enerjigazetesi.ist\/en\/wp-json\/wp\/v2\/posts\/38891\/revisions\/38893"}],"wp:featuredmedia":[{"embeddable":true,"href":"https:\/\/www.enerjigazetesi.ist\/en\/wp-json\/wp\/v2\/media\/38892"}],"wp:attachment":[{"href":"https:\/\/www.enerjigazetesi.ist\/en\/wp-json\/wp\/v2\/media?parent=38891"}],"wp:term":[{"taxonomy":"category","embeddable":true,"href":"https:\/\/www.enerjigazetesi.ist\/en\/wp-json\/wp\/v2\/categories?post=38891"},{"taxonomy":"post_tag","embeddable":true,"href":"https:\/\/www.enerjigazetesi.ist\/en\/wp-json\/wp\/v2\/tags?post=38891"}],"curies":[{"name":"wp","href":"https:\/\/api.w.org\/{rel}","templated":true}]}}