{"id":38863,"date":"2015-05-02T16:42:13","date_gmt":"2015-05-02T13:42:13","guid":{"rendered":"https:\/\/www.enerjigazetesi.ist\/?p=38863"},"modified":"2015-05-23T15:12:51","modified_gmt":"2015-05-23T12:12:51","slug":"turkmenistan-gazi-icin-imzalar-atildi","status":"publish","type":"post","link":"https:\/\/www.enerjigazetesi.ist\/en\/turkmenistan-gazi-icin-imzalar-atildi\/","title":{"rendered":"(Turkish) T\u00fcrkmenistan Gaz\u0131 \u0130\u00e7in \u0130mzalar At\u0131ld\u0131!"},"content":{"rendered":"<p class=\"qtranxs-available-languages-message qtranxs-available-languages-message-en\">Sorry, this entry is only available in <a href=\"https:\/\/www.enerjigazetesi.ist\/tr\/wp-json\/wp\/v2\/posts\/38863\" class=\"qtranxs-available-language-link qtranxs-available-language-link-tr\" title=\"Turkish\">Turkish<\/a>. For the sake of viewer convenience, the content is shown below in the alternative language. You may click the link to switch the active language.<\/p><p><strong>Enerji ve Tabii Kaynaklar Bakan\u0131 Taner Y\u0131ld\u0131z, T\u00fcrkmenistan\u2019\u0131n ba\u015fkenti A\u015fkabat\u2019ta d\u00fczenlenen \u201cT\u00fcrkiye-T\u00fcrkmenistan-AB-Azerbaycan D\u00f6rtl\u00fc G\u00f6r\u00fc\u015fme Toplant\u0131s\u0131\u201dn\u0131n ard\u0131ndan, bas\u0131n mensuplar\u0131n\u0131n sorular\u0131n\u0131 yan\u0131tlad\u0131.<\/strong><\/p>\n<p>Y\u0131ld\u0131z, \u201cT\u00fcrkiye-T\u00fcrkmenistan-AB-Azerbaycan D\u00f6rtl\u00fc G\u00f6r\u00fc\u015fme Toplant\u0131s\u0131\u201d sonucunda, T\u00fcrkmenistan do\u011falga<a href=\"https:\/\/www.enerjigazetesi.ist\/wp-content\/uploads\/2015\/05\/turkmenistan-gazi-icin-imzalar-atildi.jpg\"><img loading=\"lazy\" class=\"alignleft wp-image-38864\" src=\"https:\/\/www.enerjigazetesi.ist\/wp-content\/uploads\/2015\/05\/turkmenistan-gazi-icin-imzalar-atildi.jpg\" alt=\"turkmenistan-gazi-icin-imzalar-atildi\" width=\"300\" height=\"211\" \/><\/a>z\u0131n\u0131n de\u011ferlendirilmesine d\u00f6n\u00fck bir mutabakat zapt\u0131 ve deklarasyon metni imzaland\u0131\u011f\u0131n\u0131 belirterek, \u201c\u0130mzaya ald\u0131\u011f\u0131m\u0131z bu zapt\u0131n, hukuki ba\u011flay\u0131c\u0131l\u0131\u011f\u0131 olan noktalara do\u011fru gidece\u011fine inan\u0131yorum\u201d dedi.<\/p>\n<p>T\u00fcrkiye\u2019de Enerji ve Tabii Kaynaklar Bakanl\u0131\u011f\u0131, D\u0131\u015fi\u015fleri Bakanl\u0131\u011f\u0131 ve BOTA\u015e taraf\u0131ndan kurulan ekiple, mevcut noktaya gelindi\u011fine de\u011finen Bakan Y\u0131ld\u0131z, \u201cHukuki ba\u011flay\u0131c\u0131l\u0131\u011f\u0131 olan bir metnin temmuz sonuna kadar yeti\u015febilece\u011fine inan\u0131yorum\u201d ifadelerini kulland\u0131.<\/p>\n<p>Toplant\u0131da, T\u00fcrkiye\u2019nin kaynak, g\u00fczergah ve \u00fclke \u00e7e\u015fitli\u011fi a\u00e7\u0131s\u0131ndan planlara uyan bir netice al\u0131nd\u0131\u011f\u0131n\u0131 vurgulayan Y\u0131ld\u0131z, \u201cT\u00fcrkiye ham petrol\u00fc yakla\u015f\u0131k 11 bazen 12 \u00fclkeden, do\u011falgaz\u0131 da 6 ayr\u0131 \u00fclkeden al\u0131yor. Bu \u00fclkelerin say\u0131lar\u0131n\u0131 art\u0131rmak istiyoruz ve bunlar\u0131 mutlaka \u00e7e\u015fitlendirmek istiyoruz. T\u00fcrkiye\u2019nin enerji politikalar\u0131 a\u00e7\u0131s\u0131ndan \u00e7ok b\u00fcy\u00fck faydas\u0131 olacak. Kald\u0131 ki \u201ckemik karde\u015fi\u201d dedi\u011fimiz T\u00fcrkmenistan\u2019la olu\u015fturdu\u011fumuz noktan\u0131n son derece iyi oldu\u011funu d\u00fc\u015f\u00fcn\u00fcyorum\u201d diye konu\u015ftu.<\/p>\n<p>Kaynak: AA<\/p>\n<p>&nbsp;<\/p>","protected":false},"excerpt":{"rendered":"<p>Sorry, this entry is only available in Turkish. For the sake of viewer convenience, the content is shown below in the alternative language. You may click the link to switch the active language.Enerji ve Tabii Kaynaklar Bakan\u0131 Taner Y\u0131ld\u0131z, T\u00fcrkmenistan\u2019\u0131n ba\u015fkenti A\u015fkabat\u2019ta d\u00fczenlenen \u201cT\u00fcrkiye-T\u00fcrkmenistan-AB-Azerbaycan D\u00f6rtl\u00fc G\u00f6r\u00fc\u015fme Toplant\u0131s\u0131\u201dn\u0131n ard\u0131ndan, bas\u0131n mensuplar\u0131n\u0131n sorular\u0131n\u0131 yan\u0131tlad\u0131. Y\u0131ld\u0131z, \u201cT\u00fcrkiye-T\u00fcrkmenistan-AB-Azerbaycan D\u00f6rtl\u00fc [&hellip;]<\/p>\n","protected":false},"author":1,"featured_media":38864,"comment_status":"open","ping_status":"open","sticky":false,"template":"","format":"standard","meta":[],"categories":[46,53],"tags":[],"views":894,"_links":{"self":[{"href":"https:\/\/www.enerjigazetesi.ist\/en\/wp-json\/wp\/v2\/posts\/38863"}],"collection":[{"href":"https:\/\/www.enerjigazetesi.ist\/en\/wp-json\/wp\/v2\/posts"}],"about":[{"href":"https:\/\/www.enerjigazetesi.ist\/en\/wp-json\/wp\/v2\/types\/post"}],"author":[{"embeddable":true,"href":"https:\/\/www.enerjigazetesi.ist\/en\/wp-json\/wp\/v2\/users\/1"}],"replies":[{"embeddable":true,"href":"https:\/\/www.enerjigazetesi.ist\/en\/wp-json\/wp\/v2\/comments?post=38863"}],"version-history":[{"count":1,"href":"https:\/\/www.enerjigazetesi.ist\/en\/wp-json\/wp\/v2\/posts\/38863\/revisions"}],"predecessor-version":[{"id":38865,"href":"https:\/\/www.enerjigazetesi.ist\/en\/wp-json\/wp\/v2\/posts\/38863\/revisions\/38865"}],"wp:featuredmedia":[{"embeddable":true,"href":"https:\/\/www.enerjigazetesi.ist\/en\/wp-json\/wp\/v2\/media\/38864"}],"wp:attachment":[{"href":"https:\/\/www.enerjigazetesi.ist\/en\/wp-json\/wp\/v2\/media?parent=38863"}],"wp:term":[{"taxonomy":"category","embeddable":true,"href":"https:\/\/www.enerjigazetesi.ist\/en\/wp-json\/wp\/v2\/categories?post=38863"},{"taxonomy":"post_tag","embeddable":true,"href":"https:\/\/www.enerjigazetesi.ist\/en\/wp-json\/wp\/v2\/tags?post=38863"}],"curies":[{"name":"wp","href":"https:\/\/api.w.org\/{rel}","templated":true}]}}