{"id":38860,"date":"2015-05-02T16:36:46","date_gmt":"2015-05-02T13:36:46","guid":{"rendered":"https:\/\/www.enerjigazetesi.ist\/?p=38860"},"modified":"2015-05-23T15:12:57","modified_gmt":"2015-05-23T12:12:57","slug":"gunes-cozumlerini-ziyaretcilerle-paylasti","status":"publish","type":"post","link":"https:\/\/www.enerjigazetesi.ist\/en\/gunes-cozumlerini-ziyaretcilerle-paylasti\/","title":{"rendered":"(Turkish) G\u00fcne\u015f \u00c7\u00f6z\u00fcmlerini Ziyaret\u00e7ilerle Payla\u015ft\u0131&#8230;"},"content":{"rendered":"<p class=\"qtranxs-available-languages-message qtranxs-available-languages-message-en\">Sorry, this entry is only available in <a href=\"https:\/\/www.enerjigazetesi.ist\/tr\/wp-json\/wp\/v2\/posts\/38860\" class=\"qtranxs-available-language-link qtranxs-available-language-link-tr\" title=\"Turkish\">Turkish<\/a>. For the sake of viewer convenience, the content is shown below in the alternative language. You may click the link to switch the active language.<\/p><p><strong>G\u00fc\u00e7 ve otomasyon teknolojilerinde d\u00fcnya lideri olan ABB, yenilenebilir enerjilerdeki deneyimini, teknoloji liderli\u011fini ve uygulama konusundaki bilgi birikimini 9-11 Nisan aras\u0131 ger\u00e7ekle\u015ftirilen SOLAREX fuar\u0131nda ziyaret\u00e7ilere sundu.<\/strong><\/p>\n<p>ABB, \u015febeke ba\u011flant\u0131l\u0131 ve mikro \u015febeke uygulamalar\u0131 i\u00e7in; g\u00fcne\u015f enerjisi \u00fcretimini, iletimini ve da\u011f\u0131t\u0131m\u0131n\u0131 ya<a href=\"https:\/\/www.enerjigazetesi.ist\/wp-content\/uploads\/2015\/05\/gunes-cozumlerini-ziyaretcilerle-paylasti.jpg\"><img loading=\"lazy\" class=\"alignleft wp-image-38861\" src=\"https:\/\/www.enerjigazetesi.ist\/wp-content\/uploads\/2015\/05\/gunes-cozumlerini-ziyaretcilerle-paylasti.jpg\" alt=\"gunes-cozumlerini-ziyaretcilerle-paylasti\" width=\"300\" height=\"234\" \/><\/a>pan solar fotovoltaik de\u011fer zinciri i\u00e7erisinde en kapsaml\u0131 \u00fcr\u00fcn, sistem, \u00e7\u00f6z\u00fcm ve hizmetleri sunmaktad\u0131r. Portf\u00f6y\u00fcm\u00fczde inverterler, al\u00e7ak gerilim \u00fcr\u00fcnleri, izleme ve kontrol sistemleri, \u015febeke ba\u011flant\u0131lar\u0131, \u00fcr\u00fcnlerin kararl\u0131 hale getirilmesi ve entegrasyonu gibi i\u015flevlerin yan\u0131 s\u0131ra tesislere elektrik altyap\u0131 donan\u0131m\u0131 kurmak gibi hizmetler de bulunmaktad\u0131r. ABB ayr\u0131ca, uzaktan i\u015fletim ve tan\u0131lama, g\u00fcne\u015f enerjisi toplama tesislerinde performans optimizasyonu gibi destek ve bak\u0131m hizmetleri d\u00e2hil, geni\u015f bir yelpazeye yay\u0131lm\u0131\u015f hizmetler sunmaktad\u0131r.<\/p>\n<p>Fotovoltaik g\u00fcne\u015f enerjisi santral projelerinde, inverter ba\u015fta olmak \u00fczere, DC ve AC \u015falt ekipmanlar\u0131, uzakta izleme ve SCADA sistemleri, trafo ve orta gerilim paket \u00e7\u00f6z\u00fcmleri tek bir tedarik\u00e7iden ABB m\u00fchendisli\u011fi ve g\u00fcvencesi ile sekt\u00f6re sunuluyor.<\/p>\n<p><strong>Yeni Nesil Solar Evirici PRO33<\/strong><\/p>\n<p>Market lideri TRIO serisi dizi inverterlerin yan\u0131nda ABB\u2019nin yeni nesil \u00fc\u00e7 fazl\u0131 PRO-33 dizi inverter sunumu fuarda ger\u00e7ekle\u015fti. 33000 W AC g\u00fc\u00e7 sa\u011flayan bu yeni nesil dizi inverter b\u00fcy\u00fck \u00f6l\u00e7ekli end\u00fcstriyel \u00e7at\u0131lar veya a\u00e7\u0131k arazi b\u00fcy\u00fck \u00f6l\u00e7ekli santral uygulamalar\u0131 i\u00e7in tasarland\u0131.<\/p>\n<p><strong>Paket \u00e7\u00f6z\u00fcmlerde tek bir tedarik\u00e7iden optimum \u00e7\u00f6z\u00fcm<\/strong><\/p>\n<p>Merkezi inverter uygulamalar\u0131nda sahada kullan\u0131lan DC ba\u011flant\u0131 kutusu, merkezi inverter k\u00f6\u015fk\u00fc ve trafo k\u00f6\u015fk\u00fcnden orta gerilim \u00e7\u0131k\u0131\u015fa kadar ki t\u00fcm elektrik ekipmanlar\u0131n\u0131n optimum paket \u00e7\u00f6z\u00fcm\u00fcn\u00fc sekt\u00f6tre ABB m\u00fchendisli\u011fi ve g\u00fcvencesi ile sunuluyor.<\/p>\n<p>ABB T\u00fcrkiye G\u00fcne\u015f enerji \u00c7\u00f6z\u00fcmleri B\u00f6l\u00fcm Y\u00f6neticisi Haluk \u00d6zg\u00fcn g\u00f6r\u00fc\u015flerini \u015f\u00f6yle dile getirdi: \u201cUluslararas\u0131 Enerji Ajans\u0131\u2019na g\u00f6re 2020 y\u0131l\u0131nda 403 GW\u2019a ula\u015fmas\u0131 beklenen g\u00fcne\u015f fotovoltaik sistemleri d\u00fcnyada yeni bir evreye girmi\u015f bulunuyor. Teknolojik geli\u015fmeler maliyetleri d\u00fc\u015f\u00fcr\u00fcrken, konutlardan b\u00fcy\u00fck \u00f6l\u00e7ekli santrallara kadar ve hatta en \u00fccra konumlarda dahi g\u00fcne\u015f enerjisinden yararlanmak m\u00fcmk\u00fcn.\u201d<\/p>\n<p>Yay\u0131nc\u0131: <a href=\"https:\/\/www.enerjigazetesi.ist\" target=\"_blank\">Enerji Gazetesi<\/a><\/p>\n<p>&nbsp;<\/p>","protected":false},"excerpt":{"rendered":"<p>Sorry, this entry is only available in Turkish. For the sake of viewer convenience, the content is shown below in the alternative language. You may click the link to switch the active language.G\u00fc\u00e7 ve otomasyon teknolojilerinde d\u00fcnya lideri olan ABB, yenilenebilir enerjilerdeki deneyimini, teknoloji liderli\u011fini ve uygulama konusundaki bilgi birikimini 9-11 Nisan aras\u0131 ger\u00e7ekle\u015ftirilen SOLAREX [&hellip;]<\/p>\n","protected":false},"author":1,"featured_media":38861,"comment_status":"open","ping_status":"open","sticky":false,"template":"","format":"standard","meta":[],"categories":[53,49],"tags":[],"views":654,"_links":{"self":[{"href":"https:\/\/www.enerjigazetesi.ist\/en\/wp-json\/wp\/v2\/posts\/38860"}],"collection":[{"href":"https:\/\/www.enerjigazetesi.ist\/en\/wp-json\/wp\/v2\/posts"}],"about":[{"href":"https:\/\/www.enerjigazetesi.ist\/en\/wp-json\/wp\/v2\/types\/post"}],"author":[{"embeddable":true,"href":"https:\/\/www.enerjigazetesi.ist\/en\/wp-json\/wp\/v2\/users\/1"}],"replies":[{"embeddable":true,"href":"https:\/\/www.enerjigazetesi.ist\/en\/wp-json\/wp\/v2\/comments?post=38860"}],"version-history":[{"count":1,"href":"https:\/\/www.enerjigazetesi.ist\/en\/wp-json\/wp\/v2\/posts\/38860\/revisions"}],"predecessor-version":[{"id":38862,"href":"https:\/\/www.enerjigazetesi.ist\/en\/wp-json\/wp\/v2\/posts\/38860\/revisions\/38862"}],"wp:featuredmedia":[{"embeddable":true,"href":"https:\/\/www.enerjigazetesi.ist\/en\/wp-json\/wp\/v2\/media\/38861"}],"wp:attachment":[{"href":"https:\/\/www.enerjigazetesi.ist\/en\/wp-json\/wp\/v2\/media?parent=38860"}],"wp:term":[{"taxonomy":"category","embeddable":true,"href":"https:\/\/www.enerjigazetesi.ist\/en\/wp-json\/wp\/v2\/categories?post=38860"},{"taxonomy":"post_tag","embeddable":true,"href":"https:\/\/www.enerjigazetesi.ist\/en\/wp-json\/wp\/v2\/tags?post=38860"}],"curies":[{"name":"wp","href":"https:\/\/api.w.org\/{rel}","templated":true}]}}