{"id":38843,"date":"2015-05-01T23:08:10","date_gmt":"2015-05-01T20:08:10","guid":{"rendered":"https:\/\/www.enerjigazetesi.ist\/?p=38843"},"modified":"2015-05-23T15:13:28","modified_gmt":"2015-05-23T12:13:28","slug":"tesla-motors-evlere-elektrik-saglayacak-powerwall-pillerini-tanitti","status":"publish","type":"post","link":"https:\/\/www.enerjigazetesi.ist\/en\/tesla-motors-evlere-elektrik-saglayacak-powerwall-pillerini-tanitti\/","title":{"rendered":"(Turkish) Tesla Motors Evlere Elektrik Sa\u011flayacak Powerwall Pillerini Tan\u0131tt\u0131!"},"content":{"rendered":"<p class=\"qtranxs-available-languages-message qtranxs-available-languages-message-en\">Sorry, this entry is only available in <a href=\"https:\/\/www.enerjigazetesi.ist\/tr\/wp-json\/wp\/v2\/posts\/38843\" class=\"qtranxs-available-language-link qtranxs-available-language-link-tr\" title=\"Turkish\">Turkish<\/a>. For the sake of viewer convenience, the content is shown below in the alternative language. You may click the link to switch the active language.<\/p><p><\/p>\n<p style=\"color: #000000;\"><strong>Elektrikli ara\u00e7lar\u0131n, sistemlerin yayg\u0131nla\u015fmas\u0131 konusunda en fazla \u00e7al\u0131\u015fma yapan firmalardan biri olan Tesla, ev ve i\u015f yerleri i\u00e7in tasarlad\u0131\u011f\u0131 yeni Powerwall batarya sistemlerinin tan\u0131t\u0131m\u0131 ger\u00e7ekle\u015ftirdi<\/strong>.<\/p>\n<p style=\"color: #000000;\">Enerjinin daha verimli ve etkin kullan\u0131lmas\u0131n\u0131 hedefleyen bu sistem sayesinde g\u00fcne\u015f panellerinden elde edilen elektrik Powerwall i\u00e7erisinde depolan\u0131yor ve panellerin yeterince elektrik \u00fcretmedi\u011fi anlarda konuta gerekli olan enerjiyi sa\u011fl\u0131yor. \u00dcr\u00fcn\u00fcn sunumunda d\u00fcnyan\u0131n enerji kullan\u0131m al\u0131\u015fkanl\u0131klar\u0131n\u0131 de\u011fi\u015ftirerek verimli ve \u00e7evreci bir enerji al<a href=\"https:\/\/www.enerjigazetesi.ist\/wp-content\/uploads\/2015\/05\/tesla-motors-evlere-elektrik-saglayacak-powerwall-pillerini-tanitti.jpg\"><img loading=\"lazy\" class=\"alignright size-medium wp-image-38844\" src=\"https:\/\/www.enerjigazetesi.ist\/wp-content\/uploads\/2015\/05\/tesla-motors-evlere-elektrik-saglayacak-powerwall-pillerini-tanitti-300x168.jpg\" alt=\"tesla-motors-evlere-elektrik-saglayacak-powerwall-pillerini-tanitti\" width=\"300\" height=\"168\" srcset=\"https:\/\/www.enerjigazetesi.ist\/wp-content\/uploads\/2015\/05\/tesla-motors-evlere-elektrik-saglayacak-powerwall-pillerini-tanitti-300x168.jpg 300w, https:\/\/www.enerjigazetesi.ist\/wp-content\/uploads\/2015\/05\/tesla-motors-evlere-elektrik-saglayacak-powerwall-pillerini-tanitti-500x281.jpg 500w, https:\/\/www.enerjigazetesi.ist\/wp-content\/uploads\/2015\/05\/tesla-motors-evlere-elektrik-saglayacak-powerwall-pillerini-tanitti-80x44.jpg 80w, https:\/\/www.enerjigazetesi.ist\/wp-content\/uploads\/2015\/05\/tesla-motors-evlere-elektrik-saglayacak-powerwall-pillerini-tanitti.jpg 870w\" sizes=\"(max-width: 300px) 100vw, 300px\" \/><\/a>tyap\u0131s\u0131 kurmay\u0131 hedeflediklerini belirten Elon Musk, yeni \u00fcr\u00fcnleriyle bu de\u011fi\u015fimin ilk ad\u0131m\u0131n\u0131 att\u0131klar\u0131n\u0131 belirtiyor.<\/p>\n<p style=\"color: #000000;\">Powerwall esasen b\u00fcy\u00fck bir Li-Ion pilden ba\u015fka bir\u015fey de\u011fil. 7kWh ve 10 kWh kapasiteli iki farkl\u0131 modelin ve farkl\u0131 renk se\u00e7eneklerinin yer ald\u0131\u011f\u0131 \u00fcr\u00fcnde konutun \u00e7at\u0131s\u0131ndaki g\u00fcne\u015f panellerinin \u00fcretti\u011fi enerji bu birim i\u00e7erisinde depolan\u0131yor. Bu enerji daha sonra ak\u015fam vakitlerinde veya havan\u0131n kapal\u0131 oldu\u011fu zamanlarda konuta gerekli olan enerjiyi sa\u011fl\u0131yor. Powerwall\u2019un en b\u00fcy\u00fck farkl\u0131l\u0131\u011f\u0131 ise s\u00fcrekli internete ba\u011fl\u0131 oldu\u011fundan dolay\u0131 sistemin durumu 24 saat takip edilip enerji verimlili\u011finin y\u00fckseltilmesine katk\u0131 sa\u011fl\u0131yor.<\/p>\n<p style=\"color: #000000;\">ABD\u2019li \u015firketin CEO\u2019su Elon Musk, g\u00fcne\u015f enerjisiyle \u00e7al\u0131\u015facak pillerin elektrik kesintileri s\u0131ras\u0131nda devreye girebilece\u011fini ve depolad\u0131\u011f\u0131 elektri\u011fin jenarat\u00f6r gibi \u00e7al\u0131\u015fabilece\u011fini s\u00f6yledi.<\/p>\n<p style=\"color: #000000;\">Ancak pillerin as\u0131l amac\u0131n\u0131n elektrik da\u011f\u0131t\u0131m \u015febekelerinden uzak yerlere elektrik g\u00f6t\u00fcrmek oldu\u011funu da vurgulayan Musk, \u201cBu pilleri kullananlar da\u011f\u0131t\u0131m \u015febekelerinden tamamen \u00e7\u0131kabilecek. Elektri\u011finizi kendi pilinizle sa\u011flayabileceksiniz\u201d dedi.<br \/>\n\u015eirket bu yaz ev pillerini ABD\u2019de sat\u0131\u015fa \u00e7\u0131karmaya haz\u0131rlan\u0131yor.<\/p>\n<p style=\"color: #000000;\">Yeni bulu\u015fun enerji altyap\u0131s\u0131n\u0131 k\u00f6k\u00fcnden de\u011fi\u015ftirebilece\u011fini savunan Musk, pillerin s\u0131f\u0131r hava kirlili\u011fi yaratt\u0131\u011f\u0131n\u0131 da vurgulad\u0131.<br \/>\n10 y\u0131l garantiye sahip yeni Powerwall \u00fcr\u00fcnlerinin fiyatlar\u0131 ise b\u00fcy\u00fck kapasiteli model i\u00e7in 3500$, k\u00fc\u00e7\u00fck model i\u00e7in ise 3000$ olarak belirlenmi\u015f durumda. 2015 y\u0131l\u0131n\u0131n yaz aylar\u0131nda sat\u0131\u015f\u0131na ba\u015flanacak \u00fcr\u00fcn\u00fcn yayg\u0131nla\u015fmas\u0131 ise 2016 y\u0131l\u0131nda ger\u00e7ekle\u015fecek.<\/p>\n<p><iframe loading=\"lazy\" src=\"https:\/\/www.youtube.com\/embed\/ZVjW9XdPlhg\" width=\"560\" height=\"315\" frameborder=\"0\" allowfullscreen=\"allowfullscreen\"><\/iframe><\/p>\n<p>Kaynak: Enerji Enstit\u00fcs\u00fc<\/p>","protected":false},"excerpt":{"rendered":"<p>Sorry, this entry is only available in Turkish. For the sake of viewer convenience, the content is shown below in the alternative language. You may click the link to switch the active language. Elektrikli ara\u00e7lar\u0131n, sistemlerin yayg\u0131nla\u015fmas\u0131 konusunda en fazla \u00e7al\u0131\u015fma yapan firmalardan biri olan Tesla, ev ve i\u015f yerleri i\u00e7in tasarlad\u0131\u011f\u0131 yeni Powerwall batarya [&hellip;]<\/p>\n","protected":false},"author":1,"featured_media":38844,"comment_status":"open","ping_status":"open","sticky":false,"template":"","format":"standard","meta":[],"categories":[51,53],"tags":[],"views":867,"_links":{"self":[{"href":"https:\/\/www.enerjigazetesi.ist\/en\/wp-json\/wp\/v2\/posts\/38843"}],"collection":[{"href":"https:\/\/www.enerjigazetesi.ist\/en\/wp-json\/wp\/v2\/posts"}],"about":[{"href":"https:\/\/www.enerjigazetesi.ist\/en\/wp-json\/wp\/v2\/types\/post"}],"author":[{"embeddable":true,"href":"https:\/\/www.enerjigazetesi.ist\/en\/wp-json\/wp\/v2\/users\/1"}],"replies":[{"embeddable":true,"href":"https:\/\/www.enerjigazetesi.ist\/en\/wp-json\/wp\/v2\/comments?post=38843"}],"version-history":[{"count":1,"href":"https:\/\/www.enerjigazetesi.ist\/en\/wp-json\/wp\/v2\/posts\/38843\/revisions"}],"predecessor-version":[{"id":38845,"href":"https:\/\/www.enerjigazetesi.ist\/en\/wp-json\/wp\/v2\/posts\/38843\/revisions\/38845"}],"wp:featuredmedia":[{"embeddable":true,"href":"https:\/\/www.enerjigazetesi.ist\/en\/wp-json\/wp\/v2\/media\/38844"}],"wp:attachment":[{"href":"https:\/\/www.enerjigazetesi.ist\/en\/wp-json\/wp\/v2\/media?parent=38843"}],"wp:term":[{"taxonomy":"category","embeddable":true,"href":"https:\/\/www.enerjigazetesi.ist\/en\/wp-json\/wp\/v2\/categories?post=38843"},{"taxonomy":"post_tag","embeddable":true,"href":"https:\/\/www.enerjigazetesi.ist\/en\/wp-json\/wp\/v2\/tags?post=38843"}],"curies":[{"name":"wp","href":"https:\/\/api.w.org\/{rel}","templated":true}]}}