{"id":38840,"date":"2015-05-01T23:04:06","date_gmt":"2015-05-01T20:04:06","guid":{"rendered":"https:\/\/www.enerjigazetesi.ist\/?p=38840"},"modified":"2015-05-23T15:14:05","modified_gmt":"2015-05-23T12:14:05","slug":"koalisyon-gucleri-yemende-petrol-bolgesine-saldirdi","status":"publish","type":"post","link":"https:\/\/www.enerjigazetesi.ist\/en\/koalisyon-gucleri-yemende-petrol-bolgesine-saldirdi\/","title":{"rendered":"(Turkish) Koalisyon G\u00fc\u00e7leri Yemen\u2019de Petrol B\u00f6lgesine Sald\u0131rd\u0131&#8230;"},"content":{"rendered":"<p class=\"qtranxs-available-languages-message qtranxs-available-languages-message-en\">Sorry, this entry is only available in <a href=\"https:\/\/www.enerjigazetesi.ist\/tr\/wp-json\/wp\/v2\/posts\/38840\" class=\"qtranxs-available-language-link qtranxs-available-language-link-tr\" title=\"Turkish\">Turkish<\/a>. For the sake of viewer convenience, the content is shown below in the alternative language. You may click the link to switch the active language.<\/p><p><\/p>\n<p style=\"color: #000000;\"><strong>Suudi Arabistan \u00f6nc\u00fcl\u00fc\u011f\u00fcndeki koalisyon g\u00fc\u00e7leri Ma\u2019rib\u2019te yer alan Safir petrol kuyusu yak\u0131nlar\u0131ndaki hava savunma birliklerine ait m\u00fchimmat\u0131 hedef ald\u0131.<\/strong><\/p>\n<p style=\"color: #000000;\">Suudi Arabistan \u00f6nc\u00fcl\u00fc\u011f\u00fcndeki koalisyon g\u00fc\u00e7lerinin, Yemen\u2019in do\u011fusunda yer alan Ma\u2019rib\u2019teki petrol kuyular\u0131n\u0131n yak\u0131nlar\u0131na y\u00f6nelik hava sald\u0131r\u0131lar\u0131 d\u00fczenledi\u011fi bildirildi.<span id=\"more-71358\"><\/span><\/p>\n<p style=\"color: #000000;\">G\u00f6rg\u00fc tan\u0131klar\u0131ndan al\u0131nan bilgiye g\u00f6re, koalisyon g\u00fc\u00e7leri, Ma\u2019rib\u2019te yer alan Safir petrol kuyusu yak\u0131nlar\u0131ndaki h<a href=\"https:\/\/www.enerjigazetesi.ist\/wp-content\/uploads\/2015\/05\/koalisyon-gucleri-yemende-petrol-bolgesine-saldirdi.jpg\"><img loading=\"lazy\" class=\"alignleft wp-image-38841 size-medium\" src=\"https:\/\/www.enerjigazetesi.ist\/wp-content\/uploads\/2015\/05\/koalisyon-gucleri-yemende-petrol-bolgesine-saldirdi-300x157.jpg\" alt=\"koalisyon-gucleri-yemende-petrol-bolgesine-saldirdi\" width=\"300\" height=\"157\" srcset=\"https:\/\/www.enerjigazetesi.ist\/wp-content\/uploads\/2015\/05\/koalisyon-gucleri-yemende-petrol-bolgesine-saldirdi-300x157.jpg 300w, https:\/\/www.enerjigazetesi.ist\/wp-content\/uploads\/2015\/05\/koalisyon-gucleri-yemende-petrol-bolgesine-saldirdi-500x262.jpg 500w, https:\/\/www.enerjigazetesi.ist\/wp-content\/uploads\/2015\/05\/koalisyon-gucleri-yemende-petrol-bolgesine-saldirdi-80x41.jpg 80w, https:\/\/www.enerjigazetesi.ist\/wp-content\/uploads\/2015\/05\/koalisyon-gucleri-yemende-petrol-bolgesine-saldirdi.jpg 870w\" sizes=\"(max-width: 300px) 100vw, 300px\" \/><\/a>ava savunma birliklerine ait m\u00fchimmat\u0131n hedef al\u0131nd\u0131\u011f\u0131 sald\u0131r\u0131da, roketatarlar kullan\u0131lmaz hale geldi.<br \/>\nYemen\u2019in do\u011fusunda yer alan Ma\u2019rib, \u00fclkenin sahip oldu\u011fu do\u011fal gaz ve petrol yataklar\u0131na ula\u015f\u0131m a\u00e7\u0131s\u0131ndan kritik konumda bulunuyor.<\/p>\n<p style=\"color: #000000;\">\u00d6te yandan \u00fclkenin do\u011fusundaki Hadramevt\u2019te kimli\u011fi belirsiz silahl\u0131 ki\u015filerin, kontrol noktas\u0131na d\u00fczenledi\u011fi sald\u0131r\u0131da bir askerin hayat\u0131n\u0131 kaybetti\u011fi belirtildi.<br \/>\nAskeri kaynaklardan al\u0131nan bilgiye g\u00f6re, Hadramevt\u2019e ba\u011fl\u0131 Terim kentinin bat\u0131 giri\u015findeki kontrol noktas\u0131na silahl\u0131 sald\u0131r\u0131 d\u00fczenlendi. G\u00fcvenlik g\u00fc\u00e7leri ile sald\u0131rganlar aras\u0131nda ya\u015fanan \u00e7at\u0131\u015fmada, bir asker \u00f6ld\u00fc.<br \/>\n\u00dclkedeki Husilerin ilerleyi\u015fini durdurmak i\u00e7in Suudi Arabistan \u00f6nc\u00fcl\u00fc\u011f\u00fcndeki koalisyon, 26 Mart\u2019ta \u201cKararl\u0131l\u0131k F\u0131rt\u0131nas\u0131\u201d adl\u0131 hava harekat\u0131 ba\u015flatm\u0131\u015ft\u0131. Yemen\u2019de Cumhurba\u015fkan\u0131 Abdurabbu Mansur Hadi y\u00f6netiminin m\u00fcdahale \u00e7a\u011fr\u0131s\u0131 \u00fczerine ba\u015flat\u0131lan operasyonun 21 Nisan\u2019da sona erdi\u011fi a\u00e7\u0131klanm\u0131\u015f ve koalisyon g\u00fc\u00e7lerinin s\u00f6zc\u00fcs\u00fc Tu\u011fgeneral Ahmed el-Asiri, Yemen halk\u0131 i\u00e7in art\u0131k \u201cUmuda D\u00f6n\u00fc\u015f\u201d operasyonunun ba\u015flad\u0131\u011f\u0131n\u0131 s\u00f6ylemi\u015fti.<\/p>\n<p style=\"color: #000000;\">Kaynak: Enerji Enstit\u00fcs\u00fc<\/p>\n<p><\/p>","protected":false},"excerpt":{"rendered":"<p>Sorry, this entry is only available in Turkish. For the sake of viewer convenience, the content is shown below in the alternative language. You may click the link to switch the active language. Suudi Arabistan \u00f6nc\u00fcl\u00fc\u011f\u00fcndeki koalisyon g\u00fc\u00e7leri Ma\u2019rib\u2019te yer alan Safir petrol kuyusu yak\u0131nlar\u0131ndaki hava savunma birliklerine ait m\u00fchimmat\u0131 hedef ald\u0131. Suudi Arabistan \u00f6nc\u00fcl\u00fc\u011f\u00fcndeki [&hellip;]<\/p>\n","protected":false},"author":1,"featured_media":38841,"comment_status":"open","ping_status":"open","sticky":false,"template":"","format":"standard","meta":[],"categories":[53,44],"tags":[],"views":682,"_links":{"self":[{"href":"https:\/\/www.enerjigazetesi.ist\/en\/wp-json\/wp\/v2\/posts\/38840"}],"collection":[{"href":"https:\/\/www.enerjigazetesi.ist\/en\/wp-json\/wp\/v2\/posts"}],"about":[{"href":"https:\/\/www.enerjigazetesi.ist\/en\/wp-json\/wp\/v2\/types\/post"}],"author":[{"embeddable":true,"href":"https:\/\/www.enerjigazetesi.ist\/en\/wp-json\/wp\/v2\/users\/1"}],"replies":[{"embeddable":true,"href":"https:\/\/www.enerjigazetesi.ist\/en\/wp-json\/wp\/v2\/comments?post=38840"}],"version-history":[{"count":1,"href":"https:\/\/www.enerjigazetesi.ist\/en\/wp-json\/wp\/v2\/posts\/38840\/revisions"}],"predecessor-version":[{"id":38842,"href":"https:\/\/www.enerjigazetesi.ist\/en\/wp-json\/wp\/v2\/posts\/38840\/revisions\/38842"}],"wp:featuredmedia":[{"embeddable":true,"href":"https:\/\/www.enerjigazetesi.ist\/en\/wp-json\/wp\/v2\/media\/38841"}],"wp:attachment":[{"href":"https:\/\/www.enerjigazetesi.ist\/en\/wp-json\/wp\/v2\/media?parent=38840"}],"wp:term":[{"taxonomy":"category","embeddable":true,"href":"https:\/\/www.enerjigazetesi.ist\/en\/wp-json\/wp\/v2\/categories?post=38840"},{"taxonomy":"post_tag","embeddable":true,"href":"https:\/\/www.enerjigazetesi.ist\/en\/wp-json\/wp\/v2\/tags?post=38840"}],"curies":[{"name":"wp","href":"https:\/\/api.w.org\/{rel}","templated":true}]}}