{"id":38837,"date":"2015-05-01T21:30:17","date_gmt":"2015-05-01T18:30:17","guid":{"rendered":"https:\/\/www.enerjigazetesi.ist\/?p=38837"},"modified":"2015-05-23T15:14:14","modified_gmt":"2015-05-23T12:14:14","slug":"ukraynanin-cernobil-ormanlarindaki-yangin-kontrol-altina-alindi","status":"publish","type":"post","link":"https:\/\/www.enerjigazetesi.ist\/en\/ukraynanin-cernobil-ormanlarindaki-yangin-kontrol-altina-alindi\/","title":{"rendered":"(Turkish) Ukrayna\u2019n\u0131n \u00c7ernobil Ormanlar\u0131ndaki Yang\u0131n Kontrol Alt\u0131na Al\u0131nd\u0131!"},"content":{"rendered":"<p class=\"qtranxs-available-languages-message qtranxs-available-languages-message-en\">Sorry, this entry is only available in <a href=\"https:\/\/www.enerjigazetesi.ist\/tr\/wp-json\/wp\/v2\/posts\/38837\" class=\"qtranxs-available-language-link qtranxs-available-language-link-tr\" title=\"Turkish\">Turkish<\/a>. For the sake of viewer convenience, the content is shown below in the alternative language. You may click the link to switch the active language.<\/p><p><\/p>\n<p style=\"color: #000000;\"><strong>Ukrayna\u2019n\u0131n \u00c7ernobil ormanlar\u0131nda g\u00fcnlerdir devam eden ve n\u00fckleer santrale s\u0131\u00e7ramas\u0131ndan endi\u015fe edilen yang\u0131n yo\u011fun \u00e7abalar\u0131n ard\u0131ndan kontrol alt\u0131na al\u0131nd\u0131.<\/strong><\/p>\n<p style=\"color: #000000;\">\u00c7ernobil N\u00fckleer Santrali yak\u0131nlar\u0131nda \u00e7\u0131kan orman yang\u0131n\u0131n durduruldu\u011fu ve santral i\u00e7in her hangi bir tehlike olu\u015fturmayan yang\u0131n\u0131n iki g\u00fcn i\u00e7inde tamamen s\u00f6nd\u00fcr\u00fclece\u011fi belirtildi.<span id=\"more-71357\"><\/span>\u00a0Ukrayna Acil Durumlar Kurumu yetkilisi Nikolay \u00c7e\u00e7e<a href=\"https:\/\/www.enerjigazetesi.ist\/wp-content\/uploads\/2015\/05\/ukraynanin-cernobil-ormanlarindaki-yangin-kontrol-altina-alindi.jpg\"><img loading=\"lazy\" class=\"alignright size-medium wp-image-38838\" src=\"https:\/\/www.enerjigazetesi.ist\/wp-content\/uploads\/2015\/05\/ukraynanin-cernobil-ormanlarindaki-yangin-kontrol-altina-alindi-300x168.jpg\" alt=\"ukraynanin-cernobil-ormanlarindaki-yangin-kontrol-altina-alindi\" width=\"300\" height=\"168\" srcset=\"https:\/\/www.enerjigazetesi.ist\/wp-content\/uploads\/2015\/05\/ukraynanin-cernobil-ormanlarindaki-yangin-kontrol-altina-alindi-300x168.jpg 300w, https:\/\/www.enerjigazetesi.ist\/wp-content\/uploads\/2015\/05\/ukraynanin-cernobil-ormanlarindaki-yangin-kontrol-altina-alindi-500x280.jpg 500w, https:\/\/www.enerjigazetesi.ist\/wp-content\/uploads\/2015\/05\/ukraynanin-cernobil-ormanlarindaki-yangin-kontrol-altina-alindi-80x44.jpg 80w, https:\/\/www.enerjigazetesi.ist\/wp-content\/uploads\/2015\/05\/ukraynanin-cernobil-ormanlarindaki-yangin-kontrol-altina-alindi.jpg 788w\" sizes=\"(max-width: 300px) 100vw, 300px\" \/><\/a>tkin\u2019in konuyla ilgili olarak yapt\u0131\u011f\u0131 a\u00e7\u0131klamada, itfaiye ekiplerinin \u00c7ernobil ormanlar\u0131ndaki yang\u0131n\u0131 durdurdu\u011funu ve \u015fu anda santral i\u00e7in her hangi bir tehlike olu\u015fturmad\u0131\u011f\u0131n\u0131 kaydederek, b\u00f6lgedeki radyasyon oran\u0131nda da her hangi bir de\u011fi\u015fikli\u011fin g\u00f6zlenmedi\u011fini, durumun normal oldu\u011funu s\u00f6yledi.<\/p>\n<p style=\"color: #000000;\">Yang\u0131n\u0131n \u00e7\u0131kt\u0131\u011f\u0131 ormanda yang\u0131n\u0131 k\u00f6r\u00fckleyecek ocaklar\u0131n tamamen s\u00f6nd\u00fcr\u00fcld\u00fc\u011f\u00fcn\u00fc belirten \u00c7e\u00e7etkin, \u015fu anda sadece orman\u0131n k\u00fc\u00e7\u00fck bir k\u0131sm\u0131nda lokal olarak \u00e7imlerin yanmaya devam etti\u011fini, ancak bunun yang\u0131n\u0131n yeniden alevlenmesine yol a\u00e7mayaca\u011f\u0131n\u0131 ifade etti.<\/p>\n<p style=\"color: #000000;\">\u00c7e\u00e7etkin, itfaiye ekiplerinin b\u00f6lgede yo\u011fun olarak \u00e7al\u0131\u015fmaya devam ettiklerini kaydederek, \u201c2 g\u00fcn i\u00e7erisinde \u00c7ernobil ormanlar\u0131ndaki yang\u0131n\u0131 tamamen s\u00f6nd\u00fcreceklerini\u201d belirtti.<\/p>\n<p style=\"color: #000000;\">Acil Durumlar Kurumu\u2019ndan daha \u00f6nce yap\u0131lan a\u00e7\u0131klamada, \u00c7ernobil N\u00fckleer Santrali yak\u0131n\u0131ndaki 320 hektarl\u0131k ormanda \u00e7\u0131kan yang\u0131n\u0131 s\u00f6nd\u00fcrmek i\u00e7in 3 itfaiye u\u00e7a\u011f\u0131, 2 helikopter, 51 ara\u00e7 ve 305 itfaiyecinin seferber edildi\u011fi belirtilmi\u015fti.<\/p>\n<p style=\"color: #000000;\">\u0130\u00e7i\u015fleri Bakan\u0131 Arsen Avakov da, daha \u00f6nce yapt\u0131\u011f\u0131 a\u00e7\u0131klamada, yang\u0131n\u0131n n\u00fckleer santrale 20 kilometre, radyasyon at\u0131klar\u0131n\u0131n g\u00f6m\u00fcld\u00fc\u011f\u00fc yere ise 5 kilometre mesafede durduruldu\u011funu a\u00e7\u0131klam\u0131\u015ft\u0131.<\/p>\n<p style=\"color: #000000;\">\u00c7ernobil N\u00fckleer Santrali\u2019nde, 26 Nisan 1986\u2019da ya\u015fanan b\u00fcy\u00fck kazan\u0131n ard\u0131ndan ortaya \u00e7\u0131kan radyasyon s\u0131z\u0131nt\u0131s\u0131 santral \u00e7al\u0131\u015fanlar\u0131 ve \u00e7evreyi b\u00fcy\u00fck \u00f6l\u00e7\u00fcde etkilemi\u015fti.<\/p>\n<p style=\"color: #000000;\">Kaynak: Enerji Enstit\u00fcs\u00fc<\/p>\n<p><\/p>","protected":false},"excerpt":{"rendered":"<p>Sorry, this entry is only available in Turkish. For the sake of viewer convenience, the content is shown below in the alternative language. You may click the link to switch the active language. Ukrayna\u2019n\u0131n \u00c7ernobil ormanlar\u0131nda g\u00fcnlerdir devam eden ve n\u00fckleer santrale s\u0131\u00e7ramas\u0131ndan endi\u015fe edilen yang\u0131n yo\u011fun \u00e7abalar\u0131n ard\u0131ndan kontrol alt\u0131na al\u0131nd\u0131. \u00c7ernobil N\u00fckleer Santrali [&hellip;]<\/p>\n","protected":false},"author":1,"featured_media":38838,"comment_status":"open","ping_status":"open","sticky":false,"template":"","format":"standard","meta":[],"categories":[53,43],"tags":[],"views":1068,"_links":{"self":[{"href":"https:\/\/www.enerjigazetesi.ist\/en\/wp-json\/wp\/v2\/posts\/38837"}],"collection":[{"href":"https:\/\/www.enerjigazetesi.ist\/en\/wp-json\/wp\/v2\/posts"}],"about":[{"href":"https:\/\/www.enerjigazetesi.ist\/en\/wp-json\/wp\/v2\/types\/post"}],"author":[{"embeddable":true,"href":"https:\/\/www.enerjigazetesi.ist\/en\/wp-json\/wp\/v2\/users\/1"}],"replies":[{"embeddable":true,"href":"https:\/\/www.enerjigazetesi.ist\/en\/wp-json\/wp\/v2\/comments?post=38837"}],"version-history":[{"count":1,"href":"https:\/\/www.enerjigazetesi.ist\/en\/wp-json\/wp\/v2\/posts\/38837\/revisions"}],"predecessor-version":[{"id":38839,"href":"https:\/\/www.enerjigazetesi.ist\/en\/wp-json\/wp\/v2\/posts\/38837\/revisions\/38839"}],"wp:featuredmedia":[{"embeddable":true,"href":"https:\/\/www.enerjigazetesi.ist\/en\/wp-json\/wp\/v2\/media\/38838"}],"wp:attachment":[{"href":"https:\/\/www.enerjigazetesi.ist\/en\/wp-json\/wp\/v2\/media?parent=38837"}],"wp:term":[{"taxonomy":"category","embeddable":true,"href":"https:\/\/www.enerjigazetesi.ist\/en\/wp-json\/wp\/v2\/categories?post=38837"},{"taxonomy":"post_tag","embeddable":true,"href":"https:\/\/www.enerjigazetesi.ist\/en\/wp-json\/wp\/v2\/tags?post=38837"}],"curies":[{"name":"wp","href":"https:\/\/api.w.org\/{rel}","templated":true}]}}