{"id":38829,"date":"2015-05-01T21:21:20","date_gmt":"2015-05-01T18:21:20","guid":{"rendered":"https:\/\/www.enerjigazetesi.ist\/?p=38829"},"modified":"2015-05-23T15:14:28","modified_gmt":"2015-05-23T12:14:28","slug":"eldernihat-ozdemir-elektrik-dagitimi-3-yilda-akilli-olur","status":"publish","type":"post","link":"https:\/\/www.enerjigazetesi.ist\/en\/eldernihat-ozdemir-elektrik-dagitimi-3-yilda-akilli-olur\/","title":{"rendered":"(Turkish) ELDER\/Nihat \u00d6zdemir: \u201cElektrik Da\u011f\u0131t\u0131m\u0131 3 Y\u0131lda Ak\u0131ll\u0131 Olur!\u201d"},"content":{"rendered":"<p class=\"qtranxs-available-languages-message qtranxs-available-languages-message-en\">Sorry, this entry is only available in <a href=\"https:\/\/www.enerjigazetesi.ist\/tr\/wp-json\/wp\/v2\/posts\/38829\" class=\"qtranxs-available-language-link qtranxs-available-language-link-tr\" title=\"Turkish\">Turkish<\/a>. For the sake of viewer convenience, the content is shown below in the alternative language. You may click the link to switch the active language.<\/p><p><strong><span style=\"color: #000000;\">Elektrik Da\u011f\u0131t\u0131m Hizmetleri Derne\u011fi (ELDER) Y\u00f6netim Kurulu Ba\u015fkan\u0131 Nihat \u00d6zdemir, ak\u0131ll\u0131 \u015febeke sistemlerine ge\u00e7i\u015fin zorunlu oldu\u011funu s\u00f6yledi. <\/span><\/strong><\/p>\n<p>EPDK ba\u015fta olmak \u00fczere, TEDA\u015e, TE\u0130A\u015e ve BTK koordinasyonunda bir yol haritas\u0131yla, ge\u00e7i\u015fin y\u0131llar i\u00e7inde pl<a href=\"https:\/\/www.enerjigazetesi.ist\/wp-content\/uploads\/2015\/05\/eldernihat-ozdemir-elektrik-dagitimi-3-yilda-akilli-olur.jpg\"><img loading=\"lazy\" class=\"alignright size-medium wp-image-38830\" src=\"https:\/\/www.enerjigazetesi.ist\/wp-content\/uploads\/2015\/05\/eldernihat-ozdemir-elektrik-dagitimi-3-yilda-akilli-olur-300x168.jpg\" alt=\"eldernihat-ozdemir-elektrik-dagitimi-3-yilda-akilli-olur\" width=\"300\" height=\"168\" srcset=\"https:\/\/www.enerjigazetesi.ist\/wp-content\/uploads\/2015\/05\/eldernihat-ozdemir-elektrik-dagitimi-3-yilda-akilli-olur-300x168.jpg 300w, https:\/\/www.enerjigazetesi.ist\/wp-content\/uploads\/2015\/05\/eldernihat-ozdemir-elektrik-dagitimi-3-yilda-akilli-olur-500x280.jpg 500w, https:\/\/www.enerjigazetesi.ist\/wp-content\/uploads\/2015\/05\/eldernihat-ozdemir-elektrik-dagitimi-3-yilda-akilli-olur-80x44.jpg 80w, https:\/\/www.enerjigazetesi.ist\/wp-content\/uploads\/2015\/05\/eldernihat-ozdemir-elektrik-dagitimi-3-yilda-akilli-olur.jpg 788w\" sizes=\"(max-width: 300px) 100vw, 300px\" \/><\/a>anlanmas\u0131 gerekti\u011fine i\u015faret eden \u00d6zdemir,\u00a0\u201cE\u011fer gerekli \u00f6denekleri sa\u011flayabilirsek ve bunlar\u0131n finansmanlar\u0131n\u0131 \u00e7\u00f6zebilirsek T\u00fcrkiye\u2019deki t\u00fcm elektrik da\u011f\u0131t\u0131m sistemini 2018\u2019in sonuna do\u011fru ak\u0131ll\u0131 \u015febekeler haline getirebiliriz\u201d dedi.<\/p>\n<p>Bu y\u0131l \u00fc\u00e7\u00fcnc\u00fcs\u00fc d\u00fczenlenen Uluslararas\u0131 \u0130stanbul Ak\u0131ll\u0131 \u015eebekeler Kongre ve Fuar\u0131 kapsam\u0131nda Ak\u0131ll\u0131 \u015eebeke Sistemlerine Ge\u00e7i\u015f konulu CEO Paneli\u2019nde konu\u015fmac\u0131 olarak yer alan \u00d6zdemir, T\u00fcrkiye\u2019de elektrik da\u011f\u0131t\u0131m sistemlerinin \u00f6zelle\u015ftirmesi sonras\u0131nda yap\u0131lan yat\u0131r\u0131mlarla ilgili \u015fu bilgileri verdi: \u201c2013 y\u0131l\u0131 sonunda 21 b\u00f6lgenin \u00f6zelle\u015ftirmesinin ba\u015far\u0131l\u0131 bir \u015fekilde tamamland\u0131. Bundan elde edilen 13.5 milyar dolarl\u0131k gelir de \u00fclke ekonomisine kazand\u0131r\u0131ld\u0131. Kay\u0131p ka\u00e7ak oranlar\u0131 ise \u00f6zelle\u015ftirme sonras\u0131 \u00fc\u00e7 b\u00f6lge haricinde y\u00fczde 10\u2019un alt\u0131na d\u00fc\u015ft\u00fc.\u201d<\/p>\n<p>Kaynak: Enerji Enstit\u00fcs\u00fc<\/p>","protected":false},"excerpt":{"rendered":"<p>Sorry, this entry is only available in Turkish. For the sake of viewer convenience, the content is shown below in the alternative language. You may click the link to switch the active language.Elektrik Da\u011f\u0131t\u0131m Hizmetleri Derne\u011fi (ELDER) Y\u00f6netim Kurulu Ba\u015fkan\u0131 Nihat \u00d6zdemir, ak\u0131ll\u0131 \u015febeke sistemlerine ge\u00e7i\u015fin zorunlu oldu\u011funu s\u00f6yledi. EPDK ba\u015fta olmak \u00fczere, TEDA\u015e, TE\u0130A\u015e [&hellip;]<\/p>\n","protected":false},"author":1,"featured_media":38830,"comment_status":"open","ping_status":"open","sticky":false,"template":"","format":"standard","meta":[],"categories":[51,53],"tags":[],"views":1047,"_links":{"self":[{"href":"https:\/\/www.enerjigazetesi.ist\/en\/wp-json\/wp\/v2\/posts\/38829"}],"collection":[{"href":"https:\/\/www.enerjigazetesi.ist\/en\/wp-json\/wp\/v2\/posts"}],"about":[{"href":"https:\/\/www.enerjigazetesi.ist\/en\/wp-json\/wp\/v2\/types\/post"}],"author":[{"embeddable":true,"href":"https:\/\/www.enerjigazetesi.ist\/en\/wp-json\/wp\/v2\/users\/1"}],"replies":[{"embeddable":true,"href":"https:\/\/www.enerjigazetesi.ist\/en\/wp-json\/wp\/v2\/comments?post=38829"}],"version-history":[{"count":2,"href":"https:\/\/www.enerjigazetesi.ist\/en\/wp-json\/wp\/v2\/posts\/38829\/revisions"}],"predecessor-version":[{"id":38835,"href":"https:\/\/www.enerjigazetesi.ist\/en\/wp-json\/wp\/v2\/posts\/38829\/revisions\/38835"}],"wp:featuredmedia":[{"embeddable":true,"href":"https:\/\/www.enerjigazetesi.ist\/en\/wp-json\/wp\/v2\/media\/38830"}],"wp:attachment":[{"href":"https:\/\/www.enerjigazetesi.ist\/en\/wp-json\/wp\/v2\/media?parent=38829"}],"wp:term":[{"taxonomy":"category","embeddable":true,"href":"https:\/\/www.enerjigazetesi.ist\/en\/wp-json\/wp\/v2\/categories?post=38829"},{"taxonomy":"post_tag","embeddable":true,"href":"https:\/\/www.enerjigazetesi.ist\/en\/wp-json\/wp\/v2\/tags?post=38829"}],"curies":[{"name":"wp","href":"https:\/\/api.w.org\/{rel}","templated":true}]}}