{"id":38826,"date":"2015-05-01T21:18:03","date_gmt":"2015-05-01T18:18:03","guid":{"rendered":"https:\/\/www.enerjigazetesi.ist\/?p=38826"},"modified":"2015-05-23T15:14:34","modified_gmt":"2015-05-23T12:14:34","slug":"elektrik-faturalarina-suriyeli-zammi","status":"publish","type":"post","link":"https:\/\/www.enerjigazetesi.ist\/en\/elektrik-faturalarina-suriyeli-zammi\/","title":{"rendered":"(Turkish) Elektrik Faturalar\u0131na \u2018Suriyeli\u2019 Zamm\u0131&#8230;"},"content":{"rendered":"<p class=\"qtranxs-available-languages-message qtranxs-available-languages-message-en\">Sorry, this entry is only available in <a href=\"https:\/\/www.enerjigazetesi.ist\/tr\/wp-json\/wp\/v2\/posts\/38826\" class=\"qtranxs-available-language-link qtranxs-available-language-link-tr\" title=\"Turkish\">Turkish<\/a>. For the sake of viewer convenience, the content is shown below in the alternative language. You may click the link to switch the active language.<\/p><p><\/p>\n<p style=\"color: #000000;\"><strong>Bir elektrik da\u011f\u0131t\u0131m \u015firketi, kay\u0131p-ka\u00e7akta Suriyelilerin etkisiyle art\u0131\u015f oldu\u011funu belirtip EPDK\u2019ya ba\u015fvurdu. EPDK, \u015firketin faturalara zam yapmas\u0131na izin verdi.<\/strong><\/p>\n<p style=\"color: #000000;\">Toroslar Elektrik Da\u011f\u0131t\u0131m A\u015e Suriyeliler nedeniyle kay\u0131p ka\u00e7ak\u0131n art\u0131\u011f\u0131 \u015fikayeti ile EPDK\u2019ya ba\u015fvurdu. <a href=\"https:\/\/www.enerjigazetesi.ist\/wp-content\/uploads\/2015\/05\/elektrik-faturalarina-suriyeli-zammi.jpg\"><img loading=\"lazy\" class=\"alignleft wp-image-38827 size-medium\" src=\"https:\/\/www.enerjigazetesi.ist\/wp-content\/uploads\/2015\/05\/elektrik-faturalarina-suriyeli-zammi-300x168.jpg\" alt=\"elektrik-faturalarina-suriyeli-zammi\" width=\"300\" height=\"168\" srcset=\"https:\/\/www.enerjigazetesi.ist\/wp-content\/uploads\/2015\/05\/elektrik-faturalarina-suriyeli-zammi-300x168.jpg 300w, https:\/\/www.enerjigazetesi.ist\/wp-content\/uploads\/2015\/05\/elektrik-faturalarina-suriyeli-zammi-500x281.jpg 500w, https:\/\/www.enerjigazetesi.ist\/wp-content\/uploads\/2015\/05\/elektrik-faturalarina-suriyeli-zammi-80x45.jpg 80w, https:\/\/www.enerjigazetesi.ist\/wp-content\/uploads\/2015\/05\/elektrik-faturalarina-suriyeli-zammi.jpg 640w\" sizes=\"(max-width: 300px) 100vw, 300px\" \/><\/a>Kurul kay\u0131p ka\u00e7ak bedelinin telafisi i\u00e7in \u015firketin faturalara zam yapmas\u0131n\u0131 onaylad\u0131.<span id=\"more-71352\"><\/span><\/p>\n<p style=\"color: #000000;\"><strong>SUR\u0130YEL\u0130LER KAYIP KA\u00c7A\u011eI ARTTIRDI<\/strong><\/p>\n<p style=\"color: #000000;\">EPDK Toroslar Elektrik Da\u011f\u0131t\u0131m A\u015e\u2019nin kontrol\u00fcnde bulunan Gaziantep, Kilis, Hatay, Mersin, Adana ve Osmaniye\u2019de Suriyeliler nedeniyle elektrikte kay\u0131p-ka\u00e7ak oranlar\u0131n\u0131n artt\u0131\u011f\u0131na h\u00fckmetti. \u015eirketin, 2013 ve 2014 y\u0131llar\u0131 kay\u0131p-ka\u00e7ak hedeflerinin 1\u2019er puan (ve biraz \u00fcst\u00fcnde) art\u0131r\u0131lmas\u0131na karar verildi. Bu karar\u0131n \u015firkete pozitif etkisinin 65 milyon TL olaca\u011f\u0131 hesaplan\u0131yor. \u015eirket, EPDK karar\u0131 \u00e7er\u00e7evesinde bu tutar\u0131 tarifeler \u00fczerinden tahsil edecek.<\/p>\n<p style=\"color: #000000;\"><strong>\u2018ABONEL\u0130K \u0130\u015eLEMLER\u0130NDE SORUN VAR\u2019<\/strong><\/p>\n<p style=\"color: #000000;\">Suriye\u2019de ya\u015fanan i\u00e7 sava\u015f nedeniyle 2 milyona yak\u0131n Suriyeli, T\u00fcrkiye\u2019ye geldi. Suriyelilerin \u00f6nemli bir b\u00f6l\u00fcm\u00fc, Toroslar Elektrik Da\u011f\u0131t\u0131m A\u015e\u2019nin kontrol\u00fcndeki Gaziantep, Kilis, Hatay, Mersin, Adana ve Osmaniye\u2019de ya\u015fam\u0131n\u0131 s\u00fcrd\u00fcr\u00fcyor. Suriyeliler i\u00e7in olu\u015fturulan kamplarda elektrik t\u00fcketimleri \u00f6l\u00e7\u00fcl\u00fcyor ve faturalar d\u00fczenli \u00f6deniyor. Toroslar Elektrik Da\u011f\u0131t\u0131m A\u015e, kamp d\u0131\u015f\u0131nda ya\u015fayan Suriyelilerden baz\u0131lar\u0131n\u0131n abonelik i\u015flemlerinde sorun oldu\u011funu, bu nedenle ka\u00e7ak t\u00fcketimin ve teknik kay\u0131plar\u0131n artt\u0131\u011f\u0131n\u0131 belirtti. \u015eirket, EPDK\u2019ya ba\u015fvurarak, Suriyeli etkisinin kay\u0131p-ka\u00e7ak art\u0131\u015f\u0131nda \u2018m\u00fccbir sebep\u2019 kabul edilmesini, EPDK taraf\u0131ndan konulan kay\u0131p-ka\u00e7ak hedeflerinin yenilenmesini ve art\u0131r\u0131lmas\u0131n\u0131 istedi. EPDK uzmanlar\u0131, b\u00f6lgede inceleme yapt\u0131. Kurul, \u015firketin 2013 ve 2014 y\u0131l\u0131 kay\u0131p ka\u00e7ak hedefini, 1\u2019er puan d\u00fczeyinde art\u0131rd\u0131.<\/p>\n<p style=\"color: #000000;\"><strong>ANTEP VE K\u0130L\u0130S\u2019TE KESK\u0130N ARTI\u015e G\u00d6R\u00dcLD\u00dc<\/strong><\/p>\n<p style=\"color: #000000;\">Enerji y\u00f6netimi kaynaklar\u0131ndan al\u0131nan bilgiye g\u00f6re kay\u0131p-ka\u00e7ak Gaziantep\u2019te y\u00fczde 7\u2019den y\u00fczde 12\u2019ye, Osmaniye\u2019de y\u00fczde 7\u2019den y\u00fczde 10\u2019a, Kilis\u2019te y\u00fczde 10\u2019dan y\u00fczde 15\u2019e \u00e7\u0131kt\u0131.<\/p>\n<p style=\"color: #000000;\">Kaynak: Enerji Enstit\u00fcs\u00fc<\/p>\n<p style=\"color: #000000;\">\n<p><\/p>","protected":false},"excerpt":{"rendered":"<p>Sorry, this entry is only available in Turkish. For the sake of viewer convenience, the content is shown below in the alternative language. You may click the link to switch the active language. Bir elektrik da\u011f\u0131t\u0131m \u015firketi, kay\u0131p-ka\u00e7akta Suriyelilerin etkisiyle art\u0131\u015f oldu\u011funu belirtip EPDK\u2019ya ba\u015fvurdu. EPDK, \u015firketin faturalara zam yapmas\u0131na izin verdi. Toroslar Elektrik Da\u011f\u0131t\u0131m [&hellip;]<\/p>\n","protected":false},"author":1,"featured_media":38827,"comment_status":"open","ping_status":"open","sticky":false,"template":"","format":"standard","meta":[],"categories":[51,53],"tags":[],"views":744,"_links":{"self":[{"href":"https:\/\/www.enerjigazetesi.ist\/en\/wp-json\/wp\/v2\/posts\/38826"}],"collection":[{"href":"https:\/\/www.enerjigazetesi.ist\/en\/wp-json\/wp\/v2\/posts"}],"about":[{"href":"https:\/\/www.enerjigazetesi.ist\/en\/wp-json\/wp\/v2\/types\/post"}],"author":[{"embeddable":true,"href":"https:\/\/www.enerjigazetesi.ist\/en\/wp-json\/wp\/v2\/users\/1"}],"replies":[{"embeddable":true,"href":"https:\/\/www.enerjigazetesi.ist\/en\/wp-json\/wp\/v2\/comments?post=38826"}],"version-history":[{"count":1,"href":"https:\/\/www.enerjigazetesi.ist\/en\/wp-json\/wp\/v2\/posts\/38826\/revisions"}],"predecessor-version":[{"id":38828,"href":"https:\/\/www.enerjigazetesi.ist\/en\/wp-json\/wp\/v2\/posts\/38826\/revisions\/38828"}],"wp:featuredmedia":[{"embeddable":true,"href":"https:\/\/www.enerjigazetesi.ist\/en\/wp-json\/wp\/v2\/media\/38827"}],"wp:attachment":[{"href":"https:\/\/www.enerjigazetesi.ist\/en\/wp-json\/wp\/v2\/media?parent=38826"}],"wp:term":[{"taxonomy":"category","embeddable":true,"href":"https:\/\/www.enerjigazetesi.ist\/en\/wp-json\/wp\/v2\/categories?post=38826"},{"taxonomy":"post_tag","embeddable":true,"href":"https:\/\/www.enerjigazetesi.ist\/en\/wp-json\/wp\/v2\/tags?post=38826"}],"curies":[{"name":"wp","href":"https:\/\/api.w.org\/{rel}","templated":true}]}}