{"id":38823,"date":"2015-05-01T21:13:18","date_gmt":"2015-05-01T18:13:18","guid":{"rendered":"https:\/\/www.enerjigazetesi.ist\/?p=38823"},"modified":"2015-05-23T15:14:40","modified_gmt":"2015-05-23T12:14:40","slug":"tapin-ucuncu-enerji-paketinden-muafiyet-suresi-uzatildi","status":"publish","type":"post","link":"https:\/\/www.enerjigazetesi.ist\/en\/tapin-ucuncu-enerji-paketinden-muafiyet-suresi-uzatildi\/","title":{"rendered":"(Turkish) TAP\u2019\u0131n \u00dc\u00e7\u00fcnc\u00fc Enerji Paketi\u2019nden Muafiyet S\u00fcresi Uzat\u0131ld\u0131!"},"content":{"rendered":"<p class=\"qtranxs-available-languages-message qtranxs-available-languages-message-en\">Sorry, this entry is only available in <a href=\"https:\/\/www.enerjigazetesi.ist\/tr\/wp-json\/wp\/v2\/posts\/38823\" class=\"qtranxs-available-language-link qtranxs-available-language-link-tr\" title=\"Turkish\">Turkish<\/a>. For the sake of viewer convenience, the content is shown below in the alternative language. You may click the link to switch the active language.<\/p><p><\/p>\n<p style=\"color: #000000;\"><strong>G\u00fcney Gaz Koridoru\u2019nun Avrupa\u2019daki b\u00f6l\u00fcm\u00fc ve Azeri gaz\u0131n\u0131 Avrupa\u2019ya ta\u015f\u0131yacak olan Trans-Adriyatik Boru Hatt\u0131 (TAP) projesinin borular\u0131na \u00fc\u00e7\u00fcnc\u00fc taraflar\u0131n eri\u015fimiyle ilgili kurallarda tan\u0131nan muafiyetin s\u00fcresi uzat\u0131ld\u0131.<\/strong><span id=\"more-71348\"><\/span><\/p>\n<p style=\"color: #000000;\">TAP\u2019a ev sahipli\u011fi yapan \u00fclkeler Yunanistan, \u0130talya ve Arnavutluk\u2019daki d\u00fczenleyici kurulu\u015flar \u00c7ar\u015famba g\u00fcn\u00fc, TAP\u2019\u0131n AB Gaz Direktifi\u2019nin baz\u0131 maddelerinden muafiyet s\u00fcresinin uzat\u0131lmas\u0131 y\u00f6n\u00fcnde ortak bir g\u00f6r\u00fc\u015f yay\u0131nlad\u0131.<a href=\"https:\/\/www.enerjigazetesi.ist\/wp-content\/uploads\/2015\/05\/tapin-ucuncu-enerji-paketinden-muafiyet-suresi-uzatildi.jpg\"><img loading=\"lazy\" class=\"alignright size-medium wp-image-38824\" src=\"https:\/\/www.enerjigazetesi.ist\/wp-content\/uploads\/2015\/05\/tapin-ucuncu-enerji-paketinden-muafiyet-suresi-uzatildi-300x153.jpg\" alt=\"tapin-ucuncu-enerji-paketinden-muafiyet-suresi-uzatildi\" width=\"300\" height=\"153\" srcset=\"https:\/\/www.enerjigazetesi.ist\/wp-content\/uploads\/2015\/05\/tapin-ucuncu-enerji-paketinden-muafiyet-suresi-uzatildi-300x153.jpg 300w, https:\/\/www.enerjigazetesi.ist\/wp-content\/uploads\/2015\/05\/tapin-ucuncu-enerji-paketinden-muafiyet-suresi-uzatildi-500x255.jpg 500w, https:\/\/www.enerjigazetesi.ist\/wp-content\/uploads\/2015\/05\/tapin-ucuncu-enerji-paketinden-muafiyet-suresi-uzatildi-80x40.jpg 80w, https:\/\/www.enerjigazetesi.ist\/wp-content\/uploads\/2015\/05\/tapin-ucuncu-enerji-paketinden-muafiyet-suresi-uzatildi.jpg 600w\" sizes=\"(max-width: 300px) 100vw, 300px\" \/><\/a><\/p>\n<p style=\"color: #000000;\">Daha \u00f6nce Enerji Toplulu\u011fu Sekreterli\u011fi\u2019nden de olumlu bir g\u00f6r\u00fc\u015f ve Avrupa Komisyonu\u2019ndan da onay gelmi\u015fti. Ortak g\u00f6r\u00fc\u015f, TAP\u2019\u0131n ev sahibi \u00fclkelerinin ulusal kararlar\u0131nda da yer buldu.<\/p>\n<p style=\"color: #000000;\">Avrupa Birli\u011fi i\u00e7 pazar kurallar\u0131 ilkesel olarak \u00fc\u00e7\u00fcnc\u00fc taraflar\u0131n, do\u011falgaz boru hatlar\u0131 da dahil olmak \u00fczere t\u00fcm enerji altyap\u0131s\u0131na eri\u015fimini \u015fart ko\u015fuyor. Ancak Komisyon\u2019a g\u00f6re TAP bir ticari giri\u015fim ve projenin ge\u00e7ti\u011fi \u00fclkelerden hi\u00e7biri taraf\u0131ndan empoze edilmi\u015f veya onlarla b\u00fct\u00fcnle\u015fmi\u015f de\u011fil. Buna g\u00f6re hissedarlar bu t\u00fcr projelere ancak potansiyel risklerin azami \u00f6l\u00e7\u00fcde kar\u015f\u0131lanm\u0131\u015f olmas\u0131 halinde yat\u0131r\u0131m yap\u0131yor. AB kurallar\u0131ndan muafiyetler \u00f6zel yat\u0131r\u0131mc\u0131lar\u0131 belli risklerden koruyarak, bu muafiyetler s\u00f6z konusu olmazsa uygulanamayacak projeleri uygulanabilir hale getiriyor.<\/p>\n<p style=\"color: #000000;\">TAP\u2019a 2013 y\u0131l\u0131nda AB Gaz Direktifi\u2019nin belli maddelerinden muafiyet tan\u0131nm\u0131\u015ft\u0131. Bunlar\u0131n aras\u0131nda Azerbaycan\u2019\u0131n \u015eahdeniz do\u011falgaz\u0131n\u0131n sat\u0131\u015f\u0131na ili\u015fkin 25 y\u0131l\u0131 kapsayan anla\u015fmalar\u0131 \u00e7er\u00e7evesinde ilk a\u015famada sa\u011flanacak 10 milyar metrek\u00fcple ilgili olarak, \u00fc\u00e7\u00fcnc\u00fc taraflar\u0131n eri\u015fimine getirilen muafiyet de yer al\u0131yor.<\/p>\n<p style=\"color: #000000;\">2013 y\u0131l\u0131nda tan\u0131nan muafiyetin, boru hatt\u0131 in\u015faat\u0131n\u0131n 16 May\u0131s 2016\u2019ya kadar ba\u015flamamas\u0131 ve 1 Ocak 2019\u2019a kadar faaliyete ge\u00e7memesi halinde ge\u00e7erlili\u011fini kaybetmesi \u00f6ng\u00f6r\u00fclm\u00fc\u015ft\u00fc.<\/p>\n<h2 style=\"color: #232323;\">\u0130ki y\u0131l gecikme<\/h2>\n<p style=\"color: #000000;\">Hazar Denizi\u2019ndeki do\u011falgaz\u0131 \u00e7\u0131karacak olan \u015eahdeniz konsorsiyumu ise TAP\u2019a operasyonla ilgili yeni, 1 Ocak-31 Aral\u0131k 2020 tarihlerini kapsayan bir takvim verdi.<\/p>\n<p style=\"color: #000000;\">Bunun sonucu olarak Komisyon\u2019un yeni karar\u0131nda muafiyetin, TAP\u2019\u0131n in\u015faat\u0131n\u0131n 16 May\u0131s 2016\u2019ya kadar ba\u015flamamas\u0131 ve altyap\u0131 projesinin 31 Aral\u0131k 2020\u2019ye kadar tamamlanmamas\u0131 halinde ge\u00e7ersiz olaca\u011f\u0131 yer al\u0131yor. Bu da esasen, boru hatt\u0131n\u0131n faaliyete ge\u00e7ece\u011fi tarihi iki y\u0131l ertelemi\u015f oluyor.<\/p>\n<h2 style=\"color: #232323;\">Tesla boru hatt\u0131<\/h2>\n<p style=\"color: #000000;\">Bu karar, do\u011falgaz\u0131 T\u00fcrk Ak\u0131m\u0131 boru hatt\u0131 arac\u0131l\u0131\u011f\u0131yla Yunanistan s\u0131n\u0131r\u0131na ta\u015f\u0131may\u0131 planlayan Rusya\u2019n\u0131n, TAP boru hatt\u0131n\u0131 kullanamayaca\u011f\u0131 anlam\u0131na geliyor. Ancak Gazprom, Yunanistan, Makedonya, S\u0131rbistan ve Macaristan\u2019dan ge\u00e7erek Avusturya\/Baumgarten\u2019daki bir merkezde son bulacak, Tesla adl\u0131 ba\u015fka bir boru hatt\u0131 planl\u0131yor.<\/p>\n<p style=\"color: #000000;\">AB, do\u011falgazda Rusya\u2019ya b\u00fcy\u00fck \u00f6l\u00e7\u00fcde ba\u011f\u0131ml\u0131 olan bir b\u00f6lgeye Gazprom\u2019dan ba\u015fka bir kaynaktan do\u011falgaz sa\u011flayacak projeler olarak G\u00fcney Gaz Koridoru ve TAP\u2019\u0131 destekliyor. \u00d6te yandan Rusya\u2019n\u0131n hedefi ise b\u00fcy\u00fck \u00f6l\u00e7\u00fcde Ukrayna\u2019y\u0131 by-pass etmek, transit \u00fclkeler Yunanistan, Makedonya, S\u0131rbistan ve Macaristan\u2019daki siyasi etkisini art\u0131rmak ve G\u00fcney Ak\u0131m projesini durduran Bulgaristan\u2019\u0131 cezaland\u0131rmak.<\/p>\n<p style=\"color: #000000;\">G\u00fcney Do\u011falgaz Koridoru\u2019nun aksamas\u0131 Rusya\u2019n\u0131n \u00e7\u0131kar\u0131na olacak. Ancak enerji uzmanlar\u0131na g\u00f6re G\u00fcney Do\u011falgaz Koridoru ve TAP ileri safhalardeki projelerken, olas\u0131 bir Tesla boru hatt\u0131n\u0131n hayat bulmas\u0131 i\u00e7in 10 y\u0131la kadar zaman gerekebilecek.<\/p>\n<p style=\"color: #000000;\">Kaynak:\u00a0<a style=\"color: #c75615;\" href=\"http:\/\/www.euractiv.com.tr\/enerji\/article\/tapin-ucuncu-enerji-paketinden-muafiyet-suresi-uzatildi-031483\" target=\"_blank\" rel=\"nofollow\">euractiv<\/a><\/p>\n<p><\/p>","protected":false},"excerpt":{"rendered":"<p>Sorry, this entry is only available in Turkish. For the sake of viewer convenience, the content is shown below in the alternative language. You may click the link to switch the active language. G\u00fcney Gaz Koridoru\u2019nun Avrupa\u2019daki b\u00f6l\u00fcm\u00fc ve Azeri gaz\u0131n\u0131 Avrupa\u2019ya ta\u015f\u0131yacak olan Trans-Adriyatik Boru Hatt\u0131 (TAP) projesinin borular\u0131na \u00fc\u00e7\u00fcnc\u00fc taraflar\u0131n eri\u015fimiyle ilgili kurallarda [&hellip;]<\/p>\n","protected":false},"author":1,"featured_media":38824,"comment_status":"open","ping_status":"open","sticky":false,"template":"","format":"standard","meta":[],"categories":[46,53],"tags":[],"views":757,"_links":{"self":[{"href":"https:\/\/www.enerjigazetesi.ist\/en\/wp-json\/wp\/v2\/posts\/38823"}],"collection":[{"href":"https:\/\/www.enerjigazetesi.ist\/en\/wp-json\/wp\/v2\/posts"}],"about":[{"href":"https:\/\/www.enerjigazetesi.ist\/en\/wp-json\/wp\/v2\/types\/post"}],"author":[{"embeddable":true,"href":"https:\/\/www.enerjigazetesi.ist\/en\/wp-json\/wp\/v2\/users\/1"}],"replies":[{"embeddable":true,"href":"https:\/\/www.enerjigazetesi.ist\/en\/wp-json\/wp\/v2\/comments?post=38823"}],"version-history":[{"count":1,"href":"https:\/\/www.enerjigazetesi.ist\/en\/wp-json\/wp\/v2\/posts\/38823\/revisions"}],"predecessor-version":[{"id":38825,"href":"https:\/\/www.enerjigazetesi.ist\/en\/wp-json\/wp\/v2\/posts\/38823\/revisions\/38825"}],"wp:featuredmedia":[{"embeddable":true,"href":"https:\/\/www.enerjigazetesi.ist\/en\/wp-json\/wp\/v2\/media\/38824"}],"wp:attachment":[{"href":"https:\/\/www.enerjigazetesi.ist\/en\/wp-json\/wp\/v2\/media?parent=38823"}],"wp:term":[{"taxonomy":"category","embeddable":true,"href":"https:\/\/www.enerjigazetesi.ist\/en\/wp-json\/wp\/v2\/categories?post=38823"},{"taxonomy":"post_tag","embeddable":true,"href":"https:\/\/www.enerjigazetesi.ist\/en\/wp-json\/wp\/v2\/tags?post=38823"}],"curies":[{"name":"wp","href":"https:\/\/api.w.org\/{rel}","templated":true}]}}