{"id":38820,"date":"2015-05-01T21:10:34","date_gmt":"2015-05-01T18:10:34","guid":{"rendered":"https:\/\/www.enerjigazetesi.ist\/?p=38820"},"modified":"2015-05-23T15:14:47","modified_gmt":"2015-05-23T12:14:47","slug":"yeni-cumhurbaskani-ile-kktcnin-enerji-politikalari-degisecek","status":"publish","type":"post","link":"https:\/\/www.enerjigazetesi.ist\/en\/yeni-cumhurbaskani-ile-kktcnin-enerji-politikalari-degisecek\/","title":{"rendered":"(Turkish) Yeni Cumhurba\u015fkan\u0131 \u0130le KKTC\u2019nin Enerji Politikalar\u0131 De\u011fi\u015fecek&#8230;"},"content":{"rendered":"<p class=\"qtranxs-available-languages-message qtranxs-available-languages-message-en\">Sorry, this entry is only available in <a href=\"https:\/\/www.enerjigazetesi.ist\/tr\/wp-json\/wp\/v2\/posts\/38820\" class=\"qtranxs-available-language-link qtranxs-available-language-link-tr\" title=\"Turkish\">Turkish<\/a>. For the sake of viewer convenience, the content is shown below in the alternative language. You may click the link to switch the active language.<\/p><p><strong><span style=\"color: #000000;\">Girne Amerikan \u00dcniversitesi\u2019nden Yrd. Do\u00e7. Dr. Evren Alt\u0131nka\u015f, Kuzey K\u0131br\u0131s T\u00fcrk Cumhuriyeti\u2019nde (KKTC) Mustafa Ak\u0131nc\u0131\u2019n\u0131n cumhurba\u015fkan\u0131 se\u00e7ilmesinin ard\u0131ndan enerji konusunda ciddi birtak\u0131m geli\u015fmelerin ya\u015fanaca\u011f\u0131n\u0131, enerji politikalar\u0131n\u0131n de\u011fi\u015fece\u011fini savundu.<\/span><\/strong><span id=\"more-71350\" style=\"color: #000000;\"><\/span><\/p>\n<p>Cumhurba\u015fkanl\u0131\u011f\u0131 se\u00e7imleri sonras\u0131nda KKTC\u2019nin izlemesi muhtemel enerji politikalar\u0131n\u0131 de\u011ferlendiren Alt\u0131n<br \/>\nka\u015f, ge\u00e7en g\u00fcnlerde Yunanistan\u2019\u0131n Birle\u015fmi\u015f Milletler nezdinde yapt\u0131\u011f\u0131 \u201cK\u0131br\u0131s Garant\u00f6rl\u00fck Antla\u015fmas\u0131\u2019n\u0131n<a href=\"https:\/\/www.enerjigazetesi.ist\/wp-content\/uploads\/2015\/05\/yeni-cumhurbaskani-ile-kktcnin-enerji-politikalari-degisecek.jpg\"><img loading=\"lazy\" class=\"alignright size-medium wp-image-38821\" src=\"https:\/\/www.enerjigazetesi.ist\/wp-content\/uploads\/2015\/05\/yeni-cumhurbaskani-ile-kktcnin-enerji-politikalari-degisecek-300x200.jpg\" alt=\"yeni-cumhurbaskani-ile-kktcnin-enerji-politikalari-degisecek\" width=\"300\" height=\"200\" srcset=\"https:\/\/www.enerjigazetesi.ist\/wp-content\/uploads\/2015\/05\/yeni-cumhurbaskani-ile-kktcnin-enerji-politikalari-degisecek-300x200.jpg 300w, https:\/\/www.enerjigazetesi.ist\/wp-content\/uploads\/2015\/05\/yeni-cumhurbaskani-ile-kktcnin-enerji-politikalari-degisecek-500x334.jpg 500w, https:\/\/www.enerjigazetesi.ist\/wp-content\/uploads\/2015\/05\/yeni-cumhurbaskani-ile-kktcnin-enerji-politikalari-degisecek-74x50.jpg 74w, https:\/\/www.enerjigazetesi.ist\/wp-content\/uploads\/2015\/05\/yeni-cumhurbaskani-ile-kktcnin-enerji-politikalari-degisecek.jpg 870w\" sizes=\"(max-width: 300px) 100vw, 300px\" \/><\/a> iptali\u201d ile ilgili ba\u015fvurunun da enerji politikalar\u0131ndaki geli\u015fmeler hakk\u0131nda birtak\u0131m ipu\u00e7lar\u0131 verdi\u011fini ifade etti.<\/p>\n<p>Antla\u015fma iptali i\u00e7in yap\u0131lan ba\u015fvuruya gerek\u00e7e olarak \u201cK\u0131br\u0131s e\u015fit ve egemen bir devlettir. Dolay\u0131s\u0131yla di\u011fer devletlerin garant\u00f6rl\u00fc\u011f\u00fcne ihtiyac\u0131 yoktur\u201d ifadesinin kullan\u0131ld\u0131\u011f\u0131na dikkati \u00e7eken Alt\u0131nka\u015f, \u201cAntla\u015fma iptali i\u00e7in sunulan gerek\u00e7eleri, \u00f6zellikle uluslararas\u0131 toplumu ve Birle\u015fmi\u015f Milletler\u2019i etkileme ama\u00e7l\u0131 bir hamle olarak g\u00f6rmekte fayda var. B\u00fct\u00fcn bunlar, enerji konusunda ciddi birtak\u0131m geli\u015fmelerin olaca\u011f\u0131n\u0131n da g\u00f6stergesi\u201d ifadelerini kulland\u0131.<\/p>\n<p>Cumhurba\u015fkan\u0131 Ak\u0131nc\u0131\u2019n\u0131n enerji kaynaklar\u0131 i\u00e7in federal bir \u00e7\u00f6z\u00fcm \u00f6nerisinde bulundu\u011funu hat\u0131rlatan Alt\u0131nka\u015f, \u201cFederal bir \u00e7\u00f6z\u00fcm sonras\u0131nda do\u011falgaz da dahil olmak \u00fczere t\u00fcm kaynaklar\u0131n federal otoriteye ait olaca\u011f\u0131 ve en iyi alternatifin do\u011falgaz\u0131 T\u00fcrkiye \u00fczerinden Avrupa\u2019ya sokmak oldu\u011fu belirtiliyor\u201d dedi.<\/p>\n<p>Sunulan alternatif projenin G\u00fcney K\u0131br\u0131s Rum Y\u00f6netimi\u2019nin \u00f6nerdi\u011fi do\u011falgaz\u0131 s\u0131v\u0131la\u015ft\u0131rarak ta\u015f\u0131ma projesine k\u0131yasla daha az maliyetli oldu\u011funa dikkati \u00e7eken Alt\u0131nka\u015f, \u201cAk\u0131nc\u0131\u2019n\u0131n federal bir \u00e7\u00f6z\u00fcme y\u00f6nelik daha giri\u015fken ve aktif olaca\u011f\u0131n\u0131n bariz olmas\u0131, BM\u2019nin de bu tutumu desteklemesi, Yunanistan\u2019\u0131n yapt\u0131\u011f\u0131 ba\u015fvuru gibi veriler \u0131\u015f\u0131\u011f\u0131nda birtak\u0131m de\u011fi\u015fikliklerin olmas\u0131 i\u00e7in geriye kalan iki akt\u00f6r olarak T\u00fcrkiye ve G\u00fcney K\u0131br\u0131s\u2019\u0131n tav\u0131rlar\u0131 belirleyici olacakt\u0131r\u201d de\u011ferlendirmesinde bulundu.<\/p>\n<p>Kaynak: Enerji Enstit\u00fcs\u00fc<\/p>","protected":false},"excerpt":{"rendered":"<p>Sorry, this entry is only available in Turkish. For the sake of viewer convenience, the content is shown below in the alternative language. You may click the link to switch the active language.Girne Amerikan \u00dcniversitesi\u2019nden Yrd. Do\u00e7. Dr. Evren Alt\u0131nka\u015f, Kuzey K\u0131br\u0131s T\u00fcrk Cumhuriyeti\u2019nde (KKTC) Mustafa Ak\u0131nc\u0131\u2019n\u0131n cumhurba\u015fkan\u0131 se\u00e7ilmesinin ard\u0131ndan enerji konusunda ciddi birtak\u0131m geli\u015fmelerin [&hellip;]<\/p>\n","protected":false},"author":1,"featured_media":38821,"comment_status":"open","ping_status":"open","sticky":false,"template":"","format":"standard","meta":[],"categories":[53],"tags":[],"views":609,"_links":{"self":[{"href":"https:\/\/www.enerjigazetesi.ist\/en\/wp-json\/wp\/v2\/posts\/38820"}],"collection":[{"href":"https:\/\/www.enerjigazetesi.ist\/en\/wp-json\/wp\/v2\/posts"}],"about":[{"href":"https:\/\/www.enerjigazetesi.ist\/en\/wp-json\/wp\/v2\/types\/post"}],"author":[{"embeddable":true,"href":"https:\/\/www.enerjigazetesi.ist\/en\/wp-json\/wp\/v2\/users\/1"}],"replies":[{"embeddable":true,"href":"https:\/\/www.enerjigazetesi.ist\/en\/wp-json\/wp\/v2\/comments?post=38820"}],"version-history":[{"count":2,"href":"https:\/\/www.enerjigazetesi.ist\/en\/wp-json\/wp\/v2\/posts\/38820\/revisions"}],"predecessor-version":[{"id":38836,"href":"https:\/\/www.enerjigazetesi.ist\/en\/wp-json\/wp\/v2\/posts\/38820\/revisions\/38836"}],"wp:featuredmedia":[{"embeddable":true,"href":"https:\/\/www.enerjigazetesi.ist\/en\/wp-json\/wp\/v2\/media\/38821"}],"wp:attachment":[{"href":"https:\/\/www.enerjigazetesi.ist\/en\/wp-json\/wp\/v2\/media?parent=38820"}],"wp:term":[{"taxonomy":"category","embeddable":true,"href":"https:\/\/www.enerjigazetesi.ist\/en\/wp-json\/wp\/v2\/categories?post=38820"},{"taxonomy":"post_tag","embeddable":true,"href":"https:\/\/www.enerjigazetesi.ist\/en\/wp-json\/wp\/v2\/tags?post=38820"}],"curies":[{"name":"wp","href":"https:\/\/api.w.org\/{rel}","templated":true}]}}