{"id":38814,"date":"2015-04-30T12:20:16","date_gmt":"2015-04-30T09:20:16","guid":{"rendered":"https:\/\/www.enerjigazetesi.ist\/?p=38814"},"modified":"2015-04-30T12:20:16","modified_gmt":"2015-04-30T09:20:16","slug":"bakan-isik-yerli-otomobil-elektrikli-arac-olacak","status":"publish","type":"post","link":"https:\/\/www.enerjigazetesi.ist\/en\/bakan-isik-yerli-otomobil-elektrikli-arac-olacak\/","title":{"rendered":"(Turkish) Bakan I\u015f\u0131k: Yerli Otomobil Elektrikli Ara\u00e7 Olacak&#8230;"},"content":{"rendered":"<p class=\"qtranxs-available-languages-message qtranxs-available-languages-message-en\">Sorry, this entry is only available in <a href=\"https:\/\/www.enerjigazetesi.ist\/tr\/wp-json\/wp\/v2\/posts\/38814\" class=\"qtranxs-available-language-link qtranxs-available-language-link-tr\" title=\"Turkish\">Turkish<\/a>. For the sake of viewer convenience, the content is shown below in the alternative language. You may click the link to switch the active language.<\/p><p><strong>Bilim Sanayi ve Teknoloji Bakan\u0131 Fikri I\u015f\u0131k, T\u00fcrkiye`nin yerli otomobilini elektrikli ara\u00e7lar olarak belirlediklerini s\u00f6yledi.<\/strong><\/p>\n<p>Fikri I\u015f\u0131k, Ak\u0131ll\u0131 \u015eebekeler Sempozyumu`nda yapt\u0131\u011f\u0131 konu\u015fmada, T\u00fcrkiye`nin b\u00fcy\u00fck ve iddial\u0131 hedefleri oldu\u011funu belirtti. B\u00f6yle bir \u00fclkenin teknolojik de\u011fi\u015fimin etkilerine maruz kalan de\u011fil, de\u011fi\u015fimi y\u00f6neten \u00fclkeler aras\u0131nda ol<a href=\"https:\/\/www.enerjigazetesi.ist\/wp-content\/uploads\/2015\/04\/bakan-isik-yerli-otomobil-elektrikli-arac-olacak.jpg\"><img loading=\"lazy\" class=\"alignright size-medium wp-image-38815\" src=\"https:\/\/www.enerjigazetesi.ist\/wp-content\/uploads\/2015\/04\/bakan-isik-yerli-otomobil-elektrikli-arac-olacak-300x177.jpg\" alt=\"bakan-isik-yerli-otomobil-elektrikli-arac-olacak\" width=\"300\" height=\"177\" srcset=\"https:\/\/www.enerjigazetesi.ist\/wp-content\/uploads\/2015\/04\/bakan-isik-yerli-otomobil-elektrikli-arac-olacak-300x177.jpg 300w, https:\/\/www.enerjigazetesi.ist\/wp-content\/uploads\/2015\/04\/bakan-isik-yerli-otomobil-elektrikli-arac-olacak-500x295.jpg 500w, https:\/\/www.enerjigazetesi.ist\/wp-content\/uploads\/2015\/04\/bakan-isik-yerli-otomobil-elektrikli-arac-olacak-80x47.jpg 80w, https:\/\/www.enerjigazetesi.ist\/wp-content\/uploads\/2015\/04\/bakan-isik-yerli-otomobil-elektrikli-arac-olacak.jpg 600w\" sizes=\"(max-width: 300px) 100vw, 300px\" \/><\/a>mas\u0131 gerekti\u011fini vurgulayan I\u015f\u0131k &#8220;Bu nedenle ak\u0131ll\u0131 \u015febekeleri sadece kullanan de\u011fil ak\u0131ll\u0131 saya\u00e7lardan yaz\u0131l\u0131ma kadar gerekli her t\u00fcrl\u00fc ekipman\u0131 \u00fcretebilen ve geli\u015ftirebilen bir \u00fclke olmal\u0131y\u0131z&#8221; dedi.<\/p>\n<p>Ak\u0131ll\u0131 \u015febekelerin \u00f6l\u00e7\u00fcm\u00fcyle birlikte, \u00fcretim ve Ar-Ge aya\u011f\u0131nda da \u00e7ok g\u00fc\u00e7l\u00fc bir \u015fekilde yer almak istediklerini dile getiren I\u015f\u0131k, ak\u0131ll\u0131 \u015febeke sistemlerinin \u00fcretimiyle ilgili at\u0131lacak her ad\u0131m\u0131n, \u00fclkenin y\u00fcksek katma de\u011ferli \u00fcretim hedefine b\u00fcy\u00fck katk\u0131 sa\u011flayaca\u011f\u0131na i\u015faret etti. Gerek yerli gerekse yabanc\u0131 firmalar\u0131 bu \u00f6nemli alana y\u00f6nlendirmek istediklerini ifade eden I\u015f\u0131k, &#8220;Ak\u0131ll\u0131 \u015febekeler gibi y\u00fcksek teknoloji s\u0131n\u0131f\u0131nda yer alan yat\u0131r\u0131mlar\u0131 \u00f6ncelikli yat\u0131r\u0131mlar kapsam\u0131na ald\u0131k. Bu tarz yat\u0131r\u0131mlar T\u00fcrkiye`nin neresinde yap\u0131l\u0131rsa yap\u0131ls\u0131n yararland\u0131r\u0131lacak. E\u011fer bu yat\u0131r\u0131m i\u00e7inde yap\u0131l\u0131yorsa en y\u00fcksek te\u015fvik olan verilecek&#8221; diye konu\u015ftu.<\/p>\n<p>T\u00fcrkiye`de yenilenebilir kaynaklardan enerji \u00fcretimini art\u0131rmak amac\u0131yla 2012 y\u0131l\u0131nda Konya Karap\u0131nar`da Enerji \u0130htisas End\u00fcstri B\u00f6lgesini kurduklar\u0131n\u0131 hat\u0131rlatan Bakan I\u015f\u0131k, &#8220;Yine bu ama\u00e7la, Ni\u011fde ve Karaman`da g\u00fcne\u015f santralleri i\u00e7in Bakanl\u0131\u011f\u0131m\u0131za Enerji \u0130htisas End\u00fcstri B\u00f6lgesi kurmak i\u00e7in yap\u0131lan ba\u015fvurular\u0131 de\u011ferlendiriyoruz&#8221; dedi.<\/p>\n<p>Fikri I\u015f\u0131k, Bakanl\u0131k olarak \u00fczerinde \u00e7al\u0131\u015ft\u0131klar\u0131 en \u00f6nemli projelerden birinin de tasar\u0131m\u0131 ve markas\u0131 T\u00fcrkiye`ye ait yerli otomobil \u00fcretimi oldu\u011funu hat\u0131rlatt\u0131. I\u015f\u0131k \u015funlar\u0131 s\u00f6yledi:<br \/>\n&#8220;Yerli otomobili, gelece\u011fin teknolojileri aras\u0131nda g\u00f6r\u00fclen elektrikli ara\u00e7 olarak belirledik. Elektrikli ara\u00e7 \u00fcretiminde geli\u015ftirilmesi gereken en \u00f6nemli unsurlardan birisi \u015farj istasyonlar\u0131d\u0131r. Ak\u0131ll\u0131 \u015febekeler, elektrikli ara\u00e7lar i\u00e7in \u015farj istasyonlar\u0131nda ortaya \u00e7\u0131kabilecek sorunlar\u0131n \u00fcstesinden gelebilecek h\u0131zl\u0131 ve g\u00fcvenilir bir \u015febeke altyap\u0131s\u0131na duyulan ihtiya\u00e7 i\u00e7in \u00f6nemli bir \u00e7\u00f6z\u00fcm olarak kar\u015f\u0131m\u0131za \u00e7\u0131kmaktad\u0131r.&#8221;<\/p>\n<p>Kaynak: Enerji G\u00fcnl\u00fc\u011f\u00fc<\/p>","protected":false},"excerpt":{"rendered":"<p>Sorry, this entry is only available in Turkish. For the sake of viewer convenience, the content is shown below in the alternative language. You may click the link to switch the active language.Bilim Sanayi ve Teknoloji Bakan\u0131 Fikri I\u015f\u0131k, T\u00fcrkiye`nin yerli otomobilini elektrikli ara\u00e7lar olarak belirlediklerini s\u00f6yledi. Fikri I\u015f\u0131k, Ak\u0131ll\u0131 \u015eebekeler Sempozyumu`nda yapt\u0131\u011f\u0131 konu\u015fmada, T\u00fcrkiye`nin [&hellip;]<\/p>\n","protected":false},"author":1,"featured_media":38815,"comment_status":"open","ping_status":"open","sticky":false,"template":"","format":"standard","meta":[],"categories":[51,53],"tags":[1603,215,1270,63,67,1009,2698,165,13030],"views":872,"_links":{"self":[{"href":"https:\/\/www.enerjigazetesi.ist\/en\/wp-json\/wp\/v2\/posts\/38814"}],"collection":[{"href":"https:\/\/www.enerjigazetesi.ist\/en\/wp-json\/wp\/v2\/posts"}],"about":[{"href":"https:\/\/www.enerjigazetesi.ist\/en\/wp-json\/wp\/v2\/types\/post"}],"author":[{"embeddable":true,"href":"https:\/\/www.enerjigazetesi.ist\/en\/wp-json\/wp\/v2\/users\/1"}],"replies":[{"embeddable":true,"href":"https:\/\/www.enerjigazetesi.ist\/en\/wp-json\/wp\/v2\/comments?post=38814"}],"version-history":[{"count":1,"href":"https:\/\/www.enerjigazetesi.ist\/en\/wp-json\/wp\/v2\/posts\/38814\/revisions"}],"predecessor-version":[{"id":38816,"href":"https:\/\/www.enerjigazetesi.ist\/en\/wp-json\/wp\/v2\/posts\/38814\/revisions\/38816"}],"wp:featuredmedia":[{"embeddable":true,"href":"https:\/\/www.enerjigazetesi.ist\/en\/wp-json\/wp\/v2\/media\/38815"}],"wp:attachment":[{"href":"https:\/\/www.enerjigazetesi.ist\/en\/wp-json\/wp\/v2\/media?parent=38814"}],"wp:term":[{"taxonomy":"category","embeddable":true,"href":"https:\/\/www.enerjigazetesi.ist\/en\/wp-json\/wp\/v2\/categories?post=38814"},{"taxonomy":"post_tag","embeddable":true,"href":"https:\/\/www.enerjigazetesi.ist\/en\/wp-json\/wp\/v2\/tags?post=38814"}],"curies":[{"name":"wp","href":"https:\/\/api.w.org\/{rel}","templated":true}]}}