{"id":38808,"date":"2015-04-30T12:14:52","date_gmt":"2015-04-30T09:14:52","guid":{"rendered":"https:\/\/www.enerjigazetesi.ist\/?p=38808"},"modified":"2015-04-30T12:14:52","modified_gmt":"2015-04-30T09:14:52","slug":"turkiyenin-cerne-uyelik-anlasmasi-onaylandi","status":"publish","type":"post","link":"https:\/\/www.enerjigazetesi.ist\/en\/turkiyenin-cerne-uyelik-anlasmasi-onaylandi\/","title":{"rendered":"(Turkish) T\u00fcrkiye`nin CERN`e \u00dcyelik Anla\u015fmas\u0131 Onayland\u0131&#8230;"},"content":{"rendered":"<p class=\"qtranxs-available-languages-message qtranxs-available-languages-message-en\">Sorry, this entry is only available in <a href=\"https:\/\/www.enerjigazetesi.ist\/tr\/wp-json\/wp\/v2\/posts\/38808\" class=\"qtranxs-available-language-link qtranxs-available-language-link-tr\" title=\"Turkish\">Turkish<\/a>. For the sake of viewer convenience, the content is shown below in the alternative language. You may click the link to switch the active language.<\/p><p><strong>T\u00fcrkiye`nin Avrupa N\u00fckleer Ara\u015ft\u0131rma \u00d6rg\u00fct\u00fc`ne (CERN) ortak \u00fcyeli\u011fi y\u00fcr\u00fcrl\u00fckte.<\/strong><\/p>\n<p>\u201cT\u00fcrkiye Cumhuriyeti ile Avrupa N\u00fckleer Ara\u015ft\u0131rma \u00d6rg\u00fct\u00fc (CERN) Aras\u0131nda CERN\u2019de Ortak \u00dcye Stat\u00fcs\u00fc Ver<a href=\"https:\/\/www.enerjigazetesi.ist\/wp-content\/uploads\/2015\/04\/turkiyenin-cerne-uyelik-anlasmasi-onaylandi.jpg\"><img loading=\"lazy\" class=\"alignright size-medium wp-image-38809\" src=\"https:\/\/www.enerjigazetesi.ist\/wp-content\/uploads\/2015\/04\/turkiyenin-cerne-uyelik-anlasmasi-onaylandi-300x168.jpg\" alt=\"turkiyenin-cerne-uyelik-anlasmasi-onaylandi\" width=\"300\" height=\"168\" srcset=\"https:\/\/www.enerjigazetesi.ist\/wp-content\/uploads\/2015\/04\/turkiyenin-cerne-uyelik-anlasmasi-onaylandi-300x168.jpg 300w, https:\/\/www.enerjigazetesi.ist\/wp-content\/uploads\/2015\/04\/turkiyenin-cerne-uyelik-anlasmasi-onaylandi-80x45.jpg 80w, https:\/\/www.enerjigazetesi.ist\/wp-content\/uploads\/2015\/04\/turkiyenin-cerne-uyelik-anlasmasi-onaylandi.jpg 448w\" sizes=\"(max-width: 300px) 100vw, 300px\" \/><\/a>ilmesi Hakk\u0131nda Anla\u015fma\u201d ve Anla\u015fma\u2019ya dair beyan\u0131 i\u00e7eren Mektup Cumhurba\u015fkan\u0131 Recep Tayyip Erdo\u011fan ve Bakanlar Kurulu taraf\u0131ndan onayland\u0131.<\/p>\n<p>Buna g\u00f6re, 12 May\u0131s 2014 tarihinde Cenevre\u2019de imzalanan ve 22\/1\/2015 tarihli ve 6587 say\u0131l\u0131 Kanunla onaylanmas\u0131 uygun bulunan ekli \u201cT\u00fcrkiye Cumhuriyeti ile Avrupa N\u00fckleer Ara\u015ft\u0131rma \u00d6rg\u00fct\u00fc (CERN) Aras\u0131nda CERN\u2019de Ortak \u00dcye Stat\u00fcs\u00fc Verilmesi Hakk\u0131nda Anla\u015fma\u201d ve Anla\u015fma\u2019ya dair beyan\u0131 i\u00e7eren Mektup onayland\u0131.<\/p>\n<p>Onay, D\u0131\u015fi\u015fleri Bakanl\u0131\u011f\u0131n\u0131n 27\/2\/2015 tarihli ve 7476372 say\u0131l\u0131 yaz\u0131s\u0131 \u00fczerine, 31\/5\/1963 tarihli ve 244 say\u0131l\u0131 Kanunun 3 \u00fcnc\u00fc maddesine g\u00f6re, Bakanlar Kurulu\u2019nca 16\/3\/2015 tarihinde kararla\u015ft\u0131r\u0131ld\u0131.<\/p>\n<p>Kaynak: Enerji G\u00fcnl\u00fc\u011f\u00fc<\/p>","protected":false},"excerpt":{"rendered":"<p>Sorry, this entry is only available in Turkish. For the sake of viewer convenience, the content is shown below in the alternative language. You may click the link to switch the active language.T\u00fcrkiye`nin Avrupa N\u00fckleer Ara\u015ft\u0131rma \u00d6rg\u00fct\u00fc`ne (CERN) ortak \u00fcyeli\u011fi y\u00fcr\u00fcrl\u00fckte. \u201cT\u00fcrkiye Cumhuriyeti ile Avrupa N\u00fckleer Ara\u015ft\u0131rma \u00d6rg\u00fct\u00fc (CERN) Aras\u0131nda CERN\u2019de Ortak \u00dcye Stat\u00fcs\u00fc Verilmesi [&hellip;]<\/p>\n","protected":false},"author":1,"featured_media":38809,"comment_status":"open","ping_status":"open","sticky":false,"template":"","format":"standard","meta":[],"categories":[53,43],"tags":[12446,63,67,1009,2698,165,2450,71,21,5234,21250,846],"views":1066,"_links":{"self":[{"href":"https:\/\/www.enerjigazetesi.ist\/en\/wp-json\/wp\/v2\/posts\/38808"}],"collection":[{"href":"https:\/\/www.enerjigazetesi.ist\/en\/wp-json\/wp\/v2\/posts"}],"about":[{"href":"https:\/\/www.enerjigazetesi.ist\/en\/wp-json\/wp\/v2\/types\/post"}],"author":[{"embeddable":true,"href":"https:\/\/www.enerjigazetesi.ist\/en\/wp-json\/wp\/v2\/users\/1"}],"replies":[{"embeddable":true,"href":"https:\/\/www.enerjigazetesi.ist\/en\/wp-json\/wp\/v2\/comments?post=38808"}],"version-history":[{"count":1,"href":"https:\/\/www.enerjigazetesi.ist\/en\/wp-json\/wp\/v2\/posts\/38808\/revisions"}],"predecessor-version":[{"id":38810,"href":"https:\/\/www.enerjigazetesi.ist\/en\/wp-json\/wp\/v2\/posts\/38808\/revisions\/38810"}],"wp:featuredmedia":[{"embeddable":true,"href":"https:\/\/www.enerjigazetesi.ist\/en\/wp-json\/wp\/v2\/media\/38809"}],"wp:attachment":[{"href":"https:\/\/www.enerjigazetesi.ist\/en\/wp-json\/wp\/v2\/media?parent=38808"}],"wp:term":[{"taxonomy":"category","embeddable":true,"href":"https:\/\/www.enerjigazetesi.ist\/en\/wp-json\/wp\/v2\/categories?post=38808"},{"taxonomy":"post_tag","embeddable":true,"href":"https:\/\/www.enerjigazetesi.ist\/en\/wp-json\/wp\/v2\/tags?post=38808"}],"curies":[{"name":"wp","href":"https:\/\/api.w.org\/{rel}","templated":true}]}}