{"id":3873,"date":"2012-11-26T16:55:10","date_gmt":"2012-11-26T13:55:10","guid":{"rendered":"https:\/\/www.enerjigazetesi.ist\/?p=3873"},"modified":"2012-11-26T16:57:59","modified_gmt":"2012-11-26T13:57:59","slug":"enerji-federasyonu-ile-sektorde-yeni-bir-donem-basliyor","status":"publish","type":"post","link":"https:\/\/www.enerjigazetesi.ist\/en\/enerji-federasyonu-ile-sektorde-yeni-bir-donem-basliyor\/","title":{"rendered":"(Turkish) Enerji Federasyonu \u0130le Sekt\u00f6rde Yeni Bir D\u00f6nem Ba\u015fl\u0131yor\u2026"},"content":{"rendered":"<p class=\"qtranxs-available-languages-message qtranxs-available-languages-message-en\">Sorry, this entry is only available in <a href=\"https:\/\/www.enerjigazetesi.ist\/tr\/wp-json\/wp\/v2\/posts\/3873\" class=\"qtranxs-available-language-link qtranxs-available-language-link-tr\" title=\"Turkish\">Turkish<\/a>. For the sake of viewer convenience, the content is shown below in the alternative language. You may click the link to switch the active language.<\/p><p><strong>Beklenen Enerji Federasyonu \u00a0OSMAN \u00d6ZBAY Ba\u015fkanl\u0131\u011f\u0131nda Kuruldu\u2026<\/strong><\/p>\n<p><strong>Enerji sekt\u00f6r\u00fcnde faaliyet g\u00f6steren derneklerin kat\u0131l\u0131m\u0131yla \u00fcst kurulu\u015flar\u0131 olan; T\u00fcm Enerji \u00dcretici ve T\u00fcketici Dernekleri Federasyonu yeni t\u00fczel ki\u015fili\u011fine kavu\u015ftu.<\/strong><\/p>\n<p><strong><img loading=\"lazy\" class=\"alignright size-medium wp-image-3874\" title=\"enerji-federasyonu\" src=\"https:\/\/www.enerjigazetesi.ist\/wp-content\/uploads\/2012\/11\/enerji-federasyonu-300x200.jpg\" alt=\"\" width=\"300\" height=\"200\" srcset=\"https:\/\/www.enerjigazetesi.ist\/wp-content\/uploads\/2012\/11\/enerji-federasyonu-300x200.jpg 300w, https:\/\/www.enerjigazetesi.ist\/wp-content\/uploads\/2012\/11\/enerji-federasyonu-1024x682.jpg 1024w, https:\/\/www.enerjigazetesi.ist\/wp-content\/uploads\/2012\/11\/enerji-federasyonu-500x333.jpg 500w, https:\/\/www.enerjigazetesi.ist\/wp-content\/uploads\/2012\/11\/enerji-federasyonu-75x50.jpg 75w\" sizes=\"(max-width: 300px) 100vw, 300px\" \/>Enerji\u00a0 sekt\u00f6r\u00fcnde \u00f6rg\u00fctlenmenin \u00f6n\u00fcn\u00fc a\u00e7acak olan\u00a0 Enerji Federasyonu;\u00a0 G\u00fcne\u015f Enerjisine Dayal\u0131 Elektrik \u00dcreticileri\u00a0 Derne\u011fi,\u00a0 R\u00fczgar Enerjisine Dayal\u0131 Elektrik \u00dcretici ve T\u00fcketici Derne\u011fi, Jeotermal Enerjisine Dayal\u0131 Elektrik \u00dcretici ve T\u00fcketicileri Derne\u011fi, Biyok\u00fctle Enerjisine Dayal\u0131 Elektrik \u00dcretici ve T\u00fcketicileri Derne\u011fi, Hidrolik Enerjisine Dayal\u0131 Elektrik \u00dcretici ve T\u00fcketicileri Dernekleri bir araya gelerek Enerji Federasyonu\u2019nu kurdular.<\/strong><\/p>\n<p><strong>Federasyon Genel Ba\u015fkanl\u0131\u011f\u0131\u2019na; Osman \u00d6ZBAY,<\/strong><\/p>\n<p>Genel Ba\u015fkan Yard\u0131mc\u0131l\u0131klar\u0131na; Bilhan BA\u015eEYMEZ, Volkan DURUK, Hakan \u00d6ZTEK\u0130N, Genel Sekreterlik g\u00f6revine \u015eeref KAVALALI ve Genel Saymanl\u0131\u011fa ise Okay Tevfik AKDEM\u0130R se\u00e7ildi.<\/p>\n<p>\u201cAMA\u00c7LARININ\u00a0 enerji \u00fcretimim tabana yay\u0131lmas\u0131n\u0131 sa\u011flayarak, herkesin kendi enerjisini \u00fcretmesini sa\u011flayacak projeler geli\u015ftirmek oldu\u011funu belirten Osman \u00d6zbay, b\u00f6ylece k\u00fc\u00e7\u00fck sanayi i\u015fletmeleri, fabrikalar, tar\u0131msal i\u015fletmeler, \u00e7ift\u00e7iler, belediyeler, hastaneler, okullar ve di\u011fer kamu kurum ve kurulu\u015flar\u0131\u00a0 kendi enerjilerini \u00fcreterek giderlerini en aza indireceklerdir\u201d dedi.<\/p>\n<p>Enerjide d\u0131\u015fa ba\u011f\u0131ml\u0131l\u0131\u011f\u0131 ortadan kald\u0131rmak i\u00e7in b\u00fct\u00fcn devler kurulu\u015flar\u0131 ve ST\u00d6\u2019 leri ile ortak \u00e7al\u0131\u015fmalar yapt\u0131klar\u0131n\u0131 belirten Enerji Federasyonu Genel Ba\u015fkan\u2019\u0131 \u00fclkemizi enerji ihra\u00e7 eden bir \u00fclke yapmak arzusunday\u0131z dedi.<\/p>\n<p>Geli\u015ftirdikleri projelerin Do\u011fayla dost do\u011fay\u0131 kirletmeyen enerji \u00fcretimi i\u00e7in yenilenebilir enerji kaynaklar\u0131n\u0131n ilk tercihleri oldu\u011funu belirten Genel Ba\u015fkan Osman \u00d6zbay a\u015fa\u011f\u0131daki teknik veriler Kurulan Enerji Federasyonumuzun \u00fclkemiz i\u00e7in ne kadar gerekli oldu\u011funu g\u00f6stermektedir dedi.<\/p>\n<p>D\u00fcnyan\u0131n, 21. y\u00fczy\u0131lda kar\u015f\u0131 kar\u015f\u0131ya bulundu\u011fu en b\u00fcy\u00fck sorunlardan biri g\u00fcvenli enerji tedarikidir. G\u00fcn\u00fcm\u00fczde, \u00fclkelerin enerjiyi \u00fcretme ve kullanma bi\u00e7imi s\u00fcrd\u00fcr\u00fclebilir de\u011fildir. Bunun en a\u00e7\u0131k kan\u0131t\u0131 insan kaynakl\u0131 iklim de\u011fi\u015fikli\u011fidir. Enerji t\u00fcketiminin 1990-2008 y\u0131llar\u0131 aras\u0131nda y\u00fczde 40 artt\u0131\u011f\u0131 d\u00fcnyada, enerjinin y\u00fczde 80\u2019i fosil kaynakl\u0131d\u0131r. Fosil yak\u0131tlara ba\u011f\u0131ml\u0131l\u0131k ekonomiye y\u00fck olu\u015fturman\u0131n yan\u0131 s\u0131ra iklim de\u011fi\u015fikli\u011fine neden olan sera gazlar\u0131n\u0131n atmosferde birikmesine de yol a\u00e7maktad\u0131r.<strong><\/strong><\/p>\n<p>\u0130klim de\u011fi\u015fikli\u011finin hem insanl\u0131k, hem de d\u00fcnyam\u0131z i\u00e7in geri d\u00f6n\u00fclemez sonu\u00e7lara yol a\u00e7mas\u0131n\u0131 \u00f6nlemek i\u00e7in k\u00fcresel \u0131s\u0131nmay\u0131 1,5 derecenin alt\u0131nda tutmam\u0131z gerekmektedir. Ba\u015fka bir deyi\u015fle, atmosferdeki sera gaz\u0131 seviyesini 350 ppm ile sabitlemek zorunday\u0131z. Bunun tek yolu fosil yak\u0131tlar\u0131n enerji \u00fcretimindeki pay\u0131n\u0131 azaltmak ve yenilenebilir enerji kaynaklar\u0131na y\u00f6nelmektir.<\/p>\n<p>WWF taraf\u0131ndan yay\u0131nlanan \u201cEnerji Raporu: 2050 %100 Yenilenebilir Enerji\u201d;\u00a0 2050 y\u0131l\u0131na kadar k\u00fcresel enerji arz\u0131n\u0131n tamam\u0131n\u0131n yenilenebilir enerjiden kar\u015f\u0131lanabilece\u011fini ortaya koymaktad\u0131r.<\/p>\n<p>Teknik, yasal, toplumsal ve ekonomik anlamda ger\u00e7ekle\u015ftirilecek k\u00fcresel d\u00f6n\u00fc\u015f\u00fcmlerle \u00f6n\u00fcm\u00fczdeki 40 y\u0131l i\u00e7erisinde artan enerji gereksiniminin tamam\u0131n\u0131n yenilenebilir enerjiden kar\u015f\u0131lanmas\u0131 m\u00fcmk\u00fcnd\u00fcr.<\/p>\n<p>T\u00fcrkiye\u2019de elektrik talebi; kalk\u0131nma hedefleri, artan n\u00fcfus ve y\u00fckselen refah seviyesine ba\u011fl\u0131 olarak 2019 y\u0131l\u0131na kadar y\u0131ll\u0131k yakla\u015f\u0131k y\u00fczde 7\u2019lik bir oranda art\u0131\u015f g\u00f6sterecektir (TE\u0130A\u015e, 2010). Bununla birlikte, enerji \u00fcretimi i\u00e7in kullan\u0131labilecek geleneksel kaynaklar s\u0131n\u0131rl\u0131d\u0131r. Petrol ve do\u011falgazdaki d\u0131\u015fa ba\u011f\u0131ml\u0131l\u0131k, \u00fclke ekonomisini bask\u0131 alt\u0131nda tutmaktad\u0131r.<\/p>\n<p>Oysa T\u00fcrkiye, yenilenebilir enerji kaynaklar\u0131n\u0131n \u00e7e\u015fitlili\u011fi a\u00e7\u0131s\u0131ndan elveri\u015fli bir co\u011frafi konuma sahiptir. Ba\u015fl\u0131ca yenilenebilir enerji kaynaklar\u0131 aras\u0131nda hidrolik enerji, biok\u00fctle, r\u00fczg\u00e2r, biyogaz, jeotermik ve g\u00fcne\u015f enerjisinin bulundu\u011fu T\u00fcrkiye\u2019de 2009 y\u0131l\u0131 itibar\u0131yla elektrik \u00fcretiminde yenilenebilir enerjinin pay\u0131 y\u00fczde 19\u2019dur (TE\u0130A\u015e, 2009).<\/p>\n<p>Petrol, do\u011fal gaz ve k\u00f6m\u00fcr gibi enerji hammaddelerinde d\u0131\u015fa ba\u011f\u0131ml\u0131 olan T\u00fcrkiye 2008 y\u0131l\u0131nda birincil enerji arz\u0131n\u0131n %73\u2019\u00fcn\u00fc ithal etmi\u015f, 2009 y\u0131l\u0131nda elektri\u011finin %81\u2019ini fosil yak\u0131tlardan \u00fcretmi\u015ftir.<\/p>\n<p>Di\u011fer taraftan, T\u00fcrkiye\u2019de yenilenebilir enerjinin pay\u0131n\u0131n art\u0131r\u0131lmas\u0131 genel olarak, hidroelektrik enerji yat\u0131r\u0131mlar\u0131 olarak anla\u015f\u0131lmaktad\u0131r. G\u00fcn\u00fcm\u00fczde yenilenebilir enerjinin zaten s\u0131n\u0131rl\u0131 olan pay\u0131n\u0131n yakla\u015f\u0131k y\u00fczde 98\u2019i hidroelektrikten kar\u015f\u0131lanmaktad\u0131r.<\/p>\n<p>B\u00fct\u00fcn bu ger\u00e7ekler \u0131\u015f\u0131\u011f\u0131nda; T\u00fcrkiye\u2019nin, WWF&#8217;in Enerji Raporu&#8217;nda belirtilen yenilenebilir enerji teknolojilerinin e\u015fzamanl\u0131 b\u00fcy\u00fcmesine y\u00f6nelik vizyondan olduk\u00e7a uzak bir noktada oldu\u011fu ortaya \u00e7\u0131kmaktad\u0131r.<\/p>\n<p>T\u00fcrkiye\u2019nin resmi enerji stratejisi, Cumhuriyetin kurulu\u015funun y\u00fcz\u00fcnc\u00fc y\u0131l\u0131 olan 2023\u2019e kadar \u00fclkenin d\u0131\u015f kaynaklara olan ba\u011f\u0131ml\u0131l\u0131\u011f\u0131n\u0131 azaltacak, hatta m\u00fcmk\u00fcn oldu\u011funca s\u0131f\u0131ra indirecek \u015fekilde, i\u00e7 kaynaklardan maksimum \u00f6l\u00e7\u00fcde yararlanmay\u0131 hedefleyen bir yakla\u015f\u0131ma dayanmaktad\u0131r.<\/p>\n<p>Enerji ve Tabii Kaynaklar Bakanl\u0131\u011f\u0131\u2019n\u0131n 2010-2014 Stratejik Plan\u0131\u2019na g\u00f6re, 2023 y\u0131l\u0131nda elektrik \u00fcretiminin y\u00fczde 30\u2019unun yenilenebilir enerji kaynaklar\u0131ndan temin edilmesi hedeflenmektedir.<\/p>\n<p>\u0130klim De\u011fi\u015fikli\u011fi Eylem Plan\u0131nda, \u00fclkedeki teknik ve ekonomik bak\u0131mdan elveri\u015fli b\u00fct\u00fcn hidroelektrik potansiyelin de\u011ferlendirilerek, enerji arz\u0131nda yenilenebilir enerjinin pay\u0131n\u0131n art\u0131r\u0131lmas\u0131 gerekti\u011fine i\u015faret edilmektedir.<\/p>\n<p>2010 y\u0131l\u0131nda haz\u0131rlanan Stratejik Plan, toplam 5000 MW ek kurulu g\u00fcce sahip hidroelektrik santrallerin (HES) 2013 y\u0131l\u0131na kadar tamamlanmas\u0131n\u0131 \u00f6ng\u00f6rmektedir. Ayn\u0131 stratejide 2009 itibar\u0131yla yakla\u015f\u0131k 800 MW d\u00fczeyinde olan r\u00fczg\u00e2r enerjisi kurulu g\u00fcc\u00fcn\u00fcn 2014 y\u0131l\u0131nda 10.000 MW\u2019a; 2009 y\u0131l\u0131nda 77,2 MW kurulu g\u00fcce sahip jeotermal enerjinin ise 2014\u2019de 300 MW d\u00fczeyine ula\u015ft\u0131r\u0131lmas\u0131 hedeflenmektedir.<\/p>\n<p><strong><em>Bunun i\u00e7in yaln\u0131z h\u00fck\u00fcmetlerin (h\u00fck\u00fcmetlerin s\u00f6z\u00fc yerine resmi makamlar\u0131n denmesi daha uygun gibi geliyor) de\u011fil, \u00f6zel sekt\u00f6r\u00fcn, sivil toplum kurulu\u015flar\u0131n\u0131n ve hatta bireylerin \u00fcstlenmesi gereken \u00e7ok \u00f6nemli roller bulunmaktad\u0131r.\u00a0 \u0130stenilen hedefe ula\u015fmada sekt\u00f6re destek olmak amac\u0131yla <\/em><\/strong><strong><em>T\u00fcm Enerji \u00dcretici ve T\u00fcketici Dernekleri Federasyonu ( ENERJ\u0130 FEDERASYONU ) kurulmu\u015f bulunmaktad\u0131r.<\/em><\/strong><\/p>\n<p>\u00dclkemizin enerji sekt\u00f6r\u00fcnde; enerji \u00e7e\u015fitlili\u011fini de sa\u011flayarak, \u00fcretim ve pazarlama a\u015famalar\u0131nda, kaliteden taviz vermeden,\u00a0 d\u00fcnyada g\u00fcvenilen ve tercih edilen lider \u00fclke olmas\u0131na katk\u0131 sa\u011flamak amac\u0131yla kurulan <strong>T\u00fcm Enerji \u00dcretici ve T\u00fcketici Dernekleri Federasyonu ( ENERJ\u0130 FEDERASYONU ) <\/strong>bu amac\u0131n\u0131 ger\u00e7ekle\u015ftirebilmek i\u00e7in;<\/p>\n<p>a.\u00a0\u00a0\u00a0\u00a0\u00a0\u00a0\u00a0\u00a0 Yenilenebilir enerjiye dayal\u0131 elektrik \u00fcretim kaynaklar\u0131n\u0131n ve \u00fcretim teknolojilerin geli\u015ftirilmesi ile verimlili\u011fin art\u0131r\u0131lmas\u0131 ama\u00e7l\u0131 ulusal ve uluslararas\u0131 projelere destek vererek \u00fclkemizin bu konudaki potansiyelinin de\u011ferlendirilmesine katk\u0131 sa\u011flayacak,<\/p>\n<p>b.\u00a0\u00a0\u00a0\u00a0\u00a0\u00a0\u00a0\u00a0 Enerji Federasyonunun ama\u00e7lar\u0131 ile \u00f6rt\u00fc\u015fen ulusal ve uluslararas\u0131 ki\u015fi, kurum ve kurulu\u015flarla i\u015fbirli\u011fi imkanlar\u0131n\u0131 geli\u015ftirecek, haz\u0131rlanan projelerin uygulanmas\u0131na \u00f6nc\u00fcl\u00fck yapacak veya projeleri uygulayacak,<\/p>\n<p>c.\u00a0\u00a0\u00a0\u00a0\u00a0\u00a0\u00a0\u00a0 Enerji de d\u0131\u015fa ba\u011f\u0131ml\u0131l\u0131\u011f\u0131n en aza indirilmesi ve bu konudaki sak\u0131ncalar\u0131n giderilmesine y\u00f6nelik al\u0131nacak \u00f6nlemler, \u00fcretim stratejileri ile AR-GE faaliyetlerini te\u015fvik edici bir politikan\u0131n benimsenmesine destek sa\u011flayacak,<\/p>\n<p>d.\u00a0\u00a0\u00a0\u00a0\u00a0\u00a0\u00a0\u00a0 T\u00fcketicilerin bilin\u00e7lendirilmesi y\u00f6n\u00fcnde \u00e7al\u0131\u015fmalara \u00f6nc\u00fcl\u00fck edecek, \u00e7evrenin geli\u015ftirilmesi ve korunmas\u0131n\u0131 g\u00f6zeten bir \u00e7al\u0131\u015fma \u00a0y\u00f6ntemi \u00a0izleyecektir.<\/p>\n<p style=\"text-align: right;\"><strong>Osman \u00d6ZBAY <\/strong><\/p>\n<p style=\"text-align: right;\"><span style=\"font-size: small;\"><span style=\"font-family: Times New Roman;\"> <strong>GENEL BA\u015eKAN<\/strong><\/span><\/span><\/p>\n<p style=\"text-align: left;\"><span style=\"font-size: small;\"><span style=\"font-family: Times New Roman;\">Kaynak: <a href=\"https:\/\/www.enerjigazetesi.ist\" target=\"_blank\">EnerjiGazetesi<\/a><\/span><\/span><\/p>\n<p style=\"text-align: right;\">\n<p><\/p>","protected":false},"excerpt":{"rendered":"<p>Sorry, this entry is only available in Turkish. For the sake of viewer convenience, the content is shown below in the alternative language. You may click the link to switch the active language.Beklenen Enerji Federasyonu \u00a0OSMAN \u00d6ZBAY Ba\u015fkanl\u0131\u011f\u0131nda Kuruldu\u2026 Enerji sekt\u00f6r\u00fcnde faaliyet g\u00f6steren derneklerin kat\u0131l\u0131m\u0131yla \u00fcst kurulu\u015flar\u0131 olan; T\u00fcm Enerji \u00dcretici ve T\u00fcketici Dernekleri Federasyonu [&hellip;]<\/p>\n","protected":false},"author":1,"featured_media":3874,"comment_status":"open","ping_status":"open","sticky":false,"template":"","format":"standard","meta":[],"categories":[53],"tags":[1115,67,1116,1117],"views":1586,"_links":{"self":[{"href":"https:\/\/www.enerjigazetesi.ist\/en\/wp-json\/wp\/v2\/posts\/3873"}],"collection":[{"href":"https:\/\/www.enerjigazetesi.ist\/en\/wp-json\/wp\/v2\/posts"}],"about":[{"href":"https:\/\/www.enerjigazetesi.ist\/en\/wp-json\/wp\/v2\/types\/post"}],"author":[{"embeddable":true,"href":"https:\/\/www.enerjigazetesi.ist\/en\/wp-json\/wp\/v2\/users\/1"}],"replies":[{"embeddable":true,"href":"https:\/\/www.enerjigazetesi.ist\/en\/wp-json\/wp\/v2\/comments?post=3873"}],"version-history":[{"count":5,"href":"https:\/\/www.enerjigazetesi.ist\/en\/wp-json\/wp\/v2\/posts\/3873\/revisions"}],"predecessor-version":[{"id":3876,"href":"https:\/\/www.enerjigazetesi.ist\/en\/wp-json\/wp\/v2\/posts\/3873\/revisions\/3876"}],"wp:featuredmedia":[{"embeddable":true,"href":"https:\/\/www.enerjigazetesi.ist\/en\/wp-json\/wp\/v2\/media\/3874"}],"wp:attachment":[{"href":"https:\/\/www.enerjigazetesi.ist\/en\/wp-json\/wp\/v2\/media?parent=3873"}],"wp:term":[{"taxonomy":"category","embeddable":true,"href":"https:\/\/www.enerjigazetesi.ist\/en\/wp-json\/wp\/v2\/categories?post=3873"},{"taxonomy":"post_tag","embeddable":true,"href":"https:\/\/www.enerjigazetesi.ist\/en\/wp-json\/wp\/v2\/tags?post=3873"}],"curies":[{"name":"wp","href":"https:\/\/api.w.org\/{rel}","templated":true}]}}