{"id":38727,"date":"2015-04-28T12:57:38","date_gmt":"2015-04-28T09:57:38","guid":{"rendered":"https:\/\/www.enerjigazetesi.ist\/?p=38727"},"modified":"2015-04-28T12:57:38","modified_gmt":"2015-04-28T09:57:38","slug":"nukleer-karsiti-platformu-uyeleri-akkuyu-ngsyi-protesto-etti","status":"publish","type":"post","link":"https:\/\/www.enerjigazetesi.ist\/en\/nukleer-karsiti-platformu-uyeleri-akkuyu-ngsyi-protesto-etti\/","title":{"rendered":"(Turkish) N\u00fckleer Kar\u015f\u0131t\u0131 Platformu \u00dcyeleri Akkuyu NGS\u2019yi Protesto Etti!"},"content":{"rendered":"<p class=\"qtranxs-available-languages-message qtranxs-available-languages-message-en\">Sorry, this entry is only available in <a href=\"https:\/\/www.enerjigazetesi.ist\/tr\/wp-json\/wp\/v2\/posts\/38727\" class=\"qtranxs-available-language-link qtranxs-available-language-link-tr\" title=\"Turkish\">Turkish<\/a>. For the sake of viewer convenience, the content is shown below in the alternative language. You may click the link to switch the active language.<\/p><p><\/p>\n<p style=\"color: #000000;\"><strong>\u00c7ernobil facias\u0131n\u0131n 29\u2019uncu y\u0131ld\u00f6n\u00fcm\u00fc nedeni ile toplanan Mersinli \u00e7evreciler, yapt\u0131klar\u0131 y\u00fcr\u00fcy\u00fc\u015f ve bas\u0131n a\u00e7\u0131klamas\u0131yla G\u00fclnar \u0130l\u00e7esi\u2019ne ba\u011fl\u0131 B\u00fcy\u00fckeceli Mahallesi\u2019ne yap\u0131lacak Akkuyu N\u00fckleer G\u00fc\u00e7 Santrali\u2019ne tepki g\u00f6sterdi.<\/strong><span id=\"more-71288\"><\/span><\/p>\n<p style=\"color: #000000;\">Aralar\u0131nda CHP Milletvekili Aytu\u011f At\u0131c\u0131 ve sivil toplum kurulu\u015flar\u0131 temsilcilerinin de bulundu\u011fu yakla\u015f\u0131k 100 k<a href=\"https:\/\/www.enerjigazetesi.ist\/wp-content\/uploads\/2015\/04\/nukleer-karsiti-platformu-uyeleri-akkuyu-ngsyi-protesto-etti.jpg\"><img loading=\"lazy\" class=\"alignright size-medium wp-image-38728\" src=\"https:\/\/www.enerjigazetesi.ist\/wp-content\/uploads\/2015\/04\/nukleer-karsiti-platformu-uyeleri-akkuyu-ngsyi-protesto-etti-300x206.jpg\" alt=\"A\" width=\"300\" height=\"206\" srcset=\"https:\/\/www.enerjigazetesi.ist\/wp-content\/uploads\/2015\/04\/nukleer-karsiti-platformu-uyeleri-akkuyu-ngsyi-protesto-etti-300x206.jpg 300w, https:\/\/www.enerjigazetesi.ist\/wp-content\/uploads\/2015\/04\/nukleer-karsiti-platformu-uyeleri-akkuyu-ngsyi-protesto-etti-500x344.jpg 500w, https:\/\/www.enerjigazetesi.ist\/wp-content\/uploads\/2015\/04\/nukleer-karsiti-platformu-uyeleri-akkuyu-ngsyi-protesto-etti-72x50.jpg 72w, https:\/\/www.enerjigazetesi.ist\/wp-content\/uploads\/2015\/04\/nukleer-karsiti-platformu-uyeleri-akkuyu-ngsyi-protesto-etti.jpg 670w\" sizes=\"(max-width: 300px) 100vw, 300px\" \/><\/a>i\u015filik grup, \u2018Mersin uyuma Akkuyu\u2019ya sahip \u00e7\u0131k\u2019, \u2018N\u00fckleere inat ya\u015fas\u0131n hayat\u2019, \u2018N\u00fckleer santral istemiyoruz\u2019 ve \u2018N\u00fckleer santral \u00f6l\u00fcm demektir\u2019 sloganlar\u0131 atarak Akkuyu N\u00fckleer G\u00fc\u00e7 Santrali Bilgilendirme Merkezi \u00f6n\u00fcne kadar y\u00fcr\u00fcd\u00fc. Burada baz\u0131 eylemciler beraberinde getirdi\u011fi mumlar\u0131 yakarken, NKP D\u00f6nem S\u00f6zc\u00fcs\u00fc Dr. Ful U\u011furhan, \u00c7ernobil facias\u0131n\u0131n d\u00fcnyada insan eliyle yarat\u0131lm\u0131\u015f en b\u00fcy\u00fck felaket oldu\u011funu belirtti.<\/p>\n<p style=\"color: #000000;\">Ya\u015fanan facia sonras\u0131 milyonlarca insan\u0131n \u00e7e\u015fitli hastal\u0131klar nedeni ile ya\u015fam\u0131n\u0131 yitirdi\u011fini hat\u0131rlatan U\u011furhan, \u201cG\u00f6r\u00fcld\u00fc\u011f\u00fc gibi n\u00fckleer santraller hi\u00e7 de ekonomik de\u011fildir. Bir kaza olursa ki kazalar son derece s\u0131k olmaktad\u0131r. \u00dclkelerin ekonomilerini de alt \u00fcst ediyor. \u0130nsanlar\u0131n ya\u015famlar\u0131n\u0131 da karabasanlara ge\u00e7iriyor. Bizde \u00fclkemizin tertemiz topraklar\u0131nda ilk n\u00fckleer santralin yap\u0131m\u0131n\u0131n planland\u0131\u011f\u0131 ilin insanlar\u0131 olarak bu kaderi ya\u015famak istemiyoruz\u201d dedi.<\/p>\n<p style=\"color: #000000;\">Kaynak: Enerji Enstit\u00fcs\u00fc<\/p>\n<p><\/p>","protected":false},"excerpt":{"rendered":"<p>Sorry, this entry is only available in Turkish. For the sake of viewer convenience, the content is shown below in the alternative language. You may click the link to switch the active language. \u00c7ernobil facias\u0131n\u0131n 29\u2019uncu y\u0131ld\u00f6n\u00fcm\u00fc nedeni ile toplanan Mersinli \u00e7evreciler, yapt\u0131klar\u0131 y\u00fcr\u00fcy\u00fc\u015f ve bas\u0131n a\u00e7\u0131klamas\u0131yla G\u00fclnar \u0130l\u00e7esi\u2019ne ba\u011fl\u0131 B\u00fcy\u00fckeceli Mahallesi\u2019ne yap\u0131lacak Akkuyu N\u00fckleer [&hellip;]<\/p>\n","protected":false},"author":1,"featured_media":38728,"comment_status":"open","ping_status":"open","sticky":false,"template":"","format":"standard","meta":[],"categories":[53,43],"tags":[3019,1303,22594,63,67,1009,2698,165,71,21,22595],"views":1358,"_links":{"self":[{"href":"https:\/\/www.enerjigazetesi.ist\/en\/wp-json\/wp\/v2\/posts\/38727"}],"collection":[{"href":"https:\/\/www.enerjigazetesi.ist\/en\/wp-json\/wp\/v2\/posts"}],"about":[{"href":"https:\/\/www.enerjigazetesi.ist\/en\/wp-json\/wp\/v2\/types\/post"}],"author":[{"embeddable":true,"href":"https:\/\/www.enerjigazetesi.ist\/en\/wp-json\/wp\/v2\/users\/1"}],"replies":[{"embeddable":true,"href":"https:\/\/www.enerjigazetesi.ist\/en\/wp-json\/wp\/v2\/comments?post=38727"}],"version-history":[{"count":1,"href":"https:\/\/www.enerjigazetesi.ist\/en\/wp-json\/wp\/v2\/posts\/38727\/revisions"}],"predecessor-version":[{"id":38729,"href":"https:\/\/www.enerjigazetesi.ist\/en\/wp-json\/wp\/v2\/posts\/38727\/revisions\/38729"}],"wp:featuredmedia":[{"embeddable":true,"href":"https:\/\/www.enerjigazetesi.ist\/en\/wp-json\/wp\/v2\/media\/38728"}],"wp:attachment":[{"href":"https:\/\/www.enerjigazetesi.ist\/en\/wp-json\/wp\/v2\/media?parent=38727"}],"wp:term":[{"taxonomy":"category","embeddable":true,"href":"https:\/\/www.enerjigazetesi.ist\/en\/wp-json\/wp\/v2\/categories?post=38727"},{"taxonomy":"post_tag","embeddable":true,"href":"https:\/\/www.enerjigazetesi.ist\/en\/wp-json\/wp\/v2\/tags?post=38727"}],"curies":[{"name":"wp","href":"https:\/\/api.w.org\/{rel}","templated":true}]}}