{"id":38677,"date":"2015-04-27T13:19:08","date_gmt":"2015-04-27T10:19:08","guid":{"rendered":"https:\/\/www.enerjigazetesi.ist\/?p=38677"},"modified":"2015-04-27T13:19:08","modified_gmt":"2015-04-27T10:19:08","slug":"simsek-akaryakitta-yuksek-vergi-turkiyenin-menfaatinedir","status":"publish","type":"post","link":"https:\/\/www.enerjigazetesi.ist\/en\/simsek-akaryakitta-yuksek-vergi-turkiyenin-menfaatinedir\/","title":{"rendered":"(Turkish) \u015eim\u015fek: \u201cAkaryak\u0131tta Y\u00fcksek Vergi T\u00fcrkiye\u2019nin Menfaatinedir!\u201d"},"content":{"rendered":"<p class=\"qtranxs-available-languages-message qtranxs-available-languages-message-en\">Sorry, this entry is only available in <a href=\"https:\/\/www.enerjigazetesi.ist\/tr\/wp-json\/wp\/v2\/posts\/38677\" class=\"qtranxs-available-language-link qtranxs-available-language-link-tr\" title=\"Turkish\">Turkish<\/a>. For the sake of viewer convenience, the content is shown below in the alternative language. You may click the link to switch the active language.<\/p><p><\/p>\n<p style=\"color: #000000;\"><strong>Maliye Bakan\u0131 \u015eim\u015fek, benzin ve motorindeki y\u00fcksek vergilerin y\u00fcksek oldu\u011funu kabul etti ancak bunun d\u00fc\u015f\u00fcr\u00fclmesinin s\u00f6z konusu olmad\u0131\u011f\u0131n\u0131 s\u00f6yledi. Akaryak\u0131t ba\u015fta olmak \u00fczere ithal \u00fcr\u00fcnlerde y\u00fcksek vergi uygulamas\u0131n\u0131n gerekli oldu\u011funu ileri s\u00fcren \u015eim\u015fek, \u201c\u0130thal etti\u011fimiz \u00fcr\u00fcnlerde vergiler y\u00fcksek. Y<img loading=\"lazy\" class=\"alignright size-medium wp-image-38678\" src=\"https:\/\/www.enerjigazetesi.ist\/wp-content\/uploads\/2015\/04\/simsek-akaryakitta-yuksek-vergi-turkiyenin-menfaatinedir-300x199.jpg\" alt=\"simsek-akaryakitta-yuksek-vergi-turkiyenin-menfaatinedir\" width=\"300\" height=\"199\" srcset=\"https:\/\/www.enerjigazetesi.ist\/wp-content\/uploads\/2015\/04\/simsek-akaryakitta-yuksek-vergi-turkiyenin-menfaatinedir-300x199.jpg 300w, https:\/\/www.enerjigazetesi.ist\/wp-content\/uploads\/2015\/04\/simsek-akaryakitta-yuksek-vergi-turkiyenin-menfaatinedir-500x332.jpg 500w, https:\/\/www.enerjigazetesi.ist\/wp-content\/uploads\/2015\/04\/simsek-akaryakitta-yuksek-vergi-turkiyenin-menfaatinedir-75x50.jpg 75w, https:\/\/www.enerjigazetesi.ist\/wp-content\/uploads\/2015\/04\/simsek-akaryakitta-yuksek-vergi-turkiyenin-menfaatinedir.jpg 821w\" sizes=\"(max-width: 300px) 100vw, 300px\" \/>\u00fcksek vergi T\u00fcrkiye\u2019nin menfaatinedir\u201d dedi.<\/strong><span id=\"more-71275\"><\/span><\/p>\n<p style=\"color: #000000;\">Son zamlar\u0131n ard\u0131ndan 1 litre benzinin fiyat\u0131 4.61 lira oldu. Bir depo benzin i\u00e7in s\u00fcr\u00fcc\u00fcler 253.5 lira \u00f6d\u00fcyor. Bunun 163.5 liras\u0131 vergi olarak al\u0131n\u0131yor. Yani benzinden vergi al\u0131nmasa 1 depo benzinin maliyeti sadece 89 lira olacak. Benzine y\u0131lba\u015f\u0131ndan bu yana 37 kuru\u015f zam yap\u0131ld\u0131.<\/p>\n<p style=\"color: #000000;\">B\u00f6ylece s\u00fcr\u00fcc\u00fclerin cebinden 20 lira daha fazla para \u00e7\u0131kt\u0131. \u0130thal \u00fcr\u00fcnlerde yap\u0131lan vergilendirmenin y\u00fcksek oldu\u011funu kabul eden \u015eim\u015fek, \u201cGe\u00e7en sene do\u011falgaz, petrol ve di\u011fer enerji \u00fcr\u00fcnlerine 55 milyar dolar \u00f6dedik. Do\u011falgaz\u0131n y\u00fczde 98\u2019ini, petrol\u00fcn y\u00fczde 95\u2019ini ithal ediyoruz. Bizim petrol\u00fcm\u00fcz yok, yeralt\u0131 zenginliklerimiz yok biz ekme\u011fimiz ta\u015ftan \u00e7\u0131kartan bir \u00fclkeyiz. Biz milletten toplad\u0131\u011f\u0131m\u0131z\u0131 tekrar millete uzun d\u00f6nem hizmet i\u00e7in harc\u0131yoruz.\u201d yorumunu yapt\u0131.<\/p>\n<p style=\"color: #000000;\">Kaynak: Enerji Enstit\u00fcs\u00fc<\/p>\n<p><\/p>","protected":false},"excerpt":{"rendered":"<p>Sorry, this entry is only available in Turkish. For the sake of viewer convenience, the content is shown below in the alternative language. You may click the link to switch the active language. Maliye Bakan\u0131 \u015eim\u015fek, benzin ve motorindeki y\u00fcksek vergilerin y\u00fcksek oldu\u011funu kabul etti ancak bunun d\u00fc\u015f\u00fcr\u00fclmesinin s\u00f6z konusu olmad\u0131\u011f\u0131n\u0131 s\u00f6yledi. Akaryak\u0131t ba\u015fta olmak [&hellip;]<\/p>\n","protected":false},"author":1,"featured_media":38678,"comment_status":"open","ping_status":"open","sticky":false,"template":"","format":"standard","meta":[],"categories":[53,44],"tags":[63,67,1009,2698,165,59,79],"views":594,"_links":{"self":[{"href":"https:\/\/www.enerjigazetesi.ist\/en\/wp-json\/wp\/v2\/posts\/38677"}],"collection":[{"href":"https:\/\/www.enerjigazetesi.ist\/en\/wp-json\/wp\/v2\/posts"}],"about":[{"href":"https:\/\/www.enerjigazetesi.ist\/en\/wp-json\/wp\/v2\/types\/post"}],"author":[{"embeddable":true,"href":"https:\/\/www.enerjigazetesi.ist\/en\/wp-json\/wp\/v2\/users\/1"}],"replies":[{"embeddable":true,"href":"https:\/\/www.enerjigazetesi.ist\/en\/wp-json\/wp\/v2\/comments?post=38677"}],"version-history":[{"count":1,"href":"https:\/\/www.enerjigazetesi.ist\/en\/wp-json\/wp\/v2\/posts\/38677\/revisions"}],"predecessor-version":[{"id":38679,"href":"https:\/\/www.enerjigazetesi.ist\/en\/wp-json\/wp\/v2\/posts\/38677\/revisions\/38679"}],"wp:featuredmedia":[{"embeddable":true,"href":"https:\/\/www.enerjigazetesi.ist\/en\/wp-json\/wp\/v2\/media\/38678"}],"wp:attachment":[{"href":"https:\/\/www.enerjigazetesi.ist\/en\/wp-json\/wp\/v2\/media?parent=38677"}],"wp:term":[{"taxonomy":"category","embeddable":true,"href":"https:\/\/www.enerjigazetesi.ist\/en\/wp-json\/wp\/v2\/categories?post=38677"},{"taxonomy":"post_tag","embeddable":true,"href":"https:\/\/www.enerjigazetesi.ist\/en\/wp-json\/wp\/v2\/tags?post=38677"}],"curies":[{"name":"wp","href":"https:\/\/api.w.org\/{rel}","templated":true}]}}