{"id":38658,"date":"2015-04-26T18:23:09","date_gmt":"2015-04-26T15:23:09","guid":{"rendered":"https:\/\/www.enerjigazetesi.ist\/?p=38658"},"modified":"2015-04-26T18:23:09","modified_gmt":"2015-04-26T15:23:09","slug":"kose-yazisi-turkiyenin-nukleer-gelecegi","status":"publish","type":"post","link":"https:\/\/www.enerjigazetesi.ist\/en\/kose-yazisi-turkiyenin-nukleer-gelecegi\/","title":{"rendered":"(Turkish) K\u00f6\u015fe Yaz\u0131s\u0131: T\u00fcrkiye\u2019nin N\u00fckleer Gelece\u011fi&#8230;"},"content":{"rendered":"<p class=\"qtranxs-available-languages-message qtranxs-available-languages-message-en\">Sorry, this entry is only available in <a href=\"https:\/\/www.enerjigazetesi.ist\/tr\/wp-json\/wp\/v2\/posts\/38658\" class=\"qtranxs-available-language-link qtranxs-available-language-link-tr\" title=\"Turkish\">Turkish<\/a>. For the sake of viewer convenience, the content is shown below in the alternative language. You may click the link to switch the active language.<\/p><p><strong>Y\u0131llard\u0131r yaz\u0131yorum: N\u00fckleer enerji bir bela kap\u0131s\u0131d\u0131r. Bu kap\u0131lardan biri de bar\u0131\u015f\u00e7\u0131\u2013sava\u015f\u00e7\u0131 n\u00fckleer enerji ayr\u0131m\u0131n\u0131n kesin olmay\u0131\u015f\u0131yla ilgilidir. N\u00fckleer santral kuran \u00fclkeler, n\u00fckleer bomba yapma yetene\u011fini elde edebilirler. Herkesin b\u00f6yle d\u00fc\u015f\u00fcnmedi\u011fi muhakkak, ama benim kan\u0131m, T\u00fcrkiye\u2019nin ne kalk\u0131nmak i\u00e7in n\u00fckleer enerjiye ne de kendini savunmak i\u00e7in n\u00fckleer bombaya ihtiyac\u0131 vard\u0131r.<\/strong><\/p>\n<p>Ge\u00e7en y\u0131l\u0131n ba\u015f\u0131nda \u015funlar\u0131 yazd\u0131m: \u201cAKP h\u00fck\u00fcmetinin derdi n\u00fckleer santrallerden sadece elektrik elde etmek de\u011fil. B\u00f6lgesel, hatta k\u00fcresel g\u00fc\u00e7 (!) olma iddias\u0131yla, T\u00fcrkiye 1980\u2019de N\u00fckleer Silahlar\u0131n Yay\u0131lmas\u0131n\u0131 \u00d6nleme Anla\u015fmas\u0131\u2019na tara<a href=\"https:\/\/www.enerjigazetesi.ist\/wp-content\/uploads\/2015\/04\/erdogandan-nukleer-santrale-onay.jpg\"><img loading=\"lazy\" class=\"alignright size-medium wp-image-38101\" src=\"https:\/\/www.enerjigazetesi.ist\/wp-content\/uploads\/2015\/04\/erdogandan-nukleer-santrale-onay-300x166.jpg\" alt=\"n\u00fckleer-santral\" width=\"300\" height=\"166\" srcset=\"https:\/\/www.enerjigazetesi.ist\/wp-content\/uploads\/2015\/04\/erdogandan-nukleer-santrale-onay-300x166.jpg 300w, https:\/\/www.enerjigazetesi.ist\/wp-content\/uploads\/2015\/04\/erdogandan-nukleer-santrale-onay-500x277.jpg 500w, https:\/\/www.enerjigazetesi.ist\/wp-content\/uploads\/2015\/04\/erdogandan-nukleer-santrale-onay-80x44.jpg 80w, https:\/\/www.enerjigazetesi.ist\/wp-content\/uploads\/2015\/04\/erdogandan-nukleer-santrale-onay.jpg 870w\" sizes=\"(max-width: 300px) 100vw, 300px\" \/><\/a>f oldu\u011fu i\u00e7in a\u00e7\u0131k\u00e7a ifade edemedi\u011fi ama\u00e7, n\u00fckleer silah yapmak, en az\u0131ndan n\u00fckleer silah \u00fcretmek i\u00e7in gerekli teknolojiye sahip olmak.<\/p>\n<p>T\u0131pk\u0131 \u0130ran gibi&#8230;\u201d diye yazd\u0131\u011f\u0131mda (Zaman, 14.01.2014) beni hi\u00e7 \u015fa\u015f\u0131rtmayan k\u0131yamet koptu. \u0130ktidar partisi goygoycular\u0131 sosyal medya \u00fczerinden etmedikleri hakareti b\u0131rakmad\u0131lar. S\u00f6ylediklerinin kibarcas\u0131 \u015fuydu: B\u00fcy\u00fck T\u00fcrkiye\u2019nin niye atom bombas\u0131 olmas\u0131n?! Kar\u015f\u0131 olmak vatan hainli\u011fine e\u015fittir. Ben kimseyi \u201cvatan hainli\u011fi\u201d ile su\u00e7lamam, ama \u00fclkenin ve halk\u0131n yarar\u0131na olmad\u0131\u011f\u0131n\u0131 d\u00fc\u015f\u00fcnd\u00fc\u011f\u00fcm her \u015feye kar\u015f\u0131 \u00e7\u0131kar, yazarl\u0131k g\u00f6revim gere\u011fi kamuoyunu uyarmaktan geri durmam.<\/p>\n<p>Yaz\u0131m, iktidar\u0131n baz\u0131 hassas noktalar\u0131na dokunmu\u015f olmal\u0131 ki, ehliyeti ve liyakati konusunda kamuoyunun yeterli bilgiye sahip oldu\u011fu Enerji ve Tabii Kaynaklar Bakan\u0131 Taner Y\u0131ld\u0131z, tepki g\u00f6stermekte gecikmedi: \u201cBir yazar\u0131m\u0131z \u2018dikkatli olun ey d\u00fcnya, b\u00f6yle bir risk var\u2019 diyor. Ben soruyorum, \u2018Bu arkada\u015f\u0131m\u0131z T\u00fcrkiye vatanda\u015f\u0131 m\u0131?\u2019\u201d (Milliyet, 17.01.2014) Sanki iktidar gibi d\u00fc\u015f\u00fcnmeyenler T\u00fcrk vatanda\u015f\u0131 olamazlarm\u0131\u015f ya da T\u00fcrkiye vatanda\u015flar\u0131 h\u00fck\u00fcmetten farkl\u0131 d\u00fc\u015f\u00fcnemezlermi\u015f gibi&#8230;<\/p>\n<p>T\u00fcrkiye\u2019nin n\u00fckleer enerji program\u0131, n\u00fckleer silahlanmay\u0131 da \u00f6ng\u00f6rebilir mi sorusu, hi\u00e7 yersiz olmayan, tabii ki sadece biz T\u00fcrkleri de\u011fil, Bat\u0131l\u0131 m\u00fcttefikleri de ilgilendiren bir soru. Merkezi Washington DC\u2019de bulunan Carnegie Endowment for International Peace\/Carnegie Uluslararas\u0131 Bar\u0131\u015f Vakf\u0131 taraf\u0131ndan yak\u0131nlarda yay\u0131mlanan \u201cTurkey\u2019s Nuclear Future\/T\u00fcrkiye\u2019nin N\u00fckleer Gelece\u011fi\u201d ba\u015fl\u0131kl\u0131 kitab\u0131n ele ald\u0131\u011f\u0131 sorulardan biri tam da bu. Carnegie Vakf\u0131\u2019n\u0131n ba\u015fkan yard\u0131mc\u0131s\u0131 (ve \u201cHindistan\u2019\u0131n N\u00fckleer Bombas\u0131\u201d ba\u015fl\u0131kl\u0131 kitab\u0131n yazar\u0131) George Perkovich ile Ekonomi ve D\u0131\u015f Politika Ara\u015ft\u0131rma Merkezi, EDAM\u2019\u0131n ba\u015fkan\u0131 Sinan \u00dclgen\u2019in edit\u00f6rl\u00fc\u011f\u00fcn\u00fc yapt\u0131klar\u0131 kitab\u0131n \u00f6ns\u00f6z\u00fcnde \u00dclgen, \u015fu hususlara dikkat \u00e7ekiyor:<\/p>\n<p>\u201cN\u00fckleer silahlara sahip olmayan b\u00fct\u00fcn \u00fclkeler N\u00fckleer Silahlar\u0131n Yay\u0131lmas\u0131n\u0131n \u00d6nlenmesi Anla\u015fmas\u0131\u2019na (NPT) taraf olduklar\u0131na g\u00f6re, n\u00fckleer silah elde etmek isteyen bir devletin gerekli teknik bilgiyi ve kaynaklar\u0131, bar\u0131\u015f\u00e7\u0131 n\u00fckleer program kisvesi alt\u0131nda elde etmeye \u00e7al\u0131\u015fmas\u0131\u201d beklenebilir. Ankara, \u201cn\u00fckleer teknoloji transferi konusunda istekli olup, uranyum zenginle\u015ftirme yetene\u011fine sahip olmaya ilgisiz\u201d de\u011fil. \u201cAnkara\u2019n\u0131n n\u00fckleer enerji politikas\u0131 t\u00fcm\u00fcyle sivil \u00e7er\u00e7evede kalabilir. Ama i\u00e7inde bulundu\u011fu g\u00fcvenlik ortam\u0131, ABD ve NATO g\u00fcvencelerinin evrimindeki belirsizlikler kar\u015f\u0131s\u0131nda, T\u00fcrk ve uluslararas\u0131 g\u00f6zlemcilerin T\u00fcrkiye\u2019nin bir g\u00fcn politikas\u0131n\u0131 de\u011fi\u015ftirebilece\u011fini hesaba katmalar\u0131 do\u011fald\u0131r.\u201d diyor.<\/p>\n<p>Konunun uzmanlar\u0131 olan Mustafa Kibaro\u011flu ve Jessia Vernum\u2019un katk\u0131lar\u0131 \u0131\u015f\u0131\u011f\u0131nda Perkovich\u2019in vard\u0131\u011f\u0131 sonu\u00e7 ise \u015f\u00f6yle: \u201cBu kitapta yer alan incelemeler, T\u00fcrk liderlerin \u00f6ng\u00f6r\u00fclebilir bir gelecek i\u00e7in, ulusal \u00e7\u0131karlar gere\u011fi ba\u011f\u0131ms\u0131z bir n\u00fckleer kuvvete sahip olmaktan ka\u00e7\u0131nacaklar\u0131na i\u015faret ediyor. T\u00fcrkiye\u2019nin n\u00fckleer silah elde etmeye y\u00f6nelmesi, ancak ABD ve NATO ile g\u00fcvenlik ili\u015fkisinin \u00e7\u00f6kmesi durumunda s\u00f6z konusu olabilir.\u201d<\/p>\n<p>Kitap, n\u00fckleer santrallerin g\u00fcvenlik sorunlar\u0131 gibi a\u00e7\u0131lardan da dikkate de\u011fer. \u0130leride bu a\u00e7\u0131lara da de\u011finece\u011fim.<\/p>\n<p>Yazan: \u015eahin ALPAY<\/p>\n<p>Kaynak: Zaman<\/p>","protected":false},"excerpt":{"rendered":"<p>Sorry, this entry is only available in Turkish. For the sake of viewer convenience, the content is shown below in the alternative language. You may click the link to switch the active language.Y\u0131llard\u0131r yaz\u0131yorum: N\u00fckleer enerji bir bela kap\u0131s\u0131d\u0131r. Bu kap\u0131lardan biri de bar\u0131\u015f\u00e7\u0131\u2013sava\u015f\u00e7\u0131 n\u00fckleer enerji ayr\u0131m\u0131n\u0131n kesin olmay\u0131\u015f\u0131yla ilgilidir. N\u00fckleer santral kuran \u00fclkeler, n\u00fckleer [&hellip;]<\/p>\n","protected":false},"author":1,"featured_media":38101,"comment_status":"open","ping_status":"open","sticky":false,"template":"","format":"standard","meta":[],"categories":[53,43],"tags":[63,67,1009,2698,165,71,21,12219,22571],"views":1369,"_links":{"self":[{"href":"https:\/\/www.enerjigazetesi.ist\/en\/wp-json\/wp\/v2\/posts\/38658"}],"collection":[{"href":"https:\/\/www.enerjigazetesi.ist\/en\/wp-json\/wp\/v2\/posts"}],"about":[{"href":"https:\/\/www.enerjigazetesi.ist\/en\/wp-json\/wp\/v2\/types\/post"}],"author":[{"embeddable":true,"href":"https:\/\/www.enerjigazetesi.ist\/en\/wp-json\/wp\/v2\/users\/1"}],"replies":[{"embeddable":true,"href":"https:\/\/www.enerjigazetesi.ist\/en\/wp-json\/wp\/v2\/comments?post=38658"}],"version-history":[{"count":1,"href":"https:\/\/www.enerjigazetesi.ist\/en\/wp-json\/wp\/v2\/posts\/38658\/revisions"}],"predecessor-version":[{"id":38659,"href":"https:\/\/www.enerjigazetesi.ist\/en\/wp-json\/wp\/v2\/posts\/38658\/revisions\/38659"}],"wp:featuredmedia":[{"embeddable":true,"href":"https:\/\/www.enerjigazetesi.ist\/en\/wp-json\/wp\/v2\/media\/38101"}],"wp:attachment":[{"href":"https:\/\/www.enerjigazetesi.ist\/en\/wp-json\/wp\/v2\/media?parent=38658"}],"wp:term":[{"taxonomy":"category","embeddable":true,"href":"https:\/\/www.enerjigazetesi.ist\/en\/wp-json\/wp\/v2\/categories?post=38658"},{"taxonomy":"post_tag","embeddable":true,"href":"https:\/\/www.enerjigazetesi.ist\/en\/wp-json\/wp\/v2\/tags?post=38658"}],"curies":[{"name":"wp","href":"https:\/\/api.w.org\/{rel}","templated":true}]}}