{"id":38636,"date":"2015-04-26T17:50:31","date_gmt":"2015-04-26T14:50:31","guid":{"rendered":"https:\/\/www.enerjigazetesi.ist\/?p=38636"},"modified":"2015-04-26T17:50:31","modified_gmt":"2015-04-26T14:50:31","slug":"iranin-nukleer-kapasitesini-olcmek-icin-abd-santralleri-kopyalamis","status":"publish","type":"post","link":"https:\/\/www.enerjigazetesi.ist\/en\/iranin-nukleer-kapasitesini-olcmek-icin-abd-santralleri-kopyalamis\/","title":{"rendered":"(Turkish) \u0130ran\u2019\u0131n N\u00fckleer Kapasitesini \u00d6l\u00e7mek \u0130\u00e7in ABD Santralleri Kopyalam\u0131\u015f&#8230;"},"content":{"rendered":"<p class=\"qtranxs-available-languages-message qtranxs-available-languages-message-en\">Sorry, this entry is only available in <a href=\"https:\/\/www.enerjigazetesi.ist\/tr\/wp-json\/wp\/v2\/posts\/38636\" class=\"qtranxs-available-language-link qtranxs-available-language-link-tr\" title=\"Turkish\">Turkish<\/a>. For the sake of viewer convenience, the content is shown below in the alternative language. You may click the link to switch the active language.<\/p><p><strong>Obama y\u00f6netiminin, \u0130ran\u2019la n\u00fckleer anla\u015fmaya varabilmek i\u00e7in bu \u00fclkenin n\u00fckleer santrallerinin ayn\u0131s\u0131n\u0131 in\u015fa ettirip, \u0130ran\u2019\u0131n n\u00fckleer kapasitesini \u00f6l\u00e7t\u00fc\u011f\u00fc ortaya \u00e7\u0131kt\u0131.<\/strong><\/p>\n<p>ABD\u2019de yay\u0131mlanan New York Times gazetesi, P5+1 \u00fclkeleriyle \u0130ran aras\u0131nda imzalanan n\u00fckleer anla\u015fman\u0131n arka plan\u0131na dair \u00e7arp\u0131c\u0131 bilgilere ula\u015ft\u0131.<span id=\"more-71265\"><\/span> Habere g\u00f6re ABD y\u00f6netimi, \u0130ran\u2019\u0131n tehlike i\u00e7eren n\u00fckleer santrallerinin ayn\u0131s\u0131n\u0131 in\u015fa ettirip, deneyler ger\u00e7ekle\u015ftirdi. Bu n\u00fckleer ara\u015ft\u0131rma merkezi, ABD Ba\u015fkan\u0131 Barack Obama\u2019n\u0131n iste\u011fi \u00fczerine, Tennessee eyaletinde, Oak Ridge adl\u0131 ormanl\u0131k bir alana in\u015fa edildi. 2013\u2019ten beri s\u00fcregelen n\u00fckleer m\u00fczakerelerde, ABD heyeti Oak Ridge\u2019deki uzmanlara dan\u0131\u015fmadan<a href=\"https:\/\/www.enerjigazetesi.ist\/wp-content\/uploads\/2015\/04\/iranin-nukleer-kapasitesini-olcmek-icin-abd-santralleri-kopyalamis.jpg\"><img loading=\"lazy\" class=\"alignleft wp-image-38637 size-medium\" src=\"https:\/\/www.enerjigazetesi.ist\/wp-content\/uploads\/2015\/04\/iranin-nukleer-kapasitesini-olcmek-icin-abd-santralleri-kopyalamis-300x157.jpg\" alt=\"iranin-nukleer-kapasitesini-olcmek-icin-abd-santralleri-kopyalamis\" width=\"300\" height=\"157\" srcset=\"https:\/\/www.enerjigazetesi.ist\/wp-content\/uploads\/2015\/04\/iranin-nukleer-kapasitesini-olcmek-icin-abd-santralleri-kopyalamis-300x157.jpg 300w, https:\/\/www.enerjigazetesi.ist\/wp-content\/uploads\/2015\/04\/iranin-nukleer-kapasitesini-olcmek-icin-abd-santralleri-kopyalamis-500x262.jpg 500w, https:\/\/www.enerjigazetesi.ist\/wp-content\/uploads\/2015\/04\/iranin-nukleer-kapasitesini-olcmek-icin-abd-santralleri-kopyalamis-80x41.jpg 80w, https:\/\/www.enerjigazetesi.ist\/wp-content\/uploads\/2015\/04\/iranin-nukleer-kapasitesini-olcmek-icin-abd-santralleri-kopyalamis.jpg 870w\" sizes=\"(max-width: 300px) 100vw, 300px\" \/><\/a> hi\u00e7bir ad\u0131m atmad\u0131. ABD\u2019nin en \u00f6nemli iste\u011fi \u0130ran\u2019\u0131n atom bombas\u0131 \u00fcretme s\u00fcrecini bir y\u0131la \u00e7\u0131karmakt\u0131. Obama, uluslararas\u0131 camian\u0131n bu bir y\u0131l i\u00e7inde \u0130ran\u2019a m\u00fcdahale edebilece\u011fini hesapl\u0131yordu. Uzmanlar \u0130ran\u2019\u0131n elindeki ekipmanlar\u0131n ayn\u0131s\u0131n\u0131 kullanarak, \u0130ranl\u0131 uzmanlar\u0131n ne gibi k\u0131s\u0131tlamalara tabi tutulmas\u0131 gerekti\u011fini ortaya \u00e7\u0131kard\u0131. Haberde, ismi a\u00e7\u0131klanmayan bir n\u00fckleer ara\u015ft\u0131rma uzman\u0131n\u0131n \u201cBu sayede, \u0130ran\u2019\u0131n santrif\u00fcjleri hakk\u0131nda ba\u015fka t\u00fcrl\u00fc \u00f6\u011frenemeyece\u011fimiz bilgiler edinmi\u015f olduk\u201d ifadelerine de yer verildi.<\/p>\n<p>ABD, Rusya, \u00c7in, Fransa, \u0130ngiltere ve Almanya\u2019dan olu\u015fan P5+1 \u00fclkelerinin \u0130ran\u2019la imzalad\u0131\u011f\u0131 \u00e7er\u00e7eve anla\u015fman\u0131n detaylar\u0131 g\u00f6r\u00fc\u015f\u00fclmeye devam ediyor. \u00d6nceki g\u00fcn AB yetkilileriyle masaya oturan \u0130ran D\u0131\u015fi\u015fleri Bakan Yard\u0131mc\u0131s\u0131 Abbas Arak\u00e7\u0131, d\u00fcn ABD\u2019li yetkililerle Viyana\u2019da bir araya geldi. Taraflar, 2 Nisan\u2019da imzalan \u00e7er\u00e7eve anla\u015fmay\u0131 haziran sonuna kadar nihai anla\u015fmaya \u00e7evirmek i\u00e7in mesai harc\u0131yor.<\/p>\n<p>Kaynak: Enerji Enstit\u00fcs\u00fc<\/p>","protected":false},"excerpt":{"rendered":"<p>Sorry, this entry is only available in Turkish. For the sake of viewer convenience, the content is shown below in the alternative language. You may click the link to switch the active language.Obama y\u00f6netiminin, \u0130ran\u2019la n\u00fckleer anla\u015fmaya varabilmek i\u00e7in bu \u00fclkenin n\u00fckleer santrallerinin ayn\u0131s\u0131n\u0131 in\u015fa ettirip, \u0130ran\u2019\u0131n n\u00fckleer kapasitesini \u00f6l\u00e7t\u00fc\u011f\u00fc ortaya \u00e7\u0131kt\u0131. ABD\u2019de yay\u0131mlanan New [&hellip;]<\/p>\n","protected":false},"author":1,"featured_media":38637,"comment_status":"open","ping_status":"open","sticky":false,"template":"","format":"standard","meta":[],"categories":[53,43],"tags":[1198,63,67,1009,165,1333,10663,22562,22563,71,12224,21,10166,12223],"views":758,"_links":{"self":[{"href":"https:\/\/www.enerjigazetesi.ist\/en\/wp-json\/wp\/v2\/posts\/38636"}],"collection":[{"href":"https:\/\/www.enerjigazetesi.ist\/en\/wp-json\/wp\/v2\/posts"}],"about":[{"href":"https:\/\/www.enerjigazetesi.ist\/en\/wp-json\/wp\/v2\/types\/post"}],"author":[{"embeddable":true,"href":"https:\/\/www.enerjigazetesi.ist\/en\/wp-json\/wp\/v2\/users\/1"}],"replies":[{"embeddable":true,"href":"https:\/\/www.enerjigazetesi.ist\/en\/wp-json\/wp\/v2\/comments?post=38636"}],"version-history":[{"count":1,"href":"https:\/\/www.enerjigazetesi.ist\/en\/wp-json\/wp\/v2\/posts\/38636\/revisions"}],"predecessor-version":[{"id":38638,"href":"https:\/\/www.enerjigazetesi.ist\/en\/wp-json\/wp\/v2\/posts\/38636\/revisions\/38638"}],"wp:featuredmedia":[{"embeddable":true,"href":"https:\/\/www.enerjigazetesi.ist\/en\/wp-json\/wp\/v2\/media\/38637"}],"wp:attachment":[{"href":"https:\/\/www.enerjigazetesi.ist\/en\/wp-json\/wp\/v2\/media?parent=38636"}],"wp:term":[{"taxonomy":"category","embeddable":true,"href":"https:\/\/www.enerjigazetesi.ist\/en\/wp-json\/wp\/v2\/categories?post=38636"},{"taxonomy":"post_tag","embeddable":true,"href":"https:\/\/www.enerjigazetesi.ist\/en\/wp-json\/wp\/v2\/tags?post=38636"}],"curies":[{"name":"wp","href":"https:\/\/api.w.org\/{rel}","templated":true}]}}