{"id":38608,"date":"2015-04-25T16:27:31","date_gmt":"2015-04-25T13:27:31","guid":{"rendered":"https:\/\/www.enerjigazetesi.ist\/?p=38608"},"modified":"2015-04-25T16:27:31","modified_gmt":"2015-04-25T13:27:31","slug":"solar-baba-gunes-enerjisi-konferansi-2015-04-05-mayista-duzenleniyor","status":"publish","type":"post","link":"https:\/\/www.enerjigazetesi.ist\/en\/solar-baba-gunes-enerjisi-konferansi-2015-04-05-mayista-duzenleniyor\/","title":{"rendered":"(Turkish) Solar Baba G\u00fcne\u015f Enerjisi Konferans\u0131 2015, 04-05 May\u0131s&#8217;ta D\u00fczenleniyor&#8230;"},"content":{"rendered":"<p class=\"qtranxs-available-languages-message qtranxs-available-languages-message-en\">Sorry, this entry is only available in <a href=\"https:\/\/www.enerjigazetesi.ist\/tr\/wp-json\/wp\/v2\/posts\/38608\" class=\"qtranxs-available-language-link qtranxs-available-language-link-tr\" title=\"Turkish\">Turkish<\/a>. For the sake of viewer convenience, the content is shown below in the alternative language. You may click the link to switch the active language.<\/p><p><\/p>\n<p style=\"color: #323538;\"><strong>G\u00fcne\u015f enerjisi d\u00fcnyada oldu\u011fu gibi T\u00fcrkiye&#8217;nin de k\u0131sa bir s\u00fcre sonra en \u00f6nemli yerli-temiz ve ucuz enerji kaynaklar\u0131ndan biri olacakt\u0131r.<\/strong><\/p>\n<p style=\"color: #323538;\">Son y\u0131llarda y\u00fcr\u00fcrl\u00fc\u011fe konan yasal mevzuatlar\u0131n ve h\u0131zla d\u00fc\u015fen fiyatlar\u0131n etkisi ile g\u00fcne\u015f enerjisine olan ilgi artm\u0131\u015f, hen\u00fcz istenilen seviyede olmasa da farkl\u0131 b\u00fcy\u00fckl\u00fcklerde g\u00fcne\u015f enerjisi santrallerinin kurulumlar\u0131 artm\u0131\u015ft\u0131r.<a href=\"https:\/\/www.enerjigazetesi.ist\/wp-content\/uploads\/2015\/04\/gunes-enerjisi-konferansi-solar-baba-2015.jpg\"><img loading=\"lazy\" class=\"alignright size-medium wp-image-38609\" src=\"https:\/\/www.enerjigazetesi.ist\/wp-content\/uploads\/2015\/04\/gunes-enerjisi-konferansi-solar-baba-2015-300x157.jpg\" alt=\"gunes-enerjisi-konferansi-solar-baba-2015\" width=\"300\" height=\"157\" srcset=\"https:\/\/www.enerjigazetesi.ist\/wp-content\/uploads\/2015\/04\/gunes-enerjisi-konferansi-solar-baba-2015-300x157.jpg 300w, https:\/\/www.enerjigazetesi.ist\/wp-content\/uploads\/2015\/04\/gunes-enerjisi-konferansi-solar-baba-2015-500x263.jpg 500w, https:\/\/www.enerjigazetesi.ist\/wp-content\/uploads\/2015\/04\/gunes-enerjisi-konferansi-solar-baba-2015-80x42.jpg 80w, https:\/\/www.enerjigazetesi.ist\/wp-content\/uploads\/2015\/04\/gunes-enerjisi-konferansi-solar-baba-2015.jpg 631w\" sizes=\"(max-width: 300px) 100vw, 300px\" \/><\/a><\/p>\n<p style=\"color: #323538;\">Bu geli\u015fmelere paralel olarak sekt\u00f6r\u00fcm\u00fczde bir\u00e7ok g\u00fcncel sorun da g\u00f6r\u00fcn\u00fcr ve tart\u0131\u015f\u0131l\u0131r hale gelmi\u015ftir.<\/p>\n<p style=\"color: #323538;\">Solarbaba konferans\u0131nda t\u00fcm bu mevcut sorunlara \u00e7\u00f6z\u00fcm \u00f6nerileri getirilip, konunun yerli ve yabanc\u0131 uzmanlar\u0131 ile g\u00fcne\u015f enerjisine bir b\u00fct\u00fcn olarak bakmaya\u00a0\u00e7al\u0131\u015f\u0131lacakt\u0131r.<\/p>\n<p style=\"color: #323538;\"><strong>3 paralel salonda<\/strong> ger\u00e7ekle\u015fecek etkinli\u011fimizde sahada ya\u015fanan teknik ve hukuki sorunlardan g\u00fcne\u015f enerjili tekstil \u00fcr\u00fcnlerine, yeni teknolojilerden tar\u0131msal sulamaya, farkl\u0131 finans \u00e7\u00f6z\u00fcmlerinden g\u00fcne\u015f enerjisinin depolanmas\u0131na, sekt\u00f6rdeki insan kayna\u011f\u0131 probleminden g\u00fcne\u015f enerjisinin \u00fclkemize kazand\u0131racaklar\u0131na uzanan \u00e7ok geni\u015f bir yelpazede tablonun tamam\u0131 g\u00f6r\u00fclmeye\u00a0\u00e7al\u0131\u015f\u0131lacakt\u0131r.<\/p>\n<p style=\"color: #323538;\"><strong>G\u00fcne\u015f enerjisi sekt\u00f6r\u00fcnde<\/strong> yer alm\u0131\u015f ve almak isteyen<strong> t\u00fcm \u015fah\u0131s ve kurumlar\u0131n<\/strong> iki g\u00fcnl\u00fck bu etkinli\u011fimizden hem \u00f6nemli miktarda bilgi hem de keyif alarak ayr\u0131laca\u011f\u0131n\u0131 \u00fcmit etmekteyiz&#8230;<\/p>\n<p style=\"color: #323538;\"><strong>Ate\u015f U\u011furel, Platform Ba\u015fkan\u0131<\/strong><\/p>\n<p style=\"color: #323538;\"><strong>Konferans\u0131n Tarihi:<\/strong> 04-05 May\u0131s 2015<\/p>\n<p style=\"color: #323538;\"><strong>Konferans\u0131n Yeri:<\/strong> \u0130stanbul \/ Harbiye &#8211; Askeri M\u00fczesi<\/p>\n<p style=\"color: #323538;\"><a href=\"http:\/\/www.solarbaba.org\/index.html\" target=\"_blank\"><strong>Konferans Hakk\u0131nda Detayl\u0131 Bilgi \u0130\u00e7in TIKLAYINIZ&gt;&gt;&gt;<\/strong><\/a><\/p>\n<p style=\"color: #323538;\"><a href=\"http:\/\/www.solarbaba.org\/program\" target=\"_blank\"><strong>Konferans Program\u0131 \u0130\u00e7in TIKLAYINIZ&gt;&gt;&gt;<\/strong><\/a><\/p>\n<p style=\"color: #323538;\">Yay\u0131nc\u0131: <a href=\"https:\/\/www.enerjigazetesi.ist\" target=\"_blank\">Enerji Gazetesi<\/a><\/p>\n<p><\/p>","protected":false},"excerpt":{"rendered":"<p>Sorry, this entry is only available in Turkish. For the sake of viewer convenience, the content is shown below in the alternative language. You may click the link to switch the active language. G\u00fcne\u015f enerjisi d\u00fcnyada oldu\u011fu gibi T\u00fcrkiye&#8217;nin de k\u0131sa bir s\u00fcre sonra en \u00f6nemli yerli-temiz ve ucuz enerji kaynaklar\u0131ndan biri olacakt\u0131r. Son y\u0131llarda [&hellip;]<\/p>\n","protected":false},"author":1,"featured_media":38609,"comment_status":"open","ping_status":"open","sticky":false,"template":"","format":"standard","meta":[],"categories":[53,49],"tags":[63,67,1009,2698,165,227,13,22552,22553],"views":983,"_links":{"self":[{"href":"https:\/\/www.enerjigazetesi.ist\/en\/wp-json\/wp\/v2\/posts\/38608"}],"collection":[{"href":"https:\/\/www.enerjigazetesi.ist\/en\/wp-json\/wp\/v2\/posts"}],"about":[{"href":"https:\/\/www.enerjigazetesi.ist\/en\/wp-json\/wp\/v2\/types\/post"}],"author":[{"embeddable":true,"href":"https:\/\/www.enerjigazetesi.ist\/en\/wp-json\/wp\/v2\/users\/1"}],"replies":[{"embeddable":true,"href":"https:\/\/www.enerjigazetesi.ist\/en\/wp-json\/wp\/v2\/comments?post=38608"}],"version-history":[{"count":1,"href":"https:\/\/www.enerjigazetesi.ist\/en\/wp-json\/wp\/v2\/posts\/38608\/revisions"}],"predecessor-version":[{"id":38610,"href":"https:\/\/www.enerjigazetesi.ist\/en\/wp-json\/wp\/v2\/posts\/38608\/revisions\/38610"}],"wp:featuredmedia":[{"embeddable":true,"href":"https:\/\/www.enerjigazetesi.ist\/en\/wp-json\/wp\/v2\/media\/38609"}],"wp:attachment":[{"href":"https:\/\/www.enerjigazetesi.ist\/en\/wp-json\/wp\/v2\/media?parent=38608"}],"wp:term":[{"taxonomy":"category","embeddable":true,"href":"https:\/\/www.enerjigazetesi.ist\/en\/wp-json\/wp\/v2\/categories?post=38608"},{"taxonomy":"post_tag","embeddable":true,"href":"https:\/\/www.enerjigazetesi.ist\/en\/wp-json\/wp\/v2\/tags?post=38608"}],"curies":[{"name":"wp","href":"https:\/\/api.w.org\/{rel}","templated":true}]}}