{"id":38601,"date":"2015-04-24T12:13:14","date_gmt":"2015-04-24T09:13:14","guid":{"rendered":"https:\/\/www.enerjigazetesi.ist\/?p=38601"},"modified":"2015-05-23T15:18:50","modified_gmt":"2015-05-23T12:18:50","slug":"istanbul-autoshow-2015te-12-otomobil-markasi-25-yeni-modeli-tanitacak","status":"publish","type":"post","link":"https:\/\/www.enerjigazetesi.ist\/en\/istanbul-autoshow-2015te-12-otomobil-markasi-25-yeni-modeli-tanitacak\/","title":{"rendered":"(Turkish) \u0130stanbul Autoshow 2015\u2019te 12 Otomobil Markas\u0131 25 Yeni Modeli Tan\u0131tacak!"},"content":{"rendered":"<p class=\"qtranxs-available-languages-message qtranxs-available-languages-message-en\">Sorry, this entry is only available in <a href=\"https:\/\/www.enerjigazetesi.ist\/tr\/wp-json\/wp\/v2\/posts\/38601\" class=\"qtranxs-available-language-link qtranxs-available-language-link-tr\" title=\"Turkish\">Turkish<\/a>. For the sake of viewer convenience, the content is shown below in the alternative language. You may click the link to switch the active language.<\/p><p><strong>T\u00dcYAP Fuar ve Kongre Merkezi\u2019nde 22-31 May\u0131s\u2019ta d\u00fczenlenecek \u0130stanbul Autoshow 2015\u2019te, Opel, Kia, Fiat, Mercedes, Aston Martin, Jaguar, Mitsubishi, Renault, Suzuki, Hyundai, BMW ve Subaru 25 yeni modelin tan\u0131t\u0131m\u0131n\u0131 yapacak.<\/strong><\/p>\n<p><strong> Otomotiv Distrib\u00fct\u00f6rleri Derne\u011fi<\/strong>) ve <strong>T\u00dcYAP T\u00fcm Fuarc\u0131l\u0131k Yap\u0131m A.\u015e.<\/strong> i\u015fbirli\u011fi ile <strong>22-31 May\u0131s 2015<\/strong> tarihleri aras\u0131nda, <strong>T\u00dcYAP Fuar ve Kongre Merkezi Beylikd\u00fcz\u00fc<\/strong>\u2019nde d\u00fczenlenecek <strong>\u0130stanbul Autoshow 2015\u2019e <\/strong>kat\u0131lacak otomobil markalar\u0131ndan 12\u2019si 25 farkl\u0131 model arac\u0131n lansman\u0131n\u0131 ger\u00e7ekle\u015ftirecek. T\u00dcYAP\u2019ta,14 salon ve toplam 120.000 metrekare kapal\u0131 alanda d\u00fczenlenecek Autoshow 2015\u2019te Opel, Kia, Fiat, Mercedes, Aston Martin,<a href=\"https:\/\/www.enerjigazetesi.ist\/wp-content\/uploads\/2015\/04\/istanbul-autoshow-2015te-12-otomobil-markasi-25-yeni-modeli-tanitacak.jpg\"><img loading=\"lazy\" class=\"alignright size-medium wp-image-38602\" src=\"https:\/\/www.enerjigazetesi.ist\/wp-content\/uploads\/2015\/04\/istanbul-autoshow-2015te-12-otomobil-markasi-25-yeni-modeli-tanitacak-300x198.jpg\" alt=\"istanbul-autoshow-2015te-12-otomobil-markasi-25-yeni-modeli-tanitacak\" width=\"300\" height=\"198\" srcset=\"https:\/\/www.enerjigazetesi.ist\/wp-content\/uploads\/2015\/04\/istanbul-autoshow-2015te-12-otomobil-markasi-25-yeni-modeli-tanitacak-300x198.jpg 300w, https:\/\/www.enerjigazetesi.ist\/wp-content\/uploads\/2015\/04\/istanbul-autoshow-2015te-12-otomobil-markasi-25-yeni-modeli-tanitacak-500x330.jpg 500w, https:\/\/www.enerjigazetesi.ist\/wp-content\/uploads\/2015\/04\/istanbul-autoshow-2015te-12-otomobil-markasi-25-yeni-modeli-tanitacak-75x50.jpg 75w, https:\/\/www.enerjigazetesi.ist\/wp-content\/uploads\/2015\/04\/istanbul-autoshow-2015te-12-otomobil-markasi-25-yeni-modeli-tanitacak.jpg 620w\" sizes=\"(max-width: 300px) 100vw, 300px\" \/><\/a> Jaguar, Mitsubishi, Renault, Suzuki, Hyundai, BMW ve Subaru 25 yeni modelin tan\u0131t\u0131m\u0131n\u0131 yapacaklar ve otomobil tutkunlar\u0131 d\u00fcnyan\u0131n yeni harikalar\u0131 olan son model otomobillerle bulu\u015facak.<\/p>\n<p>T\u00fcrkiye\u2019nin ve otomotiv sekt\u00f6r\u00fcn\u00fcn yurti\u00e7i ve yurtd\u0131\u015f\u0131ndaki itibar\u0131na ve bilinirli\u011fine katk\u0131 sa\u011flayacak en \u00f6nemli etkinliklerden birisi olan \u0130stanbul Autoshow bu y\u0131l \u201charikalar diyar\u0131\u201d konsepti ile ziyaret\u00e7ilerini kar\u015f\u0131layacak. Konsept, otomobil markalar\u0131n\u0131n art\u0131k fuarlar\u0131 sadece yeni modellerini sergileyecekleri bir alan olarak de\u011fil ayn\u0131 zamanda gelece\u011fin teknolojilerini t\u00fcketici ile tan\u0131\u015ft\u0131rmak i\u00e7in bir platform olarak da g\u00f6rd\u00fc\u011f\u00fc ger\u00e7e\u011finden yola \u00e7\u0131karak geli\u015ftirildi.<\/p>\n<p>Fuarlarda <em>sergilenen \u2018acaba ger\u00e7e\u011fe d\u00f6n\u00fc\u015f\u00fcr m\u00fc, \u00e7ok mu f\u00fct\u00fcristik?\u2019<\/em> diye d\u00fc\u015f\u00fcn\u00fclen bir teknolojinin k\u0131sa s\u00fcrede sat\u0131\u015fa sunulan modellerde yer almas\u0131 art\u0131k \u015fa\u015f\u0131rt\u0131c\u0131 de\u011fil. Son d\u00f6nemde yeni teknolojilerin hayata ge\u00e7me s\u00fcresi de olduk\u00e7a k\u0131sald\u0131 ve birka\u00e7 y\u0131l \u00f6nce hayal olan \u00f6zellikler h\u0131zl\u0131ca ger\u00e7e\u011fe d\u00f6n\u00fc\u015febiliyor. Bu yakla\u015f\u0131mla geli\u015ftirilen \u2018harikalar diyar\u0131\u2019 konsepti kapsam\u0131nda sergilenecek otomobillerde \u2018d\u00fcnyan\u0131n yeni harikalar\u0131\u2019 olarak tan\u0131mland\u0131.<\/p>\n<p>\u0130stanbul Autoshow 2015, T\u00dcYAP Fuar ve Kongre Merkezi Beylikd\u00fcz\u00fc\u2019nde, 120.000 metrekare kapal\u0131 ve 25.000 metrekare a\u00e7\u0131k olmak \u00fczere toplam 145.000 metrekarelik fuar alan\u0131nda ger\u00e7ekle\u015ftirilecek. Gerek kat\u0131l\u0131mc\u0131 gerek ziyaret\u00e7i profiliyle d\u00fcnyan\u0131n en \u00f6nemli otomobil fuarlar\u0131 aras\u0131nda yer alan \u0130stanbul Autoshow, hem yarat\u0131c\u0131 konseptiyle hem de markalar\u0131yla bu y\u0131l da ziyaret\u00e7ileri b\u00fcy\u00fcleyecek.<\/p>\n<p>21 May\u0131s\u2019ta bas\u0131n ve VIP a\u00e7\u0131l\u0131\u015f\u0131 yap\u0131lacak olan fuar, 22-31 May\u0131s 2015 tarihleri aras\u0131nda ziyaret\u00e7ilere a\u00e7\u0131k olacak. Otomobil markalar\u0131 en dikkat \u00e7ekici standlar\u0131, organizat\u00f6rler ise en keyifli etkinlikleri sunmaki\u00e7in \u015fimdiden haz\u0131rl\u0131klara ba\u015flad\u0131. Sekt\u00f6r\u00fc m\u00fc\u015fterileriyle ayn\u0131 \u00e7at\u0131 alt\u0131nda bulu\u015fturan fuar, yeni harikalar\u0131yla g\u00f6z kama\u015ft\u0131racak. T\u00dcYAP Fuar ve Kongre Merkezi Beylikd\u00fcz\u00fc\u2019nde ger\u00e7ekle\u015fecek \u0130stanbul Autoshow i\u00e7in ziyaret saatleri hafta i\u00e7i <strong>12:00 \u2013 21:00,<\/strong> hafta sonu ise <strong>11:00 \u2013 21:00<\/strong> olarak belirlendi.<\/p>\n<p>\u0130lk g\u00fcnden bu yana s\u00fcrekli geli\u015fen ve b\u00fcy\u00fcyen \u0130stanbul Autoshow, bug\u00fcn sadece T\u00fcrkiye\u2019nin de\u011fil Avrupa\u2019n\u0131n en \u00f6nemli otomobil fuarlar\u0131ndan biri. \u0130stanbul Autoshow, 2006 y\u0131l\u0131nda uluslararas\u0131 otomotiv \u00fcreticileri derne\u011fi OICA taraf\u0131ndan Uluslararas\u0131 Otomotiv Fuarlar\u0131 Takvimi\u2019ne al\u0131nd\u0131 ve resmi olarak d\u00fcnyaca kabul g\u00f6ren bir fuar haline geldi. Otomotiv fuarlar\u0131 i\u00e7indebelli bir d\u00fczeye ve kaliteye ula\u015fanlar\u0131n al\u0131nd\u0131\u011f\u0131 takvime girebilmi\u015f olmak, T\u00fcrkiye otomotiv sekt\u00f6r\u00fcn\u00fcn uluslararas\u0131 alandaki prestiji a\u00e7\u0131s\u0131ndan da son derece \u00f6nemli.<\/p>\n<p>\u0130stanbul Autoshow 2015\u2019inana sponsorlu\u011funu\u00a0<strong>Shell<\/strong>, ula\u015f\u0131m sponsorlu\u011funu <strong>Continental<\/strong>, etkinlik sponsorlu\u011funu <strong>\u00c7elik Motor Filo<\/strong>, hizmet sponsorlu\u011funu <strong>Generali Sigorta ve <\/strong>medya sponsorlu\u011funu<strong> Do\u011fan Burda Grubu<\/strong> \u00fcstleniyor.<\/p>\n<p>Yay\u0131nc\u0131: <a href=\"https:\/\/www.enerjigazetesi.ist\" target=\"_blank\">Enerji Gazetesi<\/a><\/p>","protected":false},"excerpt":{"rendered":"<p>Sorry, this entry is only available in Turkish. For the sake of viewer convenience, the content is shown below in the alternative language. You may click the link to switch the active language.T\u00dcYAP Fuar ve Kongre Merkezi\u2019nde 22-31 May\u0131s\u2019ta d\u00fczenlenecek \u0130stanbul Autoshow 2015\u2019te, Opel, Kia, Fiat, Mercedes, Aston Martin, Jaguar, Mitsubishi, Renault, Suzuki, Hyundai, BMW [&hellip;]<\/p>\n","protected":false},"author":1,"featured_media":38602,"comment_status":"open","ping_status":"open","sticky":false,"template":"","format":"standard","meta":[],"categories":[53,4,157],"tags":[22550,63,67,165,22546,22549,4661,22551,22548,22547],"views":1756,"_links":{"self":[{"href":"https:\/\/www.enerjigazetesi.ist\/en\/wp-json\/wp\/v2\/posts\/38601"}],"collection":[{"href":"https:\/\/www.enerjigazetesi.ist\/en\/wp-json\/wp\/v2\/posts"}],"about":[{"href":"https:\/\/www.enerjigazetesi.ist\/en\/wp-json\/wp\/v2\/types\/post"}],"author":[{"embeddable":true,"href":"https:\/\/www.enerjigazetesi.ist\/en\/wp-json\/wp\/v2\/users\/1"}],"replies":[{"embeddable":true,"href":"https:\/\/www.enerjigazetesi.ist\/en\/wp-json\/wp\/v2\/comments?post=38601"}],"version-history":[{"count":5,"href":"https:\/\/www.enerjigazetesi.ist\/en\/wp-json\/wp\/v2\/posts\/38601\/revisions"}],"predecessor-version":[{"id":38607,"href":"https:\/\/www.enerjigazetesi.ist\/en\/wp-json\/wp\/v2\/posts\/38601\/revisions\/38607"}],"wp:featuredmedia":[{"embeddable":true,"href":"https:\/\/www.enerjigazetesi.ist\/en\/wp-json\/wp\/v2\/media\/38602"}],"wp:attachment":[{"href":"https:\/\/www.enerjigazetesi.ist\/en\/wp-json\/wp\/v2\/media?parent=38601"}],"wp:term":[{"taxonomy":"category","embeddable":true,"href":"https:\/\/www.enerjigazetesi.ist\/en\/wp-json\/wp\/v2\/categories?post=38601"},{"taxonomy":"post_tag","embeddable":true,"href":"https:\/\/www.enerjigazetesi.ist\/en\/wp-json\/wp\/v2\/tags?post=38601"}],"curies":[{"name":"wp","href":"https:\/\/api.w.org\/{rel}","templated":true}]}}