{"id":3857,"date":"2012-11-25T13:00:58","date_gmt":"2012-11-25T10:00:58","guid":{"rendered":"https:\/\/www.enerjigazetesi.ist\/?p=3857"},"modified":"2012-11-26T11:01:55","modified_gmt":"2012-11-26T08:01:55","slug":"enerji-faturalari-artacak","status":"publish","type":"post","link":"https:\/\/www.enerjigazetesi.ist\/en\/enerji-faturalari-artacak\/","title":{"rendered":"(Turkish) Enerji Faturalar\u0131 Artacak"},"content":{"rendered":"<p class=\"qtranxs-available-languages-message qtranxs-available-languages-message-en\">Sorry, this entry is only available in <a href=\"https:\/\/www.enerjigazetesi.ist\/tr\/wp-json\/wp\/v2\/posts\/3857\" class=\"qtranxs-available-language-link qtranxs-available-language-link-tr\" title=\"Turkish\">Turkish<\/a>. For the sake of viewer convenience, the content is shown below in the alternative language. You may click the link to switch the active language.<\/p><p><strong>H\u00fck\u00fcmet taraf\u0131ndan uygulanan yeni vergiler, gelecek y\u0131l enerji faturalar\u0131n\u0131n yakla\u015f\u0131k olarak 20-30 euro artmas\u0131na neden olacak.<\/strong><\/p>\n<p><img loading=\"lazy\" class=\"alignleft size-medium wp-image-3858\" title=\"energierekening_toch_hoger_h18096\" src=\"https:\/\/www.enerjigazetesi.ist\/wp-content\/uploads\/2012\/11\/energierekening_toch_hoger_h18096-300x155.jpg\" alt=\"\" width=\"300\" height=\"155\" srcset=\"https:\/\/www.enerjigazetesi.ist\/wp-content\/uploads\/2012\/11\/energierekening_toch_hoger_h18096-300x155.jpg 300w, https:\/\/www.enerjigazetesi.ist\/wp-content\/uploads\/2012\/11\/energierekening_toch_hoger_h18096-500x259.jpg 500w, https:\/\/www.enerjigazetesi.ist\/wp-content\/uploads\/2012\/11\/energierekening_toch_hoger_h18096-80x41.jpg 80w, https:\/\/www.enerjigazetesi.ist\/wp-content\/uploads\/2012\/11\/energierekening_toch_hoger_h18096.jpg 555w\" sizes=\"(max-width: 300px) 100vw, 300px\" \/>Enerji \u015firketleri aras\u0131nda kar\u015f\u0131la\u015ft\u0131rmalar yapan Gaslicht internet sitesi direkt\u00f6r\u00fc Gaslicht, enerji alan\u0131nda y\u00fckseltilen KDV miktarlar\u0131, enerji vergileri ve network \u00fccretlerinden dolay\u0131, hane ba\u015f\u0131na enerji giderlerinin toplam 110 euro artaca\u011f\u0131n\u0131 belirtti. \u00d6te yandan yenilenebilir enerji depolama i\u00e7in kulan\u0131lan k\u00f6m\u00fcr vergilerinin bu art\u0131\u015fa neden olaca\u011f\u0131 tahmin ediliyor. Gaz fiyatlar\u0131n\u0131n 1 ocak tarihinden itibaren 80 ila 90 euro d\u00fc\u015fece\u011fi ve elektrik fiyatlar\u0131n\u0131 ise ayn\u0131 kalaca\u011f\u0131 tahmin edilenler aras\u0131nda yer al\u0131yor.<\/p>","protected":false},"excerpt":{"rendered":"<p>Sorry, this entry is only available in Turkish. For the sake of viewer convenience, the content is shown below in the alternative language. You may click the link to switch the active language.H\u00fck\u00fcmet taraf\u0131ndan uygulanan yeni vergiler, gelecek y\u0131l enerji faturalar\u0131n\u0131n yakla\u015f\u0131k olarak 20-30 euro artmas\u0131na neden olacak. Enerji \u015firketleri aras\u0131nda kar\u015f\u0131la\u015ft\u0131rmalar yapan Gaslicht internet [&hellip;]<\/p>\n","protected":false},"author":1,"featured_media":3858,"comment_status":"open","ping_status":"open","sticky":false,"template":"","format":"standard","meta":[],"categories":[53],"tags":[1109,719],"views":572,"_links":{"self":[{"href":"https:\/\/www.enerjigazetesi.ist\/en\/wp-json\/wp\/v2\/posts\/3857"}],"collection":[{"href":"https:\/\/www.enerjigazetesi.ist\/en\/wp-json\/wp\/v2\/posts"}],"about":[{"href":"https:\/\/www.enerjigazetesi.ist\/en\/wp-json\/wp\/v2\/types\/post"}],"author":[{"embeddable":true,"href":"https:\/\/www.enerjigazetesi.ist\/en\/wp-json\/wp\/v2\/users\/1"}],"replies":[{"embeddable":true,"href":"https:\/\/www.enerjigazetesi.ist\/en\/wp-json\/wp\/v2\/comments?post=3857"}],"version-history":[{"count":4,"href":"https:\/\/www.enerjigazetesi.ist\/en\/wp-json\/wp\/v2\/posts\/3857\/revisions"}],"predecessor-version":[{"id":3862,"href":"https:\/\/www.enerjigazetesi.ist\/en\/wp-json\/wp\/v2\/posts\/3857\/revisions\/3862"}],"wp:featuredmedia":[{"embeddable":true,"href":"https:\/\/www.enerjigazetesi.ist\/en\/wp-json\/wp\/v2\/media\/3858"}],"wp:attachment":[{"href":"https:\/\/www.enerjigazetesi.ist\/en\/wp-json\/wp\/v2\/media?parent=3857"}],"wp:term":[{"taxonomy":"category","embeddable":true,"href":"https:\/\/www.enerjigazetesi.ist\/en\/wp-json\/wp\/v2\/categories?post=3857"},{"taxonomy":"post_tag","embeddable":true,"href":"https:\/\/www.enerjigazetesi.ist\/en\/wp-json\/wp\/v2\/tags?post=3857"}],"curies":[{"name":"wp","href":"https:\/\/api.w.org\/{rel}","templated":true}]}}