{"id":38560,"date":"2015-04-23T13:34:35","date_gmt":"2015-04-23T10:34:35","guid":{"rendered":"https:\/\/www.enerjigazetesi.ist\/?p=38560"},"modified":"2015-04-23T13:34:35","modified_gmt":"2015-04-23T10:34:35","slug":"sok-iddia-turkiyeyi-sarsan-elektrik-kesintisi-iranin-isi","status":"publish","type":"post","link":"https:\/\/www.enerjigazetesi.ist\/en\/sok-iddia-turkiyeyi-sarsan-elektrik-kesintisi-iranin-isi\/","title":{"rendered":"(Turkish) \u015eok iddia: T\u00fcrkiye\u2019yi Sarsan Elektrik Kesintisi \u0130ran\u2019\u0131n \u0130\u015fi&#8230;"},"content":{"rendered":"<p class=\"qtranxs-available-languages-message qtranxs-available-languages-message-en\">Sorry, this entry is only available in <a href=\"https:\/\/www.enerjigazetesi.ist\/tr\/wp-json\/wp\/v2\/posts\/38560\" class=\"qtranxs-available-language-link qtranxs-available-language-link-tr\" title=\"Turkish\">Turkish<\/a>. For the sake of viewer convenience, the content is shown below in the alternative language. You may click the link to switch the active language.<\/p><p><\/p>\n<p style=\"color: #000000;\"><strong>Observer gazetesinde yer alan Micah Halpern imzal\u0131 yaz\u0131ya g\u00f6re, ge\u00e7ti\u011fimiz ay\u0131n son g\u00fcn\u00fcnde, 31 Mart\u2019ta T\u00fcrkiye\u2019nin 44 \u015fehrini etkileyen ve 40 milyon insan\u0131n saatlerce elektrik alamamas\u0131na sebep olan kesintiye \u0130ranl\u0131 hackerlar sebep oldu.<span id=\"more-71251\"><\/span>\u00a0Siber sald\u0131r\u0131n\u0131n \u0130ran taraf\u0131ndan ger\u00e7ekle\u015ftirildi\u011fini belirten gazete, \u0130ran\u2019\u0131n T\u00fcrkiye\u2019yi k\u0131sa s\u00fcrede ta\u015f devrine \u00e7evirdi\u011fini belirtti. Bilgisayar sistemlerini, havaalanlar\u0131na, hava trafi\u011fini, hastaneleri ve elektrikle \u00e7al\u0131\u015fan b\u00fct\u00fcn sistemleri saatlerce durduran kesintinin sebebi yetkililer taraf\u0131ndan hala a\u00e7\u0131klanmad\u0131.<\/strong><\/p>\n<p style=\"color: #000000;\">Elektrik hatlar\u0131n\u0131n ba\u011fl\u0131 oldu\u011fu bilgisayar \u2013 sunucu sistemlerine ve ge\u00e7ici belleklerine bula\u015fan \u2018malware\u2019 t\u00fcr<a href=\"https:\/\/www.enerjigazetesi.ist\/wp-content\/uploads\/2015\/04\/sok-iddia-turkiyeyi-sarsan-elektrik-kesintisi-iranin-isi.jpg\"><img loading=\"lazy\" class=\"alignleft wp-image-38561 size-medium\" src=\"https:\/\/www.enerjigazetesi.ist\/wp-content\/uploads\/2015\/04\/sok-iddia-turkiyeyi-sarsan-elektrik-kesintisi-iranin-isi-300x203.jpg\" alt=\"sok-iddia-turkiyeyi-sarsan-elektrik-kesintisi-iranin-isi\" width=\"300\" height=\"203\" srcset=\"https:\/\/www.enerjigazetesi.ist\/wp-content\/uploads\/2015\/04\/sok-iddia-turkiyeyi-sarsan-elektrik-kesintisi-iranin-isi-300x203.jpg 300w, https:\/\/www.enerjigazetesi.ist\/wp-content\/uploads\/2015\/04\/sok-iddia-turkiyeyi-sarsan-elektrik-kesintisi-iranin-isi-500x339.jpg 500w, https:\/\/www.enerjigazetesi.ist\/wp-content\/uploads\/2015\/04\/sok-iddia-turkiyeyi-sarsan-elektrik-kesintisi-iranin-isi-73x50.jpg 73w, https:\/\/www.enerjigazetesi.ist\/wp-content\/uploads\/2015\/04\/sok-iddia-turkiyeyi-sarsan-elektrik-kesintisi-iranin-isi.jpg 625w\" sizes=\"(max-width: 300px) 100vw, 300px\" \/><\/a>\u00fc vir\u00fcsle sisteme hakim olan \u0130ranl\u0131lar\u0131n, bu tip bir vir\u00fcs arac\u0131l\u0131\u011f\u0131yla sistemlere s\u0131zd\u0131\u011f\u0131 \u00f6ne s\u00fcr\u00fcl\u00fcyor.<\/p>\n<p style=\"color: #000000;\">Cumhurba\u015fkan\u0131 Erdo\u011fan\u2019\u0131n \u0130ran ziyareti \u00f6ncesi s\u00f6yledi\u011fi s\u00f6zlerden \u00f6t\u00fcr\u00fc \u00f6z\u00fcr dilemesini isteyen Iran siber ordusu, alan\u0131nda d\u00fcnyan\u0131n en iyilerinden olarak biliniyor ve pek \u00e7ok farkl\u0131 \u00fclkeye sald\u0131r\u0131 d\u00fczenliyor. ABD ve Avrupa \u00fclkeleri ba\u015fta olmak \u00fczere \u0130srail ve Pakistan\u2019\u0131n da i\u00e7inde oldu\u011fu pek \u00e7ok devletin sistemlerine s\u0131zan hackerlar, Wall Street Journal\u2019\u0131n haberine g\u00f6re daha \u00f6nce de Amerikan Donanmas\u0131n\u0131n bilgisayar sistemine s\u0131zd\u0131. Ayr\u0131ca ge\u00e7ti\u011fimiz hafta da hackerlar, Amerikan Telif Haklar\u0131 sistemine girdiler. \u00dcnl\u00fc siber g\u00fcvenlik \u015firketi Norse Corporation \u015firketi, \u0130ranl\u0131 hacker gruplar\u0131n\u0131n b\u00fcy\u00fcyen bir tehdit olu\u015fturdu\u011funu duyurdu.<\/p>\n<p style=\"color: #000000;\">USA Today ise ge\u00e7ti\u011fimiz y\u0131l\u0131n Aral\u0131k ay\u0131nda \u0130ranl\u0131 gruplar\u0131n olduk\u00e7a karma\u015f\u0131k sald\u0131r\u0131lar\u0131n 16 \u00fclkeye ait 50 kurumu hedef ald\u0131\u011f\u0131n\u0131 belirtti.<\/p>\n<p style=\"color: #000000;\">T\u00fcrkiye\u2019ye yap\u0131lan sald\u0131r\u0131n\u0131n da zamanlamas\u0131n\u0131 \u2018manidar\u2019 bulan Observer\u2019a g\u00f6re T\u00fcrkiye\u2019deki kesintinin, T\u00fcrkiye\u2019nin Suudi Arabistan \u00f6nc\u00fcl\u00fc\u011f\u00fcndeki Koalisyon\u2019a deste\u011fini a\u00e7\u0131klad\u0131\u011f\u0131 d\u00f6neme denk gelmesi tesad\u00fcf de\u011fil.<\/p>\n<p style=\"color: #000000;\">Hat\u0131rlanaca\u011f\u0131 gibi Yemen\u2019deki \u0130ran destekli \u015eii milislere kar\u015f\u0131 ba\u015flat\u0131lan operasyonla ilgili g\u00f6r\u00fc\u015flerini a\u00e7\u0131klayan Cumhurba\u015fkan\u0131 Erdo\u011fan, \u0130ran\u2019\u0131n b\u00f6lgedeki yay\u0131lmac\u0131 siyasetinin kabul edilemez oldu\u011funu s\u00f6ylemi\u015fti.<\/p>\n<p style=\"color: #000000;\">Bu s\u00f6zlerin ard\u0131ndan \u0130ranl\u0131 yetkililer T\u00fcrkiye\u2019nin resmi olarak \u00f6z\u00fcr dilemesini istedi. Kabul edilmeyen \u00f6z\u00fcr talebinin ard\u0131ndan \u0130ran\u2019\u0131n \u2018T\u00fcrkiye\u2019nin \u0131\u015f\u0131klar\u0131n\u0131 kapatt\u0131\u011f\u0131n\u0131\u2019 yazd\u0131. Observer; \u2018A\u015fiyane Dijital G\u00fcvenlik Timi\u2019 olarak isimlendirilen hacker grubunun, \u2018T\u00fcrkiye\u2019nin \u0131\u015f\u0131klar\u0131n\u0131 kapatarak T\u00fcrklere dersini verdi\u011fini\u2019 yazd\u0131.<\/p>\n<p style=\"color: #000000;\">Kaynak: TimeT\u00fcrk<\/p>\n<p><\/p>","protected":false},"excerpt":{"rendered":"<p>Sorry, this entry is only available in Turkish. For the sake of viewer convenience, the content is shown below in the alternative language. You may click the link to switch the active language. Observer gazetesinde yer alan Micah Halpern imzal\u0131 yaz\u0131ya g\u00f6re, ge\u00e7ti\u011fimiz ay\u0131n son g\u00fcn\u00fcnde, 31 Mart\u2019ta T\u00fcrkiye\u2019nin 44 \u015fehrini etkileyen ve 40 milyon [&hellip;]<\/p>\n","protected":false},"author":1,"featured_media":38561,"comment_status":"open","ping_status":"open","sticky":false,"template":"","format":"standard","meta":[],"categories":[51,53],"tags":[68,61,2848,140,63,67,1009,2698,165,22532,22533],"views":780,"_links":{"self":[{"href":"https:\/\/www.enerjigazetesi.ist\/en\/wp-json\/wp\/v2\/posts\/38560"}],"collection":[{"href":"https:\/\/www.enerjigazetesi.ist\/en\/wp-json\/wp\/v2\/posts"}],"about":[{"href":"https:\/\/www.enerjigazetesi.ist\/en\/wp-json\/wp\/v2\/types\/post"}],"author":[{"embeddable":true,"href":"https:\/\/www.enerjigazetesi.ist\/en\/wp-json\/wp\/v2\/users\/1"}],"replies":[{"embeddable":true,"href":"https:\/\/www.enerjigazetesi.ist\/en\/wp-json\/wp\/v2\/comments?post=38560"}],"version-history":[{"count":1,"href":"https:\/\/www.enerjigazetesi.ist\/en\/wp-json\/wp\/v2\/posts\/38560\/revisions"}],"predecessor-version":[{"id":38562,"href":"https:\/\/www.enerjigazetesi.ist\/en\/wp-json\/wp\/v2\/posts\/38560\/revisions\/38562"}],"wp:featuredmedia":[{"embeddable":true,"href":"https:\/\/www.enerjigazetesi.ist\/en\/wp-json\/wp\/v2\/media\/38561"}],"wp:attachment":[{"href":"https:\/\/www.enerjigazetesi.ist\/en\/wp-json\/wp\/v2\/media?parent=38560"}],"wp:term":[{"taxonomy":"category","embeddable":true,"href":"https:\/\/www.enerjigazetesi.ist\/en\/wp-json\/wp\/v2\/categories?post=38560"},{"taxonomy":"post_tag","embeddable":true,"href":"https:\/\/www.enerjigazetesi.ist\/en\/wp-json\/wp\/v2\/tags?post=38560"}],"curies":[{"name":"wp","href":"https:\/\/api.w.org\/{rel}","templated":true}]}}