{"id":38535,"date":"2015-04-23T13:01:03","date_gmt":"2015-04-23T10:01:03","guid":{"rendered":"https:\/\/www.enerjigazetesi.ist\/?p=38535"},"modified":"2015-04-23T13:01:03","modified_gmt":"2015-04-23T10:01:03","slug":"kayip-kacaktan-da-beteri-geliyor-sifir-bakiye-faturada","status":"publish","type":"post","link":"https:\/\/www.enerjigazetesi.ist\/en\/kayip-kacaktan-da-beteri-geliyor-sifir-bakiye-faturada\/","title":{"rendered":"(Turkish) Kay\u0131p Ka\u00e7aktan da Beteri Geliyor: S\u0131f\u0131r Bakiye Faturada&#8230;"},"content":{"rendered":"<p class=\"qtranxs-available-languages-message qtranxs-available-languages-message-en\">Sorry, this entry is only available in <a href=\"https:\/\/www.enerjigazetesi.ist\/tr\/wp-json\/wp\/v2\/posts\/38535\" class=\"qtranxs-available-language-link qtranxs-available-language-link-tr\" title=\"Turkish\">Turkish<\/a>. For the sake of viewer convenience, the content is shown below in the alternative language. You may click the link to switch the active language.<\/p><p><\/p>\n<p style=\"color: #000000;\"><strong>Bildi\u011finiz ya da bilmedi\u011finiz \u00fczere 1 Ocak 2011 sabah\u0131 ile hayat\u0131m\u0131za yeni y\u0131l hediyesi olarak Kay\u0131p Ka\u00e7ak girdi. \u015eimdiden 1 Ocak 2016 hediyemiz b\u00fcy\u00fck oranda belli oldu.<\/strong><\/p>\n<p style=\"color: #000000;\"><strong>Faturam\u0131za Ho\u015f geldin S\u0131f\u0131r Bakiye<\/strong><\/p>\n<p style=\"color: #000000;\">Elektrik piyasas\u0131 ile alakal\u0131 \u00f6nemli bir geli\u015fmeyi duyurmak istiyorum.<span id=\"more-71237\"><\/span>\u00a0Yaz\u0131 biraz uzun oldu ancak s\u00fcrprizler <a href=\"https:\/\/www.enerjigazetesi.ist\/wp-content\/uploads\/2015\/04\/kayip-kacaktan-da-beteri-geliyor-sifir-bakiye-faturada.jpg\"><img loading=\"lazy\" class=\"alignright size-medium wp-image-38536\" src=\"https:\/\/www.enerjigazetesi.ist\/wp-content\/uploads\/2015\/04\/kayip-kacaktan-da-beteri-geliyor-sifir-bakiye-faturada-300x224.jpg\" alt=\"kayip-kacaktan-da-beteri-geliyor-sifir-bakiye-faturada\" width=\"300\" height=\"224\" srcset=\"https:\/\/www.enerjigazetesi.ist\/wp-content\/uploads\/2015\/04\/kayip-kacaktan-da-beteri-geliyor-sifir-bakiye-faturada-300x224.jpg 300w, https:\/\/www.enerjigazetesi.ist\/wp-content\/uploads\/2015\/04\/kayip-kacaktan-da-beteri-geliyor-sifir-bakiye-faturada-500x374.jpg 500w, https:\/\/www.enerjigazetesi.ist\/wp-content\/uploads\/2015\/04\/kayip-kacaktan-da-beteri-geliyor-sifir-bakiye-faturada-66x50.jpg 66w, https:\/\/www.enerjigazetesi.ist\/wp-content\/uploads\/2015\/04\/kayip-kacaktan-da-beteri-geliyor-sifir-bakiye-faturada.jpg 870w\" sizes=\"(max-width: 300px) 100vw, 300px\" \/><\/a>ile kar\u015f\u0131la\u015fmamak i\u00e7in sonuna kadar okuyun. 1 Temmuz 2015 tarihinde k\u0131sa ad\u0131 DUY olan Dengeleme ve Uzla\u015ft\u0131rma Y\u00f6netmeli\u011fi\u2019nin yeni hali y\u00fcr\u00fcrl\u00fcl\u00fc\u011fe girecektir. Bu y\u00f6netmelik elektrik piyasas\u0131n\u0131n Anayasa\u2019s\u0131 gibidir. Y\u00fcz k\u0131rk sayfadan fazla olan bu y\u00f6netmelikte pek \u00e7ok de\u011fi\u015fiklik olmu\u015ftur. Bunlar\u0131n hepsinden bahsederek vaktinizi almak istemiyorum. Ben bir elektrik kullan\u0131c\u0131s\u0131 olarak sizi en \u00e7ok ilgilendirecek k\u0131s\u0131mdan bahsetmek istiyorum.<\/p>\n<p style=\"color: #000000;\">Y\u00f6netmeli\u011fin en sonlar\u0131nda\u00a0<strong>S\u0131f\u0131r Bakiye D\u00fczeltme Tutar\u0131<\/strong>\u00a0isimli Ge\u00e7ici 26. Madde vard\u0131r. Burada \u00e7ok \u00e7arp\u0131c\u0131 bir ifade \u00a0var. \u201c1 Ocak 2016 tarihine kadar\u00a0<strong>S\u0131f\u0131r Bakiye D\u00fczeltme Tutar\u2019<\/strong>\u0131n\u0131n s\u0131f\u0131r bakiye d\u00fczeltme katsay\u0131lar\u0131 kullan\u0131larak piyasa kat\u0131l\u0131mc\u0131lar\u0131ndan tahsile devam edilir\u201d denilmektedir.<\/p>\n<p style=\"color: #000000;\"><strong>\u0130lk etapta \u201c\u0130yide ne var bunda diyebilirsiniz\u201d<\/strong><\/p>\n<p style=\"color: #000000;\">Asl\u0131nda sorman\u0131z gereken konu ise bu tarihten sonra ne olaca\u011f\u0131d\u0131r?<\/p>\n<p style=\"color: #000000;\">Sizlere ilk \u00f6nce\u00a0<strong>S\u0131f\u0131r Bakiye D\u00fczeltme Tutar\u0131\u2019<\/strong>n\u0131n ne oldu\u011funu anlatmak isterim. TE\u0130A\u015e kurumu b\u00fcnyesinde bulunan ve k\u0131sa ad\u0131 PMUM olan Piyasa Mali Uzla\u015ft\u0131rma Merkezi y\u00fcr\u00fctmektedir. Ancak 2016 y\u0131l\u0131nda bu g\u00f6rev EP\u0130A\u015e\u2019a (Enerji Piyasalar\u0131 \u0130\u015fletme Anonim \u015eirketi) verilmi\u015ftir. Piyasa i\u015fletmecisinin toptan elektrik piyasas\u0131 ad\u0131na yapt\u0131\u011f\u0131 i\u015flemlerden kar veya zarar etmemesi esas\u0131na dayal\u0131 olarak bir fatura d\u00f6nemi i\u00e7erisinde piyasa kat\u0131l\u0131mc\u0131lar\u0131n\u0131n ger\u00e7ekle\u015ftirmi\u015f olduklar\u0131 enerji al\u0131\u015f ve sat\u0131\u015flar\u0131 ve zaman\u0131nda \u00f6denmeyen alacaklar hari\u00e7 olmak \u00fczere dengesizliklerin uzla\u015ft\u0131rmas\u0131na ili\u015fkin olarak piyasa kat\u0131l\u0131mc\u0131lar\u0131na ( \u0130ndirimli Elektrik ald\u0131\u011f\u0131n\u0131z tedarik \u015firketlerine)\u00a0 yans\u0131t\u0131lacak alacaklar ile TE\u0130A\u015e\u2019tan tahsil edilecek\u00a0<strong>S\u0131f\u0131r Bakiye D\u00fczeltme Tutar\u0131\u2019<\/strong>n\u0131n toplam\u0131na e\u015fit olmas\u0131 esast\u0131r<\/p>\n<p style=\"color: #000000;\">Daha basit anlam\u0131 ile TE\u0130A\u015e tahsil etti\u011fi \u00fccret ile satt\u0131\u011f\u0131 elektrik aras\u0131nda fark olmas\u0131 durumunda eksik kalan k\u0131sm\u0131 kullan\u0131lan her bir kWs\u2019e b\u00f6ler. Bu ciddi bir maliyet olup kay\u0131p ka\u00e7ak bedelinin evrimle\u015fmi\u015f hali gibidir. Bu g\u00fcne kadar bu elektrik tedarik \u015firketlerinin maliyetleri aras\u0131nda yer al\u0131yordu. Yani siz bu bedeli fatura \u00fczerinde g\u00f6rm\u00fcyordunuz. Elektrik piyasas\u0131nda birka\u00e7 firma bu bedeli s\u00f6zle\u015fmeye yazarak tahsil ediyordu. Bu firmalar\u0131n say\u0131s\u0131 ise bir elin parmaklar\u0131n\u0131 ge\u00e7miyordu.<\/p>\n<p style=\"color: #000000;\"><strong>Halen \u201csorun nerede?\u201d dedi\u011finizi duyar gibiyim<\/strong><\/p>\n<p style=\"color: #000000;\">Eskiden beri elektrik piyasas\u0131nda indirimli elektrik al\u0131m\u0131 yapan sat\u0131n alma yetkilileri ya da benzeri idareciler Kay\u0131p Ka\u00e7ak bedelinin ilk \u00e7\u0131k\u0131\u015f tarihi olan 1 Ocak 2016 tarihini hat\u0131rlayacakt\u0131r. Y\u0131lba\u015f\u0131n\u0131n bir g\u00fcn sonras\u0131 ald\u0131klar\u0131n indirimin bir k\u0131sm\u0131 buharla\u015fm\u0131\u015ft\u0131. \u00a0Sorun 1 Ocak 2016 da\u00a0<strong>S\u0131f\u0131r Bakiye D\u00fczeltme Tutar\u0131\u2019<\/strong>n\u0131n ayn\u0131 sonucu do\u011furaca\u011f\u0131n\u0131 d\u00fc\u015f\u00fcnmekteyim. Bunun ger\u00e7ekle\u015fme oran\u0131n\u0131n ne olaca\u011f\u0131n\u0131 sorarsan\u0131z% 95 derim. 1 Ocak 2016 tarihinde benim \u00f6n g\u00f6r\u00fcme g\u00f6re ortalama % 3 gibi bir indiriminiz buharla\u015facak. \u00d6rne\u011fin Ticarethane tarifesinde % 20 ile indirim anla\u015fmas\u0131 yapan bir i\u015fletmenin Nisan 2015 tarihinde fatura alt\u0131na denk gelen ( PSH\u2019s\u0131z Faturada ) indirimi net % 17 iken; 2016 y\u0131l\u0131nda indirimi ayn\u0131 kalmas\u0131na ra\u011fmen fatura alt\u0131 indirimi ( PSH\u2019s\u0131z Faturada ) % 15\u2019e d\u00fc\u015fecektir. Rakamlar yakla\u015f\u0131k olup \u015fu anda tamamen afaki yap\u0131lm\u0131\u015f yorumlard\u0131r. Ancak de\u011fi\u015fmesi beklenen Tarifeler Y\u00f6netmeli\u011fi\u2019nin \u00e7\u0131k\u0131\u015f tarihinin de 1 Ocak 2016\u2019ya b\u0131rak\u0131lm\u0131\u015f olmas\u0131 bu g\u00f6r\u00fc\u015f\u00fcm\u00fc destekler niteliktedir. Bunu bekleyip hep beraber g\u00f6rece\u011fiz.<\/p>\n<p style=\"color: #000000;\"><strong>Peki, nas\u0131l \u00f6nlem alabilirsiniz?<\/strong><\/p>\n<p style=\"color: #000000;\">Yeni yapaca\u011f\u0131n\u0131z anla\u015fmalarda bu hususu anla\u015fma yapaca\u011f\u0131n\u0131z firma ile g\u00f6r\u00fc\u015f\u00fcp bir maliyetinden kurtulmas\u0131 sebebi ile bunu size sundu\u011fu indirimi lehinize g\u00f6re revize etmesini talep etmektir. Bu konuda s\u00f6zle\u015fmenize bir madde koyabilece\u011finiz gibi bir protokol ya da zeyilname de d\u00fczenlenebilir. Ayr\u0131ca Sanayi kurulu\u015flar\u0131nda son kaynak tarifesi uygulanmaya ba\u015flanacakt\u0131r. Bu da \u00f6zellikle bir da\u011f\u0131t\u0131m \u015firketine, bir \u00f6zel \u015firkete giden firmalara maliyet olarak yans\u0131yacakt\u0131r.<\/p>\n<p style=\"color: #000000;\">Elektrik piyasas\u0131nda yine ta\u015flar yerinden oynayacak gibi g\u00f6r\u00fcn\u00fcyor. Proaktif \u00e7\u00f6z\u00fcmler \u00fcretirseniz sizde s\u0131k\u0131nt\u0131lar\u0131 ya\u015fanmadan \u00e7\u00f6zebilirsiniz. Ekte DUY Y\u00f6netmeli\u011finin taslak halini g\u00f6rebilirsiniz. \u00dczerindeki imzalara dikkat ederseniz resmi belge oldu\u011funu g\u00f6rebilirsiniz. Resmi Gazete \u2019de yay\u0131nlanmad\u0131\u011f\u0131 i\u00e7in \u015fu anda taslak olarak ge\u00e7mektedir. EPDK\u2019n\u0131n sitesinde yay\u0131nlanmamaktad\u0131r. Bu konuyu mevcut tedarik\u00e7ilerinize sordu\u011funuzda do\u011fru cevaplar\u0131 vermekten ka\u00e7\u0131nacaklard\u0131r. Asl\u0131nda do\u011fru olmayan bir ifade de kullanmayacaklard\u0131r. Ben size olacaklar\u0131 s\u00f6yl\u00fcyorum. Baz\u0131 firmalar satran\u00e7 gibi sonraki hamleleri tahmin ederken baz\u0131lar\u0131 da \u201cbekle ve g\u00f6re\u201d felsefesini benimserler.<\/p>\n<p style=\"color: #000000;\"><em><strong>B\u00fclent \u00c7ebin<\/strong><\/em><\/p>\n<p style=\"color: #000000;\"><em>T\u00fcketici G\u00fcvenli\u011fi Derne\u011fi\u00a0Enerji Komisyonu Ba\u015fkan\u0131<\/em><\/p>\n<p><\/p>","protected":false},"excerpt":{"rendered":"<p>Sorry, this entry is only available in Turkish. For the sake of viewer convenience, the content is shown below in the alternative language. You may click the link to switch the active language. Bildi\u011finiz ya da bilmedi\u011finiz \u00fczere 1 Ocak 2011 sabah\u0131 ile hayat\u0131m\u0131za yeni y\u0131l hediyesi olarak Kay\u0131p Ka\u00e7ak girdi. \u015eimdiden 1 Ocak 2016 [&hellip;]<\/p>\n","protected":false},"author":1,"featured_media":38536,"comment_status":"open","ping_status":"open","sticky":false,"template":"","format":"standard","meta":[],"categories":[51,53],"tags":[68,61,1229,63,67,1009,2698,165,750,1010,498,1083,22511,22512,1582],"views":738,"_links":{"self":[{"href":"https:\/\/www.enerjigazetesi.ist\/en\/wp-json\/wp\/v2\/posts\/38535"}],"collection":[{"href":"https:\/\/www.enerjigazetesi.ist\/en\/wp-json\/wp\/v2\/posts"}],"about":[{"href":"https:\/\/www.enerjigazetesi.ist\/en\/wp-json\/wp\/v2\/types\/post"}],"author":[{"embeddable":true,"href":"https:\/\/www.enerjigazetesi.ist\/en\/wp-json\/wp\/v2\/users\/1"}],"replies":[{"embeddable":true,"href":"https:\/\/www.enerjigazetesi.ist\/en\/wp-json\/wp\/v2\/comments?post=38535"}],"version-history":[{"count":1,"href":"https:\/\/www.enerjigazetesi.ist\/en\/wp-json\/wp\/v2\/posts\/38535\/revisions"}],"predecessor-version":[{"id":38537,"href":"https:\/\/www.enerjigazetesi.ist\/en\/wp-json\/wp\/v2\/posts\/38535\/revisions\/38537"}],"wp:featuredmedia":[{"embeddable":true,"href":"https:\/\/www.enerjigazetesi.ist\/en\/wp-json\/wp\/v2\/media\/38536"}],"wp:attachment":[{"href":"https:\/\/www.enerjigazetesi.ist\/en\/wp-json\/wp\/v2\/media?parent=38535"}],"wp:term":[{"taxonomy":"category","embeddable":true,"href":"https:\/\/www.enerjigazetesi.ist\/en\/wp-json\/wp\/v2\/categories?post=38535"},{"taxonomy":"post_tag","embeddable":true,"href":"https:\/\/www.enerjigazetesi.ist\/en\/wp-json\/wp\/v2\/tags?post=38535"}],"curies":[{"name":"wp","href":"https:\/\/api.w.org\/{rel}","templated":true}]}}