{"id":38529,"date":"2015-04-22T12:16:46","date_gmt":"2015-04-22T09:16:46","guid":{"rendered":"https:\/\/www.enerjigazetesi.ist\/?p=38529"},"modified":"2015-04-22T12:16:46","modified_gmt":"2015-04-22T09:16:46","slug":"rus-macar-nukleer-anlasmasina-ab-engeli-kalkti","status":"publish","type":"post","link":"https:\/\/www.enerjigazetesi.ist\/en\/rus-macar-nukleer-anlasmasina-ab-engeli-kalkti\/","title":{"rendered":"(Turkish) Rus-Macar N\u00fckleer Anla\u015fmas\u0131na AB Engeli Kalkt\u0131&#8230;"},"content":{"rendered":"<p class=\"qtranxs-available-languages-message qtranxs-available-languages-message-en\">Sorry, this entry is only available in <a href=\"https:\/\/www.enerjigazetesi.ist\/tr\/wp-json\/wp\/v2\/posts\/38529\" class=\"qtranxs-available-language-link qtranxs-available-language-link-tr\" title=\"Turkish\">Turkish<\/a>. For the sake of viewer convenience, the content is shown below in the alternative language. You may click the link to switch the active language.<\/p><p><strong>AB, Pak\u015f n\u00fckleer g\u00fc\u00e7 santralinde iki yeni enerji \u00fcnitesinin in\u015faat\u0131 konusunda Rusya ve Macaristan ile uzla\u015ft\u0131.<\/strong><\/p>\n<p>TASS ajans\u0131na konu\u015fan bir kaynak, Avrupa Atom Enerjisi Toplulu\u011fu`nun, Macaristan`da yap\u0131lmas\u0131 planlan<a href=\"https:\/\/www.enerjigazetesi.ist\/wp-content\/uploads\/2015\/04\/rus-macar-nukleer-anlasmasina-ab-engeli-kalkti.jpg\"><img loading=\"lazy\" class=\"alignright size-medium wp-image-38530\" src=\"https:\/\/www.enerjigazetesi.ist\/wp-content\/uploads\/2015\/04\/rus-macar-nukleer-anlasmasina-ab-engeli-kalkti-300x192.jpg\" alt=\"rus-macar-nukleer-anlasmasina-ab-engeli-kalkti\" width=\"300\" height=\"192\" srcset=\"https:\/\/www.enerjigazetesi.ist\/wp-content\/uploads\/2015\/04\/rus-macar-nukleer-anlasmasina-ab-engeli-kalkti-300x192.jpg 300w, https:\/\/www.enerjigazetesi.ist\/wp-content\/uploads\/2015\/04\/rus-macar-nukleer-anlasmasina-ab-engeli-kalkti-500x321.jpg 500w, https:\/\/www.enerjigazetesi.ist\/wp-content\/uploads\/2015\/04\/rus-macar-nukleer-anlasmasina-ab-engeli-kalkti-77x50.jpg 77w, https:\/\/www.enerjigazetesi.ist\/wp-content\/uploads\/2015\/04\/rus-macar-nukleer-anlasmasina-ab-engeli-kalkti.jpg 640w\" sizes=\"(max-width: 300px) 100vw, 300px\" \/><\/a>an Pak\u015f n\u00fckleer g\u00fc\u00e7 santralinde iki yeni enerji \u00fcnitesinin in\u015faat\u0131n\u0131n Rusya taraf\u0131ndan yap\u0131lmas\u0131 anla\u015fmas\u0131na yapt\u0131\u011f\u0131 itiraz\u0131 geri \u00e7ekti.<\/p>\n<p>Kayna\u011fa g\u00f6re, uzla\u015fma Rus yap\u0131m\u0131 yak\u0131t\u0131n bu \u00fcnitelere tedarikinin 20 y\u0131ldan 10 y\u0131la d\u00fc\u015f\u00fcr\u00fclmesinin ard\u0131ndan ger\u00e7ekle\u015fti. Kaynak, Avrupal\u0131 reg\u00fclat\u00f6r\u00fcn bu projeyi onaylamay\u0131 planlad\u0131\u011f\u0131n\u0131 da s\u00f6zlerine ekledi.<\/p>\n<p>Macaristan ve Avrupa Birli\u011fi`nin, Pak\u015f n\u00fckleer santraline Rus yak\u0131t\u0131n\u0131n tedariki konusunda anla\u015fmaya vard\u0131\u011f\u0131 bildirilmi\u015fti.<\/p>\n<p>Rusya ve Macaristan aras\u0131nda 2014 sonunda imzalanan 12 milyar euro de\u011ferindeki sonunda Pak\u015f n\u00fckleer santralinin be\u015finci ve alt\u0131nc\u0131 \u00fcnitesinin in\u015faat\u0131 ile ilgili anla\u015fmay\u0131 Avrupa Birli\u011fi (AB) bloke edilmi\u015fti.<\/p>\n<p>Kaynak: <a href=\"http:\/\/enerjigunlugu.net\/rus-macar-nukleer-anlasmasina-ab-engeli-kalkti_13281.html#.VTdrW9Ltmko\" target=\"_blank\" rel=\"nofollow\">Enerji G\u00fcnl\u00fc\u011f\u00fc<\/a><\/p>","protected":false},"excerpt":{"rendered":"<p>Sorry, this entry is only available in Turkish. For the sake of viewer convenience, the content is shown below in the alternative language. You may click the link to switch the active language.AB, Pak\u015f n\u00fckleer g\u00fc\u00e7 santralinde iki yeni enerji \u00fcnitesinin in\u015faat\u0131 konusunda Rusya ve Macaristan ile uzla\u015ft\u0131. TASS ajans\u0131na konu\u015fan bir kaynak, Avrupa Atom [&hellip;]<\/p>\n","protected":false},"author":1,"featured_media":38530,"comment_status":"open","ping_status":"open","sticky":false,"template":"","format":"standard","meta":[],"categories":[53,43],"tags":[1192,22508,63,67,1009,165,6666,71,12224,21,12703,885,22509],"views":989,"_links":{"self":[{"href":"https:\/\/www.enerjigazetesi.ist\/en\/wp-json\/wp\/v2\/posts\/38529"}],"collection":[{"href":"https:\/\/www.enerjigazetesi.ist\/en\/wp-json\/wp\/v2\/posts"}],"about":[{"href":"https:\/\/www.enerjigazetesi.ist\/en\/wp-json\/wp\/v2\/types\/post"}],"author":[{"embeddable":true,"href":"https:\/\/www.enerjigazetesi.ist\/en\/wp-json\/wp\/v2\/users\/1"}],"replies":[{"embeddable":true,"href":"https:\/\/www.enerjigazetesi.ist\/en\/wp-json\/wp\/v2\/comments?post=38529"}],"version-history":[{"count":1,"href":"https:\/\/www.enerjigazetesi.ist\/en\/wp-json\/wp\/v2\/posts\/38529\/revisions"}],"predecessor-version":[{"id":38531,"href":"https:\/\/www.enerjigazetesi.ist\/en\/wp-json\/wp\/v2\/posts\/38529\/revisions\/38531"}],"wp:featuredmedia":[{"embeddable":true,"href":"https:\/\/www.enerjigazetesi.ist\/en\/wp-json\/wp\/v2\/media\/38530"}],"wp:attachment":[{"href":"https:\/\/www.enerjigazetesi.ist\/en\/wp-json\/wp\/v2\/media?parent=38529"}],"wp:term":[{"taxonomy":"category","embeddable":true,"href":"https:\/\/www.enerjigazetesi.ist\/en\/wp-json\/wp\/v2\/categories?post=38529"},{"taxonomy":"post_tag","embeddable":true,"href":"https:\/\/www.enerjigazetesi.ist\/en\/wp-json\/wp\/v2\/tags?post=38529"}],"curies":[{"name":"wp","href":"https:\/\/api.w.org\/{rel}","templated":true}]}}