{"id":38511,"date":"2015-04-22T11:49:27","date_gmt":"2015-04-22T08:49:27","guid":{"rendered":"https:\/\/www.enerjigazetesi.ist\/?p=38511"},"modified":"2015-04-22T11:49:27","modified_gmt":"2015-04-22T08:49:27","slug":"diyarbakir-belediyesi-gunes-enerjisiyle-elektrik-uretecek","status":"publish","type":"post","link":"https:\/\/www.enerjigazetesi.ist\/en\/diyarbakir-belediyesi-gunes-enerjisiyle-elektrik-uretecek\/","title":{"rendered":"(Turkish) Diyarbak\u0131r Belediyesi G\u00fcne\u015f Enerjisiyle Elektrik \u00dcretecek&#8230;"},"content":{"rendered":"<p class=\"qtranxs-available-languages-message qtranxs-available-languages-message-en\">Sorry, this entry is only available in <a href=\"https:\/\/www.enerjigazetesi.ist\/tr\/wp-json\/wp\/v2\/posts\/38511\" class=\"qtranxs-available-language-link qtranxs-available-language-link-tr\" title=\"Turkish\">Turkish<\/a>. For the sake of viewer convenience, the content is shown below in the alternative language. You may click the link to switch the active language.<\/p><p><\/p>\n<p style=\"color: #000000;\"><strong>Diyarbak\u0131r B\u00fcy\u00fck\u015fehir Belediyesi\u2019nin \u00f6rnek projesi olan b\u00f6lgenin ilk G\u00fcne\u015f Enerji Santralini d\u00fcn\u00a0hizmete a\u00e7\u0131ld\u0131.<\/strong><\/p>\n<p style=\"color: #000000;\">Diyarbak\u0131r\u2019da \u201cS\u00fcmerpark\u0131 G\u00fcne\u015f Park\u0131na D\u00f6n\u00fc\u015ft\u00fcrme Projesi\u201d kapsam\u0131nda yap\u0131lan G\u00fcne\u015f Enerji Santrali, S\u00fcmerpark Ortak Ya\u015fam Alan\u0131 Tigris Resepsiyon Salonu\u2019ndaki yap\u0131lan a\u00e7\u0131l\u0131\u015f t\u00f6reniyle hizmete a\u00e7\u0131ld\u0131.<span id=\"more-71229\"><\/span>\u00a0A\u00e7\u0131l\u0131\u015fa, B\u00fcy\u00fck\u015fehir Be<a href=\"https:\/\/www.enerjigazetesi.ist\/wp-content\/uploads\/2015\/04\/diyarbakir-belediyesi-gunes-enerjisiyle-elektrik-uretecek.jpg\"><img loading=\"lazy\" class=\"alignright size-medium wp-image-38512\" src=\"https:\/\/www.enerjigazetesi.ist\/wp-content\/uploads\/2015\/04\/diyarbakir-belediyesi-gunes-enerjisiyle-elektrik-uretecek-300x199.jpg\" alt=\"diyarbakir-belediyesi-gunes-enerjisiyle-elektrik-uretecek\" width=\"300\" height=\"199\" srcset=\"https:\/\/www.enerjigazetesi.ist\/wp-content\/uploads\/2015\/04\/diyarbakir-belediyesi-gunes-enerjisiyle-elektrik-uretecek-300x199.jpg 300w, https:\/\/www.enerjigazetesi.ist\/wp-content\/uploads\/2015\/04\/diyarbakir-belediyesi-gunes-enerjisiyle-elektrik-uretecek-500x331.jpg 500w, https:\/\/www.enerjigazetesi.ist\/wp-content\/uploads\/2015\/04\/diyarbakir-belediyesi-gunes-enerjisiyle-elektrik-uretecek-75x50.jpg 75w, https:\/\/www.enerjigazetesi.ist\/wp-content\/uploads\/2015\/04\/diyarbakir-belediyesi-gunes-enerjisiyle-elektrik-uretecek.jpg 800w\" sizes=\"(max-width: 300px) 100vw, 300px\" \/><\/a>lediyesi E\u015f Ba\u015fkanlar\u0131 G\u00fcltan K\u0131\u015fanak ve F\u0131rat Anl\u0131, DBP \u0130l E\u015f Ba\u015fkanlar\u0131 Hafize \u0130pek ve Ali \u015eim\u015fek, Diyarbak\u0131r Ticaret ve Sanayi Odas\u0131 (DTSO) Ba\u015fkan\u0131 Ahmet Sayar, Belediye Genel Sekreteri Fethi Suvari, Genel Sekreter Yard\u0131mc\u0131s\u0131 Abdullah Sevin\u00e7, Belediye Meclis \u00dcyeleri ile sivil toplum \u00f6rg\u00fct\u00fc temsilcileri kat\u0131ld\u0131.<\/p>\n<p style=\"color: #000000;\"><strong>\u201c2 M\u0130LYON 346 B\u0130N L\u0130RAYA MAL OLDU\u201d<\/strong><\/p>\n<p style=\"color: #000000;\">T\u00f6rende konu\u015fan Park Bah\u00e7e ve Ye\u015fil Alanlar Daire Ba\u015fkan\u0131 Samet U\u00e7aman, T\u00fcrkiye\u2019de yenilenebilir enerji kaynaklar\u0131n\u0131n daha sa\u011fl\u0131kl\u0131 ve ucuz olmas\u0131na ra\u011fmen s\u0131k kullan\u0131lmad\u0131\u011f\u0131n\u0131, yap\u0131lan projeyle belediyenin bir ilki ger\u00e7ekle\u015ftirdi\u011fini s\u00f6yledi. G\u00fcne\u015f Enerji Santrali\u2019nin 666 bin lira hibe deste\u011fi dahil olmak \u00fczere 2 milyon 346 bin liraya mal oldu\u011funu kaydeden U\u00e7aman, g\u00fcne\u015f enerji santrali hakk\u0131nda verecekleri kurslar ve seminerlerle giri\u015fimcilere yard\u0131mc\u0131 olacaklar\u0131n\u0131 kaydetti.<\/p>\n<p style=\"color: #000000;\"><strong>\u201cS\u00dcMERPARK\u2019IN ENERJ\u0130 G\u0130DER\u0130 KAR\u015eILANACAK\u201d<\/strong><\/p>\n<p style=\"color: #000000;\">Diyarbak\u0131r B\u00fcy\u00fck\u015fehir Belediyesi E\u015f Ba\u015fkan\u0131 F\u0131rat Anl\u0131 ise, G\u00fcne\u015f Enerji Santrali projesinin herkesin faydas\u0131na olaca\u011f\u0131n\u0131 belirterek, \u201cBundan sonra hi\u00e7bir toplumsal kesimimiz en ufak bir zarar g\u00f6rmeyecek. Tabii burada bizi bu projeyi yapma noktas\u0131nda te\u015fvik eden DEDA\u015e\u2019a \u00f6zellikle te\u015fekk\u00fcr ediyoruz. E\u011fer onlar\u0131n yapt\u0131klar\u0131 olmasayd\u0131 belki biz bu kadar h\u0131zlanmayacakt\u0131k\u201d dedi.<\/p>\n<p style=\"color: #000000;\">G\u00fcne\u015f ile ili\u015fkilerinin tarihsel bir ge\u00e7mi\u015finin bulundu\u011funu vurgulayan Anl\u0131, \u201cG\u00fcne\u015f kutsald\u0131r; \u00e7\u00fcnk\u00fc g\u00fcne\u015f bu co\u011frafyan\u0131n varl\u0131k sebebidir. 12 bin y\u0131ll\u0131k Mezopotamya k\u00fclt\u00fcr\u00fcnde G\u00fcne\u015f\u2019in bu k\u00fclt\u00fcr\u00fcn olu\u015fmas\u0131nda ve geli\u015fmesinde ne kadar etkili ve belirleyici oldu\u011funu biliyoruz. Biz bug\u00fcn ge\u00e7mi\u015fimizle bulu\u015fuyoruz. S\u00fcmerpark Ortak Ya\u015fam Alan\u0131 enerjisinin art\u0131k y\u00fczde 85\u2019i hi\u00e7bir yere ba\u011fl\u0131 olmadan \u00fcretilecek. D\u00fcnyan\u0131n yeni yeni \u00fcretmeye ba\u015flad\u0131\u011f\u0131 sistemi bug\u00fcn burada hayata ge\u00e7irdik\u201d diye konu\u015ftu.<\/p>\n<p style=\"color: #000000;\"><strong>\u201cENERJ\u0130N\u0130N FAZLASI DEDA\u015e\u2019A SATILDI\u201d<\/strong><\/p>\n<p style=\"color: #000000;\">B\u00fcy\u00fck\u015fehir Belediyesi E\u015f Ba\u015fkan\u0131 G\u00fcltan K\u0131\u015fanak ise S\u00fcmerpark Ortak Ya\u015fam Alan\u0131\u2019nda elektrikle ilgili kullan\u0131lan t\u00fcm ara\u00e7lar\u0131n g\u00fcne\u015f enerjisiyle elde edildi\u011fini s\u00f6yledi. Projenin ilk oldu\u011funu ve kentin \u00f6n\u00fcn\u00fc a\u00e7aca\u011f\u0131n\u0131n alt\u0131n\u0131 \u00e7izen K\u0131\u015fanak, \u201cArt\u0131k DEDA\u015e bize elektrik satmayacak, tersine biz onlara elektrik sataca\u011f\u0131z. Projeyi giderek b\u00fcy\u00fctmek ve yayg\u0131nla\u015ft\u0131rmak temel hedefimizdir. 45 g\u00fcnd\u00fcr g\u00fcne\u015f panellerinden enerji \u00fcretiyoruz.\u201d dedi.<\/p>\n<p style=\"color: #000000;\">G\u00fcne\u015f panellerinin do\u011fay\u0131 t\u00fcketmeden de enerji elde edilebilece\u011fini g\u00f6sterdi\u011fini vurgulayan K\u0131\u015fanak, \u201cHerkes san\u0131yor ki enerji kaynaklar\u0131n\u0131 kullan\u0131rken do\u011fay\u0131 kirletiyoruz. B\u00f6yle olmad\u0131\u011f\u0131n\u0131 bug\u00fcn buradaki g\u00fcne\u015f panellerinden g\u00f6rebiliyoruz. Proje do\u011fay\u0131 kirletmiyor ve bitmeyen bir enerji kayna\u011f\u0131 sa\u011fl\u0131yor. Bilim insanlar\u0131n\u0131n, ifade etti\u011fi gibi g\u00fcne\u015f hi\u00e7bir zaman bitmeyecek bir enerji kayna\u011f\u0131d\u0131r\u201d diye konu\u015ftu.<\/p>\n<p style=\"color: #000000;\"><strong>\u201cHAYVAN PAZARI VE OTOGARDA DA UYGULANACAK\u201d<\/strong><\/p>\n<p style=\"color: #000000;\">G\u00fcne\u015f panellerinin yak\u0131nda Hayvan Pazar\u0131 ve Otogar\u2019da da faaliyete ge\u00e7ece\u011fini anlatan K\u0131\u015fanak, kentin r\u00fczgar enerjisi potansiyeliyle ilgili olarak da \u00e7al\u0131\u015fmalar\u0131n\u0131n bulundu\u011funu, bu projeleri en k\u0131sa zamanda hayata ge\u00e7ireceklerini s\u00f6yledi. D\u00fcnyada 40 kentin y\u00fczde 100 yenilenebilir enerjiyle kentsel ya\u015fam\u0131n\u0131 s\u00fcrd\u00fcrd\u00fc\u011f\u00fcne i\u015faret eden K\u0131\u015fanak, a\u00e7\u0131klamalar\u0131n\u0131 \u015f\u00f6yle s\u00fcrd\u00fcrd\u00fc:<\/p>\n<p style=\"color: #000000;\">\u201cNeden Diyarbak\u0131r\u2019\u0131n b\u00f6yle bir iddias\u0131 olmas\u0131n. Biz bu iddiay\u0131 bug\u00fcn sizlerle payla\u015f\u0131yoruz. T\u00fcm kurumlar\u0131m\u0131za ve sivil toplum \u00f6rg\u00fctlerine birlikte \u00e7al\u0131\u015fma \u00e7a\u011fr\u0131s\u0131 yap\u0131yoruz. Gelin Diyarbak\u0131r\u2019\u0131 y\u00fczde 100 yenilenebilir enerji kenti haline getirelim.\u201d<br \/>\nYap\u0131lan konu\u015fmalar\u0131n ard\u0131ndan a\u00e7\u0131l\u0131\u015f kurdelesi kesilerek, g\u00fcne\u015f panelleri hizmete a\u00e7\u0131ld\u0131. Tesisi gezen konuklar, proje m\u00fcd\u00fcr\u00fc Fato\u015f Nujen Ayhan\u2019dan bilgi ald\u0131.<\/p>\n<p style=\"color: #000000;\">Kaynak: Enerji Enstit\u00fcs\u00fc<\/p>\n<p><\/p>","protected":false},"excerpt":{"rendered":"<p>Sorry, this entry is only available in Turkish. For the sake of viewer convenience, the content is shown below in the alternative language. You may click the link to switch the active language. Diyarbak\u0131r B\u00fcy\u00fck\u015fehir Belediyesi\u2019nin \u00f6rnek projesi olan b\u00f6lgenin ilk G\u00fcne\u015f Enerji Santralini d\u00fcn\u00a0hizmete a\u00e7\u0131ld\u0131. Diyarbak\u0131r\u2019da \u201cS\u00fcmerpark\u0131 G\u00fcne\u015f Park\u0131na D\u00f6n\u00fc\u015ft\u00fcrme Projesi\u201d kapsam\u0131nda yap\u0131lan G\u00fcne\u015f [&hellip;]<\/p>\n","protected":false},"author":1,"featured_media":38512,"comment_status":"open","ping_status":"open","sticky":false,"template":"","format":"standard","meta":[],"categories":[53,49],"tags":[11725,22500,63,67,1009,2698,165,21886,227,6014,13,2569,21768,508],"views":1151,"_links":{"self":[{"href":"https:\/\/www.enerjigazetesi.ist\/en\/wp-json\/wp\/v2\/posts\/38511"}],"collection":[{"href":"https:\/\/www.enerjigazetesi.ist\/en\/wp-json\/wp\/v2\/posts"}],"about":[{"href":"https:\/\/www.enerjigazetesi.ist\/en\/wp-json\/wp\/v2\/types\/post"}],"author":[{"embeddable":true,"href":"https:\/\/www.enerjigazetesi.ist\/en\/wp-json\/wp\/v2\/users\/1"}],"replies":[{"embeddable":true,"href":"https:\/\/www.enerjigazetesi.ist\/en\/wp-json\/wp\/v2\/comments?post=38511"}],"version-history":[{"count":1,"href":"https:\/\/www.enerjigazetesi.ist\/en\/wp-json\/wp\/v2\/posts\/38511\/revisions"}],"predecessor-version":[{"id":38513,"href":"https:\/\/www.enerjigazetesi.ist\/en\/wp-json\/wp\/v2\/posts\/38511\/revisions\/38513"}],"wp:featuredmedia":[{"embeddable":true,"href":"https:\/\/www.enerjigazetesi.ist\/en\/wp-json\/wp\/v2\/media\/38512"}],"wp:attachment":[{"href":"https:\/\/www.enerjigazetesi.ist\/en\/wp-json\/wp\/v2\/media?parent=38511"}],"wp:term":[{"taxonomy":"category","embeddable":true,"href":"https:\/\/www.enerjigazetesi.ist\/en\/wp-json\/wp\/v2\/categories?post=38511"},{"taxonomy":"post_tag","embeddable":true,"href":"https:\/\/www.enerjigazetesi.ist\/en\/wp-json\/wp\/v2\/tags?post=38511"}],"curies":[{"name":"wp","href":"https:\/\/api.w.org\/{rel}","templated":true}]}}