{"id":3850,"date":"2012-11-26T10:44:10","date_gmt":"2012-11-26T07:44:10","guid":{"rendered":"https:\/\/www.enerjigazetesi.ist\/?p=3850"},"modified":"2012-11-26T10:51:10","modified_gmt":"2012-11-26T07:51:10","slug":"akkuyu-nukleer-santralina-neden-hayir","status":"publish","type":"post","link":"https:\/\/www.enerjigazetesi.ist\/en\/akkuyu-nukleer-santralina-neden-hayir\/","title":{"rendered":"(Turkish) Akkuyu N\u00fckleer Santral\u0131na Neden Hay\u0131r?"},"content":{"rendered":"<p class=\"qtranxs-available-languages-message qtranxs-available-languages-message-en\">Sorry, this entry is only available in <a href=\"https:\/\/www.enerjigazetesi.ist\/tr\/wp-json\/wp\/v2\/posts\/3850\" class=\"qtranxs-available-language-link qtranxs-available-language-link-tr\" title=\"Turkish\">Turkish<\/a>. For the sake of viewer convenience, the content is shown below in the alternative language. You may click the link to switch the active language.<\/p><p><strong><img loading=\"lazy\" class=\"alignright size-medium wp-image-3851\" title=\"akkuyu-nukleer-santrali\" src=\"https:\/\/www.enerjigazetesi.ist\/wp-content\/uploads\/2012\/11\/akkuyu-nukleer-santrali-300x190.jpg\" alt=\"\" width=\"300\" height=\"190\" srcset=\"https:\/\/www.enerjigazetesi.ist\/wp-content\/uploads\/2012\/11\/akkuyu-nukleer-santrali-300x190.jpg 300w, https:\/\/www.enerjigazetesi.ist\/wp-content\/uploads\/2012\/11\/akkuyu-nukleer-santrali-500x318.jpg 500w, https:\/\/www.enerjigazetesi.ist\/wp-content\/uploads\/2012\/11\/akkuyu-nukleer-santrali-80x50.jpg 80w, https:\/\/www.enerjigazetesi.ist\/wp-content\/uploads\/2012\/11\/akkuyu-nukleer-santrali.jpg 531w\" sizes=\"(max-width: 300px) 100vw, 300px\" \/>Japonya&#8217;n\u0131n 54 n\u00fckleer santral\u0131ndan, 52&#8217;sini kapatt\u0131\u011f\u0131, Avrupa&#8217;da devam eden tek n\u00fckleer santral in\u015faat\u0131 i\u00e7in Finlandiya&#8217;n\u0131n gecikmeler, maliyet art\u0131\u015flar\u0131 nedeniyle 2 milyar euro zarara u\u011fratt\u0131\u011f\u0131n\u0131 s\u00f6yleyerek, Areva-Siemens Konsorsiyumuna dava a\u00e7t\u0131\u011f\u0131 ve Siemens&#8217;in sekt\u00f6rden \u00e7ekildi\u011fi, Fransa, \u0130talya, Litvanya gibi n\u00fckleer \u00fclkelerin n\u00fckleerden vazge\u00e7me \u00e7areleri arad\u0131\u011f\u0131, Almanya&#8217;n\u0131n 28 May\u0131s 2012 saat 12:00 civar\u0131nda elektri\u011finin yar\u0131s\u0131n\u0131 g\u00fcne\u015f (PV) den sa\u011flad\u0131\u011f\u0131\u00a0\u015fu g\u00fcnlerde, yine &#8220;yaln\u0131z ve g\u00fczel \u00fclkemiz&#8221; en b\u00fcy\u00fck yanl\u0131\u015fa \u0131srarla devam ediyor.<\/strong><\/p>\n<p>Bir yandan Sn. G\u00fcler Sabanc\u0131; &#8220;bize k\u00f6m\u00fcr, do\u011falgaz de\u011fil, ENERJ\u0130 VER\u0130ML\u0130L\u0130\u011e\u0130 laz\u0131m&#8221; diyor. IEA Ba\u015f Ekonomisti Sn.Fatih Birol, uyar\u0131lar yaparak, n\u00fckleer anla\u015fma konusunda temkimli olmam\u0131z gerekti\u011fini, d\u00fcnyan\u0131n en \u00f6nemli n\u00fckleer \u00fclkelerinin art\u0131k tart\u0131\u015fmaya ba\u015flad\u0131\u011f\u0131n\u0131\u00a0s\u00f6yl\u00fcyor.\u00a0\u00dclkemizdeki t\u00fcm &#8220;sa\u011fduyulu&#8221; n\u00fcklerciler bile, en az\u0131ndan n\u00fckleer yol haritam\u0131z, altyap\u0131m\u0131z olmadan, \u00fclkemizin kaderini &#8220;cendere&#8221; alt\u0131na sokacak olan; RUS AKKUYU N\u00dcKLEER SANTRAL Anla\u015fmas\u0131&#8217;na art\u0131k &#8220;hay\u0131r&#8221; diyorlar.<\/p>\n<p><strong>RUS AKKUYU N\u00dcKLEER SANTRAL<\/strong> Anla\u015fmas\u0131&#8217;na <strong>neden hay\u0131r<\/strong> dedi\u011fimizi ifade eden yaz\u0131m\u0131; bilgilerinize ve ilgilerinize sunuyorum.<\/p>\n<p><a href=\"https:\/\/www.enerjigazetesi.ist\/akkuyu-nukleer-santrali.pdf\" target=\"_blank\">Detayl\u0131 PDF Haber\u00a0\u00a0\u0130\u00e7eri\u011fi \u00a0\u0130\u00e7in TIKLAYIN&gt;&gt;<\/a><\/p>\n<p align=\"LEFT\"><strong>Arif K\u00dcNAR<\/strong><\/p>\n<p align=\"LEFT\">Elektrik-Elektronik M\u00fchendisi<\/p>\n<p align=\"LEFT\">Kaynak: <a href=\"https:\/\/www.enerjigazetesi.ist\">Enerji Gazetesi<\/a><\/p>\n<p align=\"LEFT\">\n<p><\/p>","protected":false},"excerpt":{"rendered":"<p>Sorry, this entry is only available in Turkish. For the sake of viewer convenience, the content is shown below in the alternative language. You may click the link to switch the active language.Japonya&#8217;n\u0131n 54 n\u00fckleer santral\u0131ndan, 52&#8217;sini kapatt\u0131\u011f\u0131, Avrupa&#8217;da devam eden tek n\u00fckleer santral in\u015faat\u0131 i\u00e7in Finlandiya&#8217;n\u0131n gecikmeler, maliyet art\u0131\u015flar\u0131 nedeniyle 2 milyar euro zarara [&hellip;]<\/p>\n","protected":false},"author":1,"featured_media":3851,"comment_status":"open","ping_status":"open","sticky":false,"template":"","format":"standard","meta":[],"categories":[53,43],"tags":[1106,1107,67,1108],"views":3067,"_links":{"self":[{"href":"https:\/\/www.enerjigazetesi.ist\/en\/wp-json\/wp\/v2\/posts\/3850"}],"collection":[{"href":"https:\/\/www.enerjigazetesi.ist\/en\/wp-json\/wp\/v2\/posts"}],"about":[{"href":"https:\/\/www.enerjigazetesi.ist\/en\/wp-json\/wp\/v2\/types\/post"}],"author":[{"embeddable":true,"href":"https:\/\/www.enerjigazetesi.ist\/en\/wp-json\/wp\/v2\/users\/1"}],"replies":[{"embeddable":true,"href":"https:\/\/www.enerjigazetesi.ist\/en\/wp-json\/wp\/v2\/comments?post=3850"}],"version-history":[{"count":5,"href":"https:\/\/www.enerjigazetesi.ist\/en\/wp-json\/wp\/v2\/posts\/3850\/revisions"}],"predecessor-version":[{"id":3853,"href":"https:\/\/www.enerjigazetesi.ist\/en\/wp-json\/wp\/v2\/posts\/3850\/revisions\/3853"}],"wp:featuredmedia":[{"embeddable":true,"href":"https:\/\/www.enerjigazetesi.ist\/en\/wp-json\/wp\/v2\/media\/3851"}],"wp:attachment":[{"href":"https:\/\/www.enerjigazetesi.ist\/en\/wp-json\/wp\/v2\/media?parent=3850"}],"wp:term":[{"taxonomy":"category","embeddable":true,"href":"https:\/\/www.enerjigazetesi.ist\/en\/wp-json\/wp\/v2\/categories?post=3850"},{"taxonomy":"post_tag","embeddable":true,"href":"https:\/\/www.enerjigazetesi.ist\/en\/wp-json\/wp\/v2\/tags?post=3850"}],"curies":[{"name":"wp","href":"https:\/\/api.w.org\/{rel}","templated":true}]}}