{"id":38484,"date":"2015-04-21T13:24:25","date_gmt":"2015-04-21T10:24:25","guid":{"rendered":"https:\/\/www.enerjigazetesi.ist\/?p=38484"},"modified":"2015-04-21T13:24:25","modified_gmt":"2015-04-21T10:24:25","slug":"ab-gazproma-karsi-harekete-geciyor","status":"publish","type":"post","link":"https:\/\/www.enerjigazetesi.ist\/en\/ab-gazproma-karsi-harekete-geciyor\/","title":{"rendered":"(Turkish) AB Gazprom`a Kar\u015f\u0131 Harekete Ge\u00e7iyor!"},"content":{"rendered":"<p class=\"qtranxs-available-languages-message qtranxs-available-languages-message-en\">Sorry, this entry is only available in <a href=\"https:\/\/www.enerjigazetesi.ist\/tr\/wp-json\/wp\/v2\/posts\/38484\" class=\"qtranxs-available-language-link qtranxs-available-language-link-tr\" title=\"Turkish\">Turkish<\/a>. For the sake of viewer convenience, the content is shown below in the alternative language. You may click the link to switch the active language.<\/p><p><strong>AB Komisyonu, Gazprom`u Avrupa`daki hakim g\u00fcc\u00fcn\u00fc k\u00f6t\u00fcye kullanmakla resmi olarak su\u00e7lamaya haz\u0131rlan\u0131yor.<\/strong><\/p>\n<p>Konuya yak\u0131n kaynaklar\u0131n verdikleri bilgilere g\u00f6re Avrupa Birli\u011fi`nin rekabetin denetim, g\u00f6zetiminden sorum<a href=\"https:\/\/www.enerjigazetesi.ist\/wp-content\/uploads\/2015\/04\/ab-gazproma-karsi-harekete-geciyor.jpg\"><img loading=\"lazy\" class=\"alignleft wp-image-38485 size-medium\" src=\"https:\/\/www.enerjigazetesi.ist\/wp-content\/uploads\/2015\/04\/ab-gazproma-karsi-harekete-geciyor-300x199.jpg\" alt=\"ab-gazproma-karsi-harekete-geciyor\" width=\"300\" height=\"199\" srcset=\"https:\/\/www.enerjigazetesi.ist\/wp-content\/uploads\/2015\/04\/ab-gazproma-karsi-harekete-geciyor-300x199.jpg 300w, https:\/\/www.enerjigazetesi.ist\/wp-content\/uploads\/2015\/04\/ab-gazproma-karsi-harekete-geciyor-500x332.jpg 500w, https:\/\/www.enerjigazetesi.ist\/wp-content\/uploads\/2015\/04\/ab-gazproma-karsi-harekete-geciyor-75x50.jpg 75w, https:\/\/www.enerjigazetesi.ist\/wp-content\/uploads\/2015\/04\/ab-gazproma-karsi-harekete-geciyor.jpg 640w\" sizes=\"(max-width: 300px) 100vw, 300px\" \/><\/a>lu organ\u0131 AB Komisyonu, Rus devlet enerji \u015firketi Gazprom`u do\u011fu Avrupa`daki hakim g\u00fcc\u00fcn\u00fc k\u00f6t\u00fcye kullanmakla resmi olarak su\u00e7lamaya haz\u0131rlan\u0131yor.<\/p>\n<p>B\u00f6ylesi bir geli\u015fmenin, olay\u0131 politik bir silah olarak de\u011ferlendiren Rusya ile AB aras\u0131nda zaten gergin olan ili\u015fkileri daha da k\u00f6t\u00fcle\u015ftirmesinden endi\u015fe ediliyor.<\/p>\n<p>Konuyu \u00c7ar\u015famba g\u00fcn\u00fc yap\u0131lacak olan toplant\u0131da ele alaca\u011f\u0131 belirtilen Avrupa Komisyonu, Gazpromu`un do\u011fu ve g\u00fcney Avrupa \u00fclkelerindeki operasyonlar\u0131 i\u00e7in resmi soru\u015fturmay\u0131 2012 y\u0131l\u0131nda ba\u015flatm\u0131\u015ft\u0131. Gazprom, baz\u0131 \u00fclkelerin ald\u0131klar\u0131 gaz\u0131 satmas\u0131n\u0131 \u00f6nlemek, anla\u015fman\u0131n d\u0131\u015f\u0131nda yeni projeler ger\u00e7ekle\u015ftirmek, yasal olmayan gaz fiyatlar\u0131 uygulamak ile itham ediliyor.<\/p>\n<p>AB Rekabet Ba\u015fkan\u0131 Margrethe Vestager, bir hafta \u00f6nce de internet arama motoru Google ile de piyasadaki g\u00fcc\u00fc konusunda kar\u015f\u0131 kar\u015f\u0131ya gelmi\u015fti.<\/p>\n<p>Kaynak: <a href=\"http:\/\/enerjigunlugu.net\/ab-gazproma-karsi-harekete-geciyor_13278.html#.VTYpptLtmko\" target=\"_blank\" rel=\"nofollow\">Enerji G\u00fcnl\u00fc\u011f\u00fc<\/a><\/p>","protected":false},"excerpt":{"rendered":"<p>Sorry, this entry is only available in Turkish. For the sake of viewer convenience, the content is shown below in the alternative language. You may click the link to switch the active language.AB Komisyonu, Gazprom`u Avrupa`daki hakim g\u00fcc\u00fcn\u00fc k\u00f6t\u00fcye kullanmakla resmi olarak su\u00e7lamaya haz\u0131rlan\u0131yor. Konuya yak\u0131n kaynaklar\u0131n verdikleri bilgilere g\u00f6re Avrupa Birli\u011fi`nin rekabetin denetim, g\u00f6zetiminden [&hellip;]<\/p>\n","protected":false},"author":1,"featured_media":38485,"comment_status":"open","ping_status":"open","sticky":false,"template":"","format":"standard","meta":[],"categories":[46,53],"tags":[4554,6595,92,226,2092,63,67,1009,2698,165,1277,22495],"views":691,"_links":{"self":[{"href":"https:\/\/www.enerjigazetesi.ist\/en\/wp-json\/wp\/v2\/posts\/38484"}],"collection":[{"href":"https:\/\/www.enerjigazetesi.ist\/en\/wp-json\/wp\/v2\/posts"}],"about":[{"href":"https:\/\/www.enerjigazetesi.ist\/en\/wp-json\/wp\/v2\/types\/post"}],"author":[{"embeddable":true,"href":"https:\/\/www.enerjigazetesi.ist\/en\/wp-json\/wp\/v2\/users\/1"}],"replies":[{"embeddable":true,"href":"https:\/\/www.enerjigazetesi.ist\/en\/wp-json\/wp\/v2\/comments?post=38484"}],"version-history":[{"count":1,"href":"https:\/\/www.enerjigazetesi.ist\/en\/wp-json\/wp\/v2\/posts\/38484\/revisions"}],"predecessor-version":[{"id":38486,"href":"https:\/\/www.enerjigazetesi.ist\/en\/wp-json\/wp\/v2\/posts\/38484\/revisions\/38486"}],"wp:featuredmedia":[{"embeddable":true,"href":"https:\/\/www.enerjigazetesi.ist\/en\/wp-json\/wp\/v2\/media\/38485"}],"wp:attachment":[{"href":"https:\/\/www.enerjigazetesi.ist\/en\/wp-json\/wp\/v2\/media?parent=38484"}],"wp:term":[{"taxonomy":"category","embeddable":true,"href":"https:\/\/www.enerjigazetesi.ist\/en\/wp-json\/wp\/v2\/categories?post=38484"},{"taxonomy":"post_tag","embeddable":true,"href":"https:\/\/www.enerjigazetesi.ist\/en\/wp-json\/wp\/v2\/tags?post=38484"}],"curies":[{"name":"wp","href":"https:\/\/api.w.org\/{rel}","templated":true}]}}