{"id":38472,"date":"2015-04-21T13:08:31","date_gmt":"2015-04-21T10:08:31","guid":{"rendered":"https:\/\/www.enerjigazetesi.ist\/?p=38472"},"modified":"2015-05-23T14:32:48","modified_gmt":"2015-05-23T11:32:48","slug":"kirklarelinde-biyokutle-santralinde-ayciceginden-elektrik-uretimi","status":"publish","type":"post","link":"https:\/\/www.enerjigazetesi.ist\/en\/kirklarelinde-biyokutle-santralinde-ayciceginden-elektrik-uretimi\/","title":{"rendered":"(Turkish) K\u0131rklareli&#8217;nde Biyok\u00fctle Santralinde Ay\u00e7i\u00e7e\u011finden Elektrik \u00dcretimi&#8230;"},"content":{"rendered":"<p class=\"qtranxs-available-languages-message qtranxs-available-languages-message-en\">Sorry, this entry is only available in <a href=\"https:\/\/www.enerjigazetesi.ist\/tr\/wp-json\/wp\/v2\/posts\/38472\" class=\"qtranxs-available-language-link qtranxs-available-language-link-tr\" title=\"Turkish\">Turkish<\/a>. For the sake of viewer convenience, the content is shown below in the alternative language. You may click the link to switch the active language.<\/p><p><\/p>\n<p style=\"color: #000000;\"><strong>K\u0131rklareli\u2019de kurulacak biyok\u00fctleye dayal\u0131 elektrik \u00fcretim santralinde odun ve ayc\u0327ic\u0327ek saplar\u0131 yak\u0131larak elektrik \u00fcretilecek. Zeus Enerji, K\u0131rklareli Organize Sanayi B\u00f6lgesi\u2019nde (OSB) 12 megavat kurulu gu\u0308cu\u0308nde biyoku\u0308tleden elektrik enerjisi \u00fcretim santrali kuracak.<\/strong><\/p>\n<p style=\"color: #000000;\">\n<p style=\"color: #000000;\">Proje i\u00e7in haz\u0131rlanan tan\u0131t\u0131m dosyas\u0131na g\u00f6re, tesiste hammadde olarak kullan\u0131lmas\u0131 ve yak\u0131larak enerji elde edil<a href=\"https:\/\/www.enerjigazetesi.ist\/wp-content\/uploads\/2015\/04\/kirklarelinde-biyokutle-santralinde-ayciceginden-elektrik-uretimi.jpeg\"><img loading=\"lazy\" class=\"alignleft wp-image-38473 size-medium\" src=\"https:\/\/www.enerjigazetesi.ist\/wp-content\/uploads\/2015\/04\/kirklarelinde-biyokutle-santralinde-ayciceginden-elektrik-uretimi-300x225.jpeg\" alt=\"kirklarelinde-biyokutle-santralinde-ayciceginden-elektrik-uretimi\" width=\"300\" height=\"225\" srcset=\"https:\/\/www.enerjigazetesi.ist\/wp-content\/uploads\/2015\/04\/kirklarelinde-biyokutle-santralinde-ayciceginden-elektrik-uretimi-300x225.jpeg 300w, https:\/\/www.enerjigazetesi.ist\/wp-content\/uploads\/2015\/04\/kirklarelinde-biyokutle-santralinde-ayciceginden-elektrik-uretimi-500x375.jpeg 500w, https:\/\/www.enerjigazetesi.ist\/wp-content\/uploads\/2015\/04\/kirklarelinde-biyokutle-santralinde-ayciceginden-elektrik-uretimi-66x50.jpeg 66w, https:\/\/www.enerjigazetesi.ist\/wp-content\/uploads\/2015\/04\/kirklarelinde-biyokutle-santralinde-ayciceginden-elektrik-uretimi.jpeg 800w\" sizes=\"(max-width: 300px) 100vw, 300px\" \/><\/a>mesi planlanan toplam biyoku\u0308tle miktar\u0131 y\u0131ll\u0131k yakla\u015f\u0131k 100 bin tonu buluyor. Bu kayna\u011f\u0131n 91 bin tonluk k\u0131sm\u0131 orman u\u0308ru\u0308nlerinden, 9 bin tonluk k\u0131sm\u0131 ise ayc\u0327ic\u0327ek sap\u0131ndan sa\u011flanacak.<\/p>\n<p style=\"color: #000000;\">Tesiste, K\u0131rklareli bo\u0308lgesi ve c\u0327evre illerde orman u\u0308ru\u0308nleri ve tar\u0131m u\u0308ru\u0308nlerinin is\u0327lenmesinden ortaya c\u0327\u0131kan biyoku\u0308tle yakacak hammaddesi olarak kullan\u0131lacak.<\/p>\n<p style=\"color: #000000;\">At\u0131klar\u0131n yatakl\u0131 reakto\u0308rde yak\u0131lmas\u0131yla elde edilecek buhar\u0131n, buhar tribu\u0308nu\u0308nden gec\u0327irilmesiye elektrik enerjisi \u00fcretilecek. Elde edilecek elektrik enerjisi, K\u0131rklareli OSB s\u0327ebekesine verilecek.<\/p>\n<p style=\"color: #000000;\">Projeyle s\u0327imdiye kadar deg\u0306erlendirilmemis\u0327, biyoku\u0308tle olarak tan\u0131mlanan orman art\u0131klar\u0131 ve tar\u0131msal nitelikli art\u0131klar, elektrik enerjisine c\u0327evrilecek ve enerji piyasas\u0131na katma deg\u0306er sag\u0306lanacak.<\/p>\n<p style=\"color: #000000;\">Bo\u0308lgedeki orman yog\u0306unlug\u0306unun fazla olmas\u0131, orman u\u0308ru\u0308nlerinin is\u0327lenmesinden kaynaklanan biyoku\u0308tle at\u0131klar\u0131n\u0131n fazlal\u0131g\u0306\u0131 ve mevcut sistemde deg\u0306erlendirilmemesi bu bo\u0308lgenin proje alan\u0131 olarak belirlenmesinde etkin rol oynad\u0131.<\/p>\n<p style=\"color: #000000;\">Proje kapsam\u0131nda, ins\u0327aat as\u0327amas\u0131nda 15, is\u0327letme as\u0327amas\u0131nda ise 45 kis\u0327inin c\u0327al\u0131s\u0327t\u0131r\u0131lmas\u0131 planlan\u0131yor.<\/p>\n<p style=\"color: #000000;\">Kaynak: Enerji Enstit\u00fcs\u00fc<\/p>\n<p><\/p>","protected":false},"excerpt":{"rendered":"<p>Sorry, this entry is only available in Turkish. For the sake of viewer convenience, the content is shown below in the alternative language. You may click the link to switch the active language. K\u0131rklareli\u2019de kurulacak biyok\u00fctleye dayal\u0131 elektrik \u00fcretim santralinde odun ve ayc\u0327ic\u0327ek saplar\u0131 yak\u0131larak elektrik \u00fcretilecek. Zeus Enerji, K\u0131rklareli Organize Sanayi B\u00f6lgesi\u2019nde (OSB) 12 [&hellip;]<\/p>\n","protected":false},"author":1,"featured_media":38473,"comment_status":"open","ping_status":"open","sticky":false,"template":"","format":"standard","meta":[],"categories":[22893,51,53],"tags":[22490,1484,22491,1930,19,63,67,1009,2698,165,22492],"views":2024,"_links":{"self":[{"href":"https:\/\/www.enerjigazetesi.ist\/en\/wp-json\/wp\/v2\/posts\/38472"}],"collection":[{"href":"https:\/\/www.enerjigazetesi.ist\/en\/wp-json\/wp\/v2\/posts"}],"about":[{"href":"https:\/\/www.enerjigazetesi.ist\/en\/wp-json\/wp\/v2\/types\/post"}],"author":[{"embeddable":true,"href":"https:\/\/www.enerjigazetesi.ist\/en\/wp-json\/wp\/v2\/users\/1"}],"replies":[{"embeddable":true,"href":"https:\/\/www.enerjigazetesi.ist\/en\/wp-json\/wp\/v2\/comments?post=38472"}],"version-history":[{"count":1,"href":"https:\/\/www.enerjigazetesi.ist\/en\/wp-json\/wp\/v2\/posts\/38472\/revisions"}],"predecessor-version":[{"id":38474,"href":"https:\/\/www.enerjigazetesi.ist\/en\/wp-json\/wp\/v2\/posts\/38472\/revisions\/38474"}],"wp:featuredmedia":[{"embeddable":true,"href":"https:\/\/www.enerjigazetesi.ist\/en\/wp-json\/wp\/v2\/media\/38473"}],"wp:attachment":[{"href":"https:\/\/www.enerjigazetesi.ist\/en\/wp-json\/wp\/v2\/media?parent=38472"}],"wp:term":[{"taxonomy":"category","embeddable":true,"href":"https:\/\/www.enerjigazetesi.ist\/en\/wp-json\/wp\/v2\/categories?post=38472"},{"taxonomy":"post_tag","embeddable":true,"href":"https:\/\/www.enerjigazetesi.ist\/en\/wp-json\/wp\/v2\/tags?post=38472"}],"curies":[{"name":"wp","href":"https:\/\/api.w.org\/{rel}","templated":true}]}}