{"id":38469,"date":"2015-04-21T13:04:41","date_gmt":"2015-04-21T10:04:41","guid":{"rendered":"https:\/\/www.enerjigazetesi.ist\/?p=38469"},"modified":"2015-04-21T13:04:41","modified_gmt":"2015-04-21T10:04:41","slug":"kutahyaya-100-mwlik-gunes-enerjisi-santrali-kurulumu","status":"publish","type":"post","link":"https:\/\/www.enerjigazetesi.ist\/en\/kutahyaya-100-mwlik-gunes-enerjisi-santrali-kurulumu\/","title":{"rendered":"(Turkish) K\u00fctahya\u2019ya 100 MW\u2019l\u0131k G\u00fcne\u015f Enerjisi Santrali Kurulumu!"},"content":{"rendered":"<p class=\"qtranxs-available-languages-message qtranxs-available-languages-message-en\">Sorry, this entry is only available in <a href=\"https:\/\/www.enerjigazetesi.ist\/tr\/wp-json\/wp\/v2\/posts\/38469\" class=\"qtranxs-available-language-link qtranxs-available-language-link-tr\" title=\"Turkish\">Turkish<\/a>. For the sake of viewer convenience, the content is shown below in the alternative language. You may click the link to switch the active language.<\/p><p><\/p>\n<p style=\"color: #000000;\"><strong>K\u00fctahya\u2019n\u0131n ilk g\u00fcne\u015f santrali mucit ve \u00e7evik KOB\u0130\u2019lerin giri\u015fimiyle hayata ge\u00e7iyor. Yakla\u015f\u0131k 50 y\u0131ld\u0131r K\u00fctahya\u2019da ticaret yapan Erden Grup, b\u00f6lgenin enerji politikas\u0131na \u00e7ok \u00f6nemli katk\u0131 sa\u011flayacak olan g\u00fcne\u015f enerjisi yat\u0131r\u0131m\u0131 i\u00e7in 100 milyon lira ay\u0131rd\u0131.<span id=\"more-71211\"><\/span>\u00a0<\/strong><\/p>\n<p style=\"color: #000000;\">\u015eirketin kuraca\u011f\u0131 santralin 100 MW kapasitesinde olmas\u0131 hedefliyor. Yat\u0131r\u0131m klasik g\u00fcne\u015f enerjili santrallerden de Ar-Ge yat\u0131r\u0131mlar\u0131yla ayr\u0131\u015fmay\u0131 planl\u0131yor. Termal kaynaklar\u0131 ile tan\u0131nan K\u00fctahya\u2019da r\u00fczgar, g\u00fcne\u015f ve termal enerjini<a href=\"https:\/\/www.enerjigazetesi.ist\/wp-content\/uploads\/2015\/04\/kutahyaya-100-mwlik-gunes-enerjisi-santrali-kurulumu.jpg\"><img loading=\"lazy\" class=\"alignright size-medium wp-image-38470\" src=\"https:\/\/www.enerjigazetesi.ist\/wp-content\/uploads\/2015\/04\/kutahyaya-100-mwlik-gunes-enerjisi-santrali-kurulumu-300x189.jpg\" alt=\"kutahyaya-100-mwlik-gunes-enerjisi-santrali-kurulumu\" width=\"300\" height=\"189\" srcset=\"https:\/\/www.enerjigazetesi.ist\/wp-content\/uploads\/2015\/04\/kutahyaya-100-mwlik-gunes-enerjisi-santrali-kurulumu-300x189.jpg 300w, https:\/\/www.enerjigazetesi.ist\/wp-content\/uploads\/2015\/04\/kutahyaya-100-mwlik-gunes-enerjisi-santrali-kurulumu-500x316.jpg 500w, https:\/\/www.enerjigazetesi.ist\/wp-content\/uploads\/2015\/04\/kutahyaya-100-mwlik-gunes-enerjisi-santrali-kurulumu-80x50.jpg 80w, https:\/\/www.enerjigazetesi.ist\/wp-content\/uploads\/2015\/04\/kutahyaya-100-mwlik-gunes-enerjisi-santrali-kurulumu.jpg 765w\" sizes=\"(max-width: 300px) 100vw, 300px\" \/><\/a> harmanlanaca\u011f\u0131 entegre yat\u0131r\u0131mlar planl\u0131yor. Bug\u00fcne kadar a\u011fr\u0131l\u0131kl\u0131 olarak otomotiv sekt\u00f6r\u00fcnde faaliyet g\u00f6steren Erden Grup\u2019un Y\u00f6netim Kurulu Ba\u015fkanl\u0131\u011f\u0131n\u0131 Ahmet Yal\u00e7\u0131n Erden yap\u0131yor. Bir aile \u015firketi olan Erden Grup\u2019ta y\u00f6netim kurulu \u00fcyeleri ise Derya Erden \u00c7erke\u015f ve Necdet Erden bayra\u011f\u0131 ta\u015f\u0131yan iki isim.<\/p>\n<p style=\"color: #000000;\">Erden Grup olarak her y\u0131l bir yat\u0131r\u0131m yapma karar\u0131 ald\u0131klar\u0131n\u0131 s\u00f6yleyen Necdet Erden, \u201cBu karar\u0131n ard\u0131ndan sekt\u00f6r aray\u0131\u015f\u0131na girdik. T\u00fcrkiye\u2019nin enerji konusunda yat\u0131r\u0131ma ihtiya\u00e7 duydu\u011funu analiz ederek g\u00fcne\u015f enerjisine y\u00f6neldik\u201d dedi. Yat\u0131r\u0131m hedeflerine h\u00fck\u00fcmetten de b\u00fcy\u00fck destek ald\u0131klar\u0131n\u0131 belirten Erden \u015f\u00f6yle devam etti: \u201cEkonomi Bakan\u0131 Nihat Zeybekci\u2019ye bu konuda yat\u0131r\u0131m yapaca\u011f\u0131m\u0131z\u0131 s\u00f6yledi. \u0130lk hedefimiz 30 megawatt enerji \u00fcretmekti. Bakan Zeybekci ise bu yetersiz kalaca\u011f\u0131n\u0131 s\u00f6ylemesi \u00fczerine yeni hedef 100 megawatt olarak belirlendi.\u201d<\/p>\n<p style=\"color: #000000;\">K\u00fctahya\u2019da yenilenebilir enerji alan\u0131nda yap\u0131lacak en b\u00fcy\u00fck yat\u0131r\u0131m noktas\u0131nda \u00e7ok y\u00f6nl\u00fc bir Ar-Ge \u00e7al\u0131\u015fmas\u0131 ba\u015flatt\u0131klar\u0131n\u0131 da anlatan Erden, \u201c\u00d6n\u00fcm\u00fczdeki aylarda fiilen \u00fcretime ba\u015flayaca\u011f\u0131z. Yat\u0131r\u0131m\u0131m\u0131z K\u00fctahya\u2019da olacak. Uzman bir ekipten olu\u015fan kadro kuruldu. Yenilenebilir enerji konusunda \u00e7\u0131\u011f\u0131r a\u00e7acak teknolojiler \u00fczerine \u00e7al\u0131\u015f\u0131yoruz\u201d diye konu\u015ftu.<\/p>\n<p style=\"color: #000000;\">Kaynak: Enerji Enstit\u00fcs\u00fc<\/p>\n<p><\/p>","protected":false},"excerpt":{"rendered":"<p>Sorry, this entry is only available in Turkish. For the sake of viewer convenience, the content is shown below in the alternative language. You may click the link to switch the active language. K\u00fctahya\u2019n\u0131n ilk g\u00fcne\u015f santrali mucit ve \u00e7evik KOB\u0130\u2019lerin giri\u015fimiyle hayata ge\u00e7iyor. Yakla\u015f\u0131k 50 y\u0131ld\u0131r K\u00fctahya\u2019da ticaret yapan Erden Grup, b\u00f6lgenin enerji politikas\u0131na [&hellip;]<\/p>\n","protected":false},"author":1,"featured_media":38470,"comment_status":"open","ping_status":"open","sticky":false,"template":"","format":"standard","meta":[],"categories":[53,49],"tags":[63,67,1009,2698,165,2326,227,13,2569,21768],"views":1341,"_links":{"self":[{"href":"https:\/\/www.enerjigazetesi.ist\/en\/wp-json\/wp\/v2\/posts\/38469"}],"collection":[{"href":"https:\/\/www.enerjigazetesi.ist\/en\/wp-json\/wp\/v2\/posts"}],"about":[{"href":"https:\/\/www.enerjigazetesi.ist\/en\/wp-json\/wp\/v2\/types\/post"}],"author":[{"embeddable":true,"href":"https:\/\/www.enerjigazetesi.ist\/en\/wp-json\/wp\/v2\/users\/1"}],"replies":[{"embeddable":true,"href":"https:\/\/www.enerjigazetesi.ist\/en\/wp-json\/wp\/v2\/comments?post=38469"}],"version-history":[{"count":1,"href":"https:\/\/www.enerjigazetesi.ist\/en\/wp-json\/wp\/v2\/posts\/38469\/revisions"}],"predecessor-version":[{"id":38471,"href":"https:\/\/www.enerjigazetesi.ist\/en\/wp-json\/wp\/v2\/posts\/38469\/revisions\/38471"}],"wp:featuredmedia":[{"embeddable":true,"href":"https:\/\/www.enerjigazetesi.ist\/en\/wp-json\/wp\/v2\/media\/38470"}],"wp:attachment":[{"href":"https:\/\/www.enerjigazetesi.ist\/en\/wp-json\/wp\/v2\/media?parent=38469"}],"wp:term":[{"taxonomy":"category","embeddable":true,"href":"https:\/\/www.enerjigazetesi.ist\/en\/wp-json\/wp\/v2\/categories?post=38469"},{"taxonomy":"post_tag","embeddable":true,"href":"https:\/\/www.enerjigazetesi.ist\/en\/wp-json\/wp\/v2\/tags?post=38469"}],"curies":[{"name":"wp","href":"https:\/\/api.w.org\/{rel}","templated":true}]}}