{"id":38431,"date":"2015-04-20T19:19:51","date_gmt":"2015-04-20T16:19:51","guid":{"rendered":"https:\/\/www.enerjigazetesi.ist\/?p=38431"},"modified":"2015-05-23T14:34:46","modified_gmt":"2015-05-23T11:34:46","slug":"marmarabirlik-zeytin-atiklarindan-elektrik-uretecek-2","status":"publish","type":"post","link":"https:\/\/www.enerjigazetesi.ist\/en\/marmarabirlik-zeytin-atiklarindan-elektrik-uretecek-2\/","title":{"rendered":"(Turkish) Marmarabirlik, Zeytin At\u0131klar\u0131ndan Elektrik \u00dcretecek!"},"content":{"rendered":"<p class=\"qtranxs-available-languages-message qtranxs-available-languages-message-en\">Sorry, this entry is only available in <a href=\"https:\/\/www.enerjigazetesi.ist\/tr\/wp-json\/wp\/v2\/posts\/38431\" class=\"qtranxs-available-language-link qtranxs-available-language-link-tr\" title=\"Turkish\">Turkish<\/a>. For the sake of viewer convenience, the content is shown below in the alternative language. You may click the link to switch the active language.<\/p><p><strong>Marmarabirlik Y\u00f6netim Kurulu Ba\u015fkan\u0131 Hidamet Asa, y\u0131lda 2 milyon kilovatsaat elektrik \u00fcretilmesi planlanan T\u00dcB\u0130TAK destekli \u201cZeytin At\u0131klar\u0131ndan Elektrik Enerjisi \u00dcretme\u201d projesi kapsam\u0131nda tesis kurulumunun tamamlanarak test \u00e7al\u0131\u015fmalar\u0131na ba\u015fland\u0131\u011f\u0131n\u0131 bildirdi.<\/strong><span id=\"more-71190\"><\/span><\/p>\n<p>Asa, yapt\u0131\u011f\u0131 yaz\u0131l\u0131 a\u00e7\u0131klamada, yakla\u015f\u0131k iki y\u0131l \u00f6nce birli\u011fin Ar-Ge projesi olarak ba\u015flayan \u201cZeytin At\u0131klar\u0131ndan Elektrik Enerjisi \u00dcretme\u201d projesinde sona gelindi\u011fini a\u00e7\u0131klad\u0131. Ar\u0131tma ve enerji \u00fcretim tesisinin, Marmarabirlik Entegre Tesis<a href=\"https:\/\/www.enerjigazetesi.ist\/wp-content\/uploads\/2015\/04\/marmarabirlik-zeytin-atiklarindan-elektrik-uretecek-2.jpg\"><img loading=\"lazy\" class=\"alignleft wp-image-38432 size-medium\" src=\"https:\/\/www.enerjigazetesi.ist\/wp-content\/uploads\/2015\/04\/marmarabirlik-zeytin-atiklarindan-elektrik-uretecek-2-300x168.jpg\" alt=\"marmarabirlik-zeytin-atiklarindan-elektrik-uretecek-2\" width=\"300\" height=\"168\" srcset=\"https:\/\/www.enerjigazetesi.ist\/wp-content\/uploads\/2015\/04\/marmarabirlik-zeytin-atiklarindan-elektrik-uretecek-2-300x168.jpg 300w, https:\/\/www.enerjigazetesi.ist\/wp-content\/uploads\/2015\/04\/marmarabirlik-zeytin-atiklarindan-elektrik-uretecek-2-500x280.jpg 500w, https:\/\/www.enerjigazetesi.ist\/wp-content\/uploads\/2015\/04\/marmarabirlik-zeytin-atiklarindan-elektrik-uretecek-2-80x44.jpg 80w, https:\/\/www.enerjigazetesi.ist\/wp-content\/uploads\/2015\/04\/marmarabirlik-zeytin-atiklarindan-elektrik-uretecek-2.jpg 788w\" sizes=\"(max-width: 300px) 100vw, 300px\" \/><\/a>leri\u2019nde, 2,5 d\u00f6n\u00fcm alan \u00fczerine yakla\u015f\u0131k 3 milyon liraya kuruldu\u011funu belirten Asa, \u201cGe\u00e7ti\u011fimiz g\u00fcnlerde g\u00fc\u00e7 sisteminin tamam\u0131 \u00e7al\u0131\u015ft\u0131r\u0131larak deneme testlerine ba\u015fland\u0131. Tesisin resmi a\u00e7\u0131l\u0131\u015f\u0131n\u0131 ise eyl\u00fcl ay\u0131nda ger\u00e7ekle\u015ftirmeyi planl\u0131yoruz\u201d a\u00e7\u0131klamas\u0131nda bulundu.<\/p>\n<p>Asa, d\u00fcnyan\u0131n her yerinde zeytinin kara suyunu ar\u0131tman\u0131n maliyetli ve zor bir i\u015f oldu\u011funa i\u015faret ederek, \u015f\u00f6yle devam etti:<\/p>\n<p>\u201cMarmarabirlik\u2019te zeytin at\u0131klar\u0131 ve kara suyun bertaraf\u0131 i\u00e7in y\u0131lda 500 bin lira bedel \u00f6denmekteydi. Mevcut durumda y\u0131ll\u0131k 1 milyon liraya ula\u015fan bir enerji t\u00fcketimi s\u00f6z konusu. Proje kapsam\u0131nda kurulan tesis, y\u0131lda 4 bin ton zeytin at\u0131\u011f\u0131ndan 2 milyon kilovatsaat elektrik enerjisi \u00fcretme kapasitesine sahip olacak. Tesis, sa\u011flayaca\u011f\u0131 kazan\u0131mlarla 3 y\u0131lda kendini amorti edecek. Ge\u00e7ti\u011fimiz g\u00fcnlerde g\u00fc\u00e7 sisteminin tamam\u0131 \u00e7al\u0131\u015ft\u0131r\u0131larak, deneme testlerine ba\u015fland\u0131. Proje \u015fu ana kadar hi\u00e7bir s\u0131k\u0131nt\u0131 olmadan hayata ge\u00e7irildi.\u201d<\/p>\n<p>D\u00fcnya markalar\u0131 inceleyecek Projenin birbirini besleyen bir yap\u0131lanmaya sahip oldu\u011funu anlatan Asa, tesiste ilk olarak zeytin salamura suyu, kara su ve i\u015fletmenin at\u0131k sular\u0131n\u0131n ar\u0131t\u0131laca\u011f\u0131n\u0131 vurgulad\u0131.<\/p>\n<p>At\u0131k sulardan elde edilen kat\u0131 at\u0131k, zeytin at\u0131klar\u0131 ve di\u011fer t\u00fcm organik at\u0131klardan olu\u015fan biyok\u00fctlenin enerji sistemine verilece\u011fini dile getiren Asa, \u201cBurada gazla\u015ft\u0131rma sistemiyle \u00fcretilen syngaz, organik rankin \u00e7evrim t\u00fcrbinini d\u00f6nd\u00fcrerek elektrik enerjisine d\u00f6n\u00fc\u015ft\u00fcrecek. At\u0131klar\u0131n gazla\u015ft\u0131r\u0131lmas\u0131 s\u0131ras\u0131nda a\u00e7\u0131\u011fa \u00e7\u0131kan \u0131s\u0131 da yine at\u0131k sular\u0131n ar\u0131t\u0131lmas\u0131nda kullan\u0131lacak. Proje y\u00fczde 87 verimlilikle \u00e7al\u0131\u015facak \u015fekilde ve s\u0131f\u0131r at\u0131k prensibi d\u00fc\u015f\u00fcn\u00fclerek planland\u0131. D\u00fcnyada bir ilk olacak proje i\u00e7in \u015fimdiden uluslararas\u0131 markalar\u0131n temsilcileri taraf\u0131m\u0131za inceleme talebinde bulunmaya ba\u015flad\u0131lar\u201d ifadelerini kulland\u0131.<\/p>\n<p>Asa, tesisten elde edilecek elektri\u011fin sat\u0131\u015f\u0131 i\u00e7in UEDA\u015e\u2019a yap\u0131lan ba\u015fvurular\u0131n kabul edildi\u011fini, Ankara TEDA\u015e\u2019ta konuyla ilgili izin s\u00fcrecinin devam etti\u011fini bildirdi. Elde edilecek elektri\u011fin yerli \u00fcretimle ger\u00e7ekle\u015ftirilmesi nedeniyle ek te\u015fvik de al\u0131naca\u011f\u0131n\u0131n alt\u0131n\u0131 \u00e7izen Asa, y\u0131ll\u0131k 2 milyon kilovat elektrik sat\u0131\u015f\u0131ndan sa\u011flanacak gelirin 300 bin dolara tekab\u00fcl edece\u011fini kaydetti.<\/p>\n<p>Asa, Marmarabirlik\u2019in yenilenebilir enerji \u00e7al\u0131\u015fmalar\u0131 kapsam\u0131nda g\u00fcne\u015f enerjisiyle elektrik \u00fcretiminin de yer ald\u0131\u011f\u0131n\u0131 vurgulayarak, \u015funlar\u0131 kaydetti: \u201cKooperatiflerimizin s\u00fcrekli kar etmesini sa\u011flayacak yat\u0131r\u0131mlarla daha g\u00fc\u00e7l\u00fc ortak, daha g\u00fc\u00e7l\u00fc kooperatif ve daha g\u00fc\u00e7l\u00fc Marmarabirlik i\u00e7in \u00e7al\u0131\u015f\u0131yoruz. Bu kapsamda g\u00fcne\u015f enerjisi tesislerimizle ilgili gerekli ba\u015fvurular yap\u0131larak, UEDA\u015e\u2019tan \u00f6n izinler al\u0131nm\u0131\u015f olup, ge\u00e7ti\u011fimiz g\u00fcnlerde TEDA\u015e\u2019tan yat\u0131r\u0131m izni de onaylanm\u0131\u015ft\u0131r. G\u00fcne\u015f enerjisi tesislerimiz, Marmarabirlik Entegre Tesisleri\u2019nde ve birli\u011fimize ba\u011fl\u0131 8 kooperatifte, ilk etapta \u00e7at\u0131 alanlar\u0131nda olmak \u00fczere toplam 20 megavatl\u0131k \u00fcretim kapasitesine sahip olacak \u015fekilde planlanm\u0131\u015ft\u0131r. Bu proje i\u00e7in 30 milyon dolar civar\u0131nda bir yat\u0131r\u0131m bedeli \u00f6n g\u00f6rmekteyiz.\u201d<\/p>\n<p>Kaynak: Enerji Enstit\u00fcs\u00fc<\/p>","protected":false},"excerpt":{"rendered":"<p>Sorry, this entry is only available in Turkish. For the sake of viewer convenience, the content is shown below in the alternative language. You may click the link to switch the active language.Marmarabirlik Y\u00f6netim Kurulu Ba\u015fkan\u0131 Hidamet Asa, y\u0131lda 2 milyon kilovatsaat elektrik \u00fcretilmesi planlanan T\u00dcB\u0130TAK destekli \u201cZeytin At\u0131klar\u0131ndan Elektrik Enerjisi \u00dcretme\u201d projesi kapsam\u0131nda tesis [&hellip;]<\/p>\n","protected":false},"author":1,"featured_media":38432,"comment_status":"open","ping_status":"open","sticky":false,"template":"","format":"standard","meta":[],"categories":[22893,51,53],"tags":[68,61,19,63,67,1009,2698,165,16884,16885,1216,22474,2227,16887],"views":1407,"_links":{"self":[{"href":"https:\/\/www.enerjigazetesi.ist\/en\/wp-json\/wp\/v2\/posts\/38431"}],"collection":[{"href":"https:\/\/www.enerjigazetesi.ist\/en\/wp-json\/wp\/v2\/posts"}],"about":[{"href":"https:\/\/www.enerjigazetesi.ist\/en\/wp-json\/wp\/v2\/types\/post"}],"author":[{"embeddable":true,"href":"https:\/\/www.enerjigazetesi.ist\/en\/wp-json\/wp\/v2\/users\/1"}],"replies":[{"embeddable":true,"href":"https:\/\/www.enerjigazetesi.ist\/en\/wp-json\/wp\/v2\/comments?post=38431"}],"version-history":[{"count":2,"href":"https:\/\/www.enerjigazetesi.ist\/en\/wp-json\/wp\/v2\/posts\/38431\/revisions"}],"predecessor-version":[{"id":38434,"href":"https:\/\/www.enerjigazetesi.ist\/en\/wp-json\/wp\/v2\/posts\/38431\/revisions\/38434"}],"wp:featuredmedia":[{"embeddable":true,"href":"https:\/\/www.enerjigazetesi.ist\/en\/wp-json\/wp\/v2\/media\/38432"}],"wp:attachment":[{"href":"https:\/\/www.enerjigazetesi.ist\/en\/wp-json\/wp\/v2\/media?parent=38431"}],"wp:term":[{"taxonomy":"category","embeddable":true,"href":"https:\/\/www.enerjigazetesi.ist\/en\/wp-json\/wp\/v2\/categories?post=38431"},{"taxonomy":"post_tag","embeddable":true,"href":"https:\/\/www.enerjigazetesi.ist\/en\/wp-json\/wp\/v2\/tags?post=38431"}],"curies":[{"name":"wp","href":"https:\/\/api.w.org\/{rel}","templated":true}]}}