{"id":38424,"date":"2015-04-20T19:05:29","date_gmt":"2015-04-20T16:05:29","guid":{"rendered":"https:\/\/www.enerjigazetesi.ist\/?p=38424"},"modified":"2015-04-20T19:05:29","modified_gmt":"2015-04-20T16:05:29","slug":"irak-ulkenin-en-buyuk-rafinerisi-olan-beyciyi-isidten-geri-aldi","status":"publish","type":"post","link":"https:\/\/www.enerjigazetesi.ist\/en\/irak-ulkenin-en-buyuk-rafinerisi-olan-beyciyi-isidten-geri-aldi\/","title":{"rendered":"(Turkish) Irak, \u00dclkenin En B\u00fcy\u00fck Rafinerisi Olan Beyci\u2019yi I\u015e\u0130D\u2019ten Geri Ald\u0131!"},"content":{"rendered":"<p class=\"qtranxs-available-languages-message qtranxs-available-languages-message-en\">Sorry, this entry is only available in <a href=\"https:\/\/www.enerjigazetesi.ist\/tr\/wp-json\/wp\/v2\/posts\/38424\" class=\"qtranxs-available-language-link qtranxs-available-language-link-tr\" title=\"Turkish\">Turkish<\/a>. For the sake of viewer convenience, the content is shown below in the alternative language. You may click the link to switch the active language.<\/p><p><strong>Irak kuvvetleri \u00fclkenin en b\u00fcy\u00fck petrol rafinerisi Beyci\u2019yi I\u015e\u0130D\u2019in elinden geri ald\u0131. Bir koalisyon s\u00f6zc\u00fcs\u00fc, Irak birliklerinin Beyci petrol rafinerisini Cumartesi \u00f6\u011flen saatlerinde geri ald\u0131\u011f\u0131n\u0131 a\u00e7\u0131klad\u0131. Ancak rafinerinin bulundu\u011fu Selahaddin ilinde \u00e7at\u0131\u015fmalar\u0131n, baz\u0131 tesislerin \u00e7evrelerinde devam etti\u011fi bildiriliyor.<\/strong><span id=\"more-71188\"><\/span><\/p>\n<p>Rafineri \u00e7evresindeki g\u00fcvenlik kordonunu k\u0131rmay\u0131 ba\u015faran I\u015e\u0130D militanlar\u0131 ge\u00e7en haftadan bu yana sald\u0131r\u0131lar\u0131na devam ediyordu. \u00d6rg\u00fct bu sald\u0131r\u0131da petrol depolar\u0131n\u0131n, bir teknik merkezin ve bir da\u011f\u0131t\u0131m merkezinin bulundu\u011fu baz\u0131 tesisleri ele<a href=\"https:\/\/www.enerjigazetesi.ist\/wp-content\/uploads\/2015\/04\/irak-ulkenin-en-buyuk-rafinerisi-olan-beyciyi-isidten-geri-aldi.jpg\"><img loading=\"lazy\" class=\"alignleft wp-image-38425 size-medium\" src=\"https:\/\/www.enerjigazetesi.ist\/wp-content\/uploads\/2015\/04\/irak-ulkenin-en-buyuk-rafinerisi-olan-beyciyi-isidten-geri-aldi-300x189.jpg\" alt=\"irak-ulkenin-en-buyuk-rafinerisi-olan-beyciyi-isidten-geri-aldi\" width=\"300\" height=\"189\" srcset=\"https:\/\/www.enerjigazetesi.ist\/wp-content\/uploads\/2015\/04\/irak-ulkenin-en-buyuk-rafinerisi-olan-beyciyi-isidten-geri-aldi-300x189.jpg 300w, https:\/\/www.enerjigazetesi.ist\/wp-content\/uploads\/2015\/04\/irak-ulkenin-en-buyuk-rafinerisi-olan-beyciyi-isidten-geri-aldi-500x315.jpg 500w, https:\/\/www.enerjigazetesi.ist\/wp-content\/uploads\/2015\/04\/irak-ulkenin-en-buyuk-rafinerisi-olan-beyciyi-isidten-geri-aldi-80x50.jpg 80w, https:\/\/www.enerjigazetesi.ist\/wp-content\/uploads\/2015\/04\/irak-ulkenin-en-buyuk-rafinerisi-olan-beyciyi-isidten-geri-aldi.jpg 870w\" sizes=\"(max-width: 300px) 100vw, 300px\" \/><\/a> ge\u00e7irdi.<\/p>\n<p>Ba\u011fdat\u2019\u0131n 250 kilometre kuzeyinde bulunan Beyci rafinerisi, ge\u00e7en Haziran\u2019da faaliyetlerini durdurmadan \u00f6nce g\u00fcnde 175 bin varil petrol \u00fcretiyordu. Rafineri ayn\u0131 d\u00f6nem, \u00fclkenin ikinci kenti Musul\u2019u da ele ge\u00e7iren I\u015e\u0130D\u2019in kontrolunda kald\u0131.<\/p>\n<p>Irak ordusu ge\u00e7en Kas\u0131m ay\u0131nda rafineriyi geri ald\u0131, ancak sonra yine kaybetti. Ordu ve orduya destek veren \u015eii milisler bu ay\u0131n ba\u015f\u0131nda Tikrit\u2019i de geri alarak I\u015e\u0130D\u2019e b\u00fcy\u00fck bir darbe vurmu\u015ftu.<\/p>\n<p>Son d\u00f6nemde Beyci\u2019ye sald\u0131r\u0131lar\u0131n\u0131 yeniden yo\u011funla\u015ft\u0131ran I\u015e\u0130D, yak\u0131nlardaki Ramadi\u2019yi de tehdit ediyor. I\u015e\u0130D militanlar\u0131n\u0131n yakla\u015fmas\u0131n\u0131n ard\u0131ndan, \u00e7ok say\u0131da Ramadili h\u00fck\u00fcmetin rastgele hava sald\u0131r\u0131lar\u0131na hedef olmamak amac\u0131yla kenti terk etti.<\/p>\n<p>Irakl\u0131 yetkililer, Ramadi\u2019ye takviye birliklerin yolland\u0131\u011f\u0131n\u0131 ve kentin tehlikede olmad\u0131\u011f\u0131n\u0131 savunuyor.<\/p>\n<p>Kaynak: Enerji Enstit\u00fcs\u00fc<\/p>","protected":false},"excerpt":{"rendered":"<p>Sorry, this entry is only available in Turkish. For the sake of viewer convenience, the content is shown below in the alternative language. You may click the link to switch the active language.Irak kuvvetleri \u00fclkenin en b\u00fcy\u00fck petrol rafinerisi Beyci\u2019yi I\u015e\u0130D\u2019in elinden geri ald\u0131. Bir koalisyon s\u00f6zc\u00fcs\u00fc, Irak birliklerinin Beyci petrol rafinerisini Cumartesi \u00f6\u011flen saatlerinde [&hellip;]<\/p>\n","protected":false},"author":1,"featured_media":38425,"comment_status":"open","ping_status":"open","sticky":false,"template":"","format":"standard","meta":[],"categories":[53,44],"tags":[22470,63,67,1009,2698,165,22471,13970,945,22472],"views":1021,"_links":{"self":[{"href":"https:\/\/www.enerjigazetesi.ist\/en\/wp-json\/wp\/v2\/posts\/38424"}],"collection":[{"href":"https:\/\/www.enerjigazetesi.ist\/en\/wp-json\/wp\/v2\/posts"}],"about":[{"href":"https:\/\/www.enerjigazetesi.ist\/en\/wp-json\/wp\/v2\/types\/post"}],"author":[{"embeddable":true,"href":"https:\/\/www.enerjigazetesi.ist\/en\/wp-json\/wp\/v2\/users\/1"}],"replies":[{"embeddable":true,"href":"https:\/\/www.enerjigazetesi.ist\/en\/wp-json\/wp\/v2\/comments?post=38424"}],"version-history":[{"count":1,"href":"https:\/\/www.enerjigazetesi.ist\/en\/wp-json\/wp\/v2\/posts\/38424\/revisions"}],"predecessor-version":[{"id":38426,"href":"https:\/\/www.enerjigazetesi.ist\/en\/wp-json\/wp\/v2\/posts\/38424\/revisions\/38426"}],"wp:featuredmedia":[{"embeddable":true,"href":"https:\/\/www.enerjigazetesi.ist\/en\/wp-json\/wp\/v2\/media\/38425"}],"wp:attachment":[{"href":"https:\/\/www.enerjigazetesi.ist\/en\/wp-json\/wp\/v2\/media?parent=38424"}],"wp:term":[{"taxonomy":"category","embeddable":true,"href":"https:\/\/www.enerjigazetesi.ist\/en\/wp-json\/wp\/v2\/categories?post=38424"},{"taxonomy":"post_tag","embeddable":true,"href":"https:\/\/www.enerjigazetesi.ist\/en\/wp-json\/wp\/v2\/tags?post=38424"}],"curies":[{"name":"wp","href":"https:\/\/api.w.org\/{rel}","templated":true}]}}