{"id":38403,"date":"2015-04-19T14:17:21","date_gmt":"2015-04-19T11:17:21","guid":{"rendered":"https:\/\/www.enerjigazetesi.ist\/?p=38403"},"modified":"2015-04-19T14:17:21","modified_gmt":"2015-04-19T11:17:21","slug":"benzin-fransada-da-yuksek-ingilterede-de-yuksek","status":"publish","type":"post","link":"https:\/\/www.enerjigazetesi.ist\/en\/benzin-fransada-da-yuksek-ingilterede-de-yuksek\/","title":{"rendered":"(Turkish) \u201cBenzin Fransa\u2019da da Y\u00fcksek \u0130ngiltere\u2019de de Y\u00fcksek&#8230;\u201d"},"content":{"rendered":"<p class=\"qtranxs-available-languages-message qtranxs-available-languages-message-en\">Sorry, this entry is only available in <a href=\"https:\/\/www.enerjigazetesi.ist\/tr\/wp-json\/wp\/v2\/posts\/38403\" class=\"qtranxs-available-language-link qtranxs-available-language-link-tr\" title=\"Turkish\">Turkish<\/a>. For the sake of viewer convenience, the content is shown below in the alternative language. You may click the link to switch the active language.<\/p><p><\/p>\n<p style=\"color: #363636;\"><strong>Enerji Piyasas\u0131 D\u00fczenleme Kurumu (EPDK) Ba\u015fkan\u0131 Mustafa Y\u0131lmaz, baz\u0131 bas\u0131n yay\u0131n organlar\u0131nda \u201cEPDK akaryak\u0131t fiyatlar\u0131n\u0131 y\u00fckseltti\u201d y\u00f6n\u00fcnde haberler \u00e7\u0131kt\u0131\u011f\u0131n\u0131 belirterek, \u201cBizde vergiler y\u00fcksek ama bug\u00fcn Fransa\u2019da da y\u00fcksek, \u0130ngiltere\u2019de de y\u00fcksek. Ben verginin y\u00fcksek olmas\u0131n\u0131 savunmuyorum ama biz akaryak\u0131t olarak d\u0131\u015fa ba\u011f\u0131ml\u0131 bir \u00fclkeyiz. Bu tip kas\u0131tl\u0131 haberler bizim kurumumuzu y\u0131pratmak i\u00e7in yap\u0131l\u0131yor\u201d dedi.<\/strong><\/p>\n<p style=\"color: #363636;\">Y\u0131lmaz, Cemile Sultan Korusu Tesisleri\u2019nde \u0130stanbul Ticaret Odas\u0131 (\u0130TO) \u00fcyelerine yapt\u0131\u011f\u0131 enerji sunumunda EPDK\u2019n\u0131n faaliyetleri hakk\u0131nda bilgi verdi.<a href=\"https:\/\/www.enerjigazetesi.ist\/wp-content\/uploads\/2015\/04\/benzin-fransada-da-yuksek-ingilterede-de-yuksek.jpg\"><img loading=\"lazy\" class=\"alignright  wp-image-38404\" src=\"https:\/\/www.enerjigazetesi.ist\/wp-content\/uploads\/2015\/04\/benzin-fransada-da-yuksek-ingilterede-de-yuksek.jpg\" alt=\"benzin-fransada-da-yuksek-ingilterede-de-yuksek\" width=\"300\" height=\"206\" \/><\/a><\/p>\n<p style=\"color: #363636;\">T\u00fcrkiye enerji piyasas\u0131n\u0131n OECD \u00fclkeleri i\u00e7erisinde en h\u0131zl\u0131 b\u00fcy\u00fcyen piyasa oldu\u011funu belirten Y\u0131lmaz, T\u00fcrkiye\u2019nin elektrik ve do\u011falgazdaki talep art\u0131\u015f h\u0131z\u0131n\u0131n Asya Pasifik B\u00f6lgesi d\u00fczeyinde oldu\u011funu, AB\u2019nin de 2,5 kat\u0131 bir h\u0131zla b\u00fcy\u00fcd\u00fc\u011f\u00fcn\u00fc ancak buna ra\u011fmen ki\u015fi ba\u015f\u0131na enerji t\u00fcketiminde AB ile OECD\u2019nin \u00e7ok gerisinde oldu\u011funu s\u00f6yledi.<\/p>\n<p style=\"color: #363636;\">T\u00fcrkiye\u2019nin enerji kullan\u0131m\u0131nda verimsiz bir \u00fclke oldu\u011funu ifade eden Y\u0131lmaz, \u201cBir birim mal ve hizmet \u00fcretilirken kullan\u0131lan enerji miktar\u0131 a\u00e7\u0131s\u0131ndan durumumuz Japonya\u2019ya g\u00f6re yakla\u015f\u0131k 4 kat daha k\u00f6t\u00fc. Daha verimli enerji kullan\u0131m\u0131 i\u00e7in uygulanan politikalar\u0131n belirli bir vadede sonu\u00e7 verece\u011fini d\u00fc\u015f\u00fcn\u00fcyoruz\u201d \u015feklinde konu\u015ftu.<\/p>\n<p style=\"color: #363636;\">Bu ay i\u00e7inde r\u00fczgara ili\u015fkin lisans ba\u015fvurular\u0131n\u0131 alacaklar\u0131 bilgisini veren Musafa Y\u0131lmaz, bunlar\u0131 k\u0131sa s\u00fcrede lisansland\u0131rarak T\u00fcrkiye\u2019nin kurulu g\u00fcc\u00fcne bu y\u00f6n\u00fcyle katk\u0131 sa\u011flayacaklar\u0131n\u0131 dile getirdi.<\/p>\n<p style=\"color: #363636;\">Yerli k\u00f6m\u00fcrle ilgili al\u0131nan tedbirlerin maliyet y\u00f6n\u00fcnde s\u0131k\u0131nt\u0131 olu\u015fturdu\u011funa i\u015faret eden Y\u0131lmaz, bunun yerli k\u00f6m\u00fcre olan ilgiyi biraz azalt\u0131r gibi oldu\u011funu, bu konuda zaman zaman durumu yetkili mercilere iletti\u011fini, ancak g\u00fcvenlik ve \u00e7evrenin asla ihmal edilmemesi gerekti\u011fini ifade etti.<\/p>\n<p style=\"color: #363636;\">Y\u0131lmaz, EPDK olarak yat\u0131r\u0131mc\u0131lar \u201celensin ya da yok olsun\u201d gibi bir niyetleri olmad\u0131\u011f\u0131n\u0131 belirterek, \u201cBizim amac\u0131m\u0131z piyasay\u0131 daha az riskle y\u00f6neterek, piyasa yat\u0131r\u0131mc\u0131s\u0131n\u0131n g\u00fcvenli bir ortamda yat\u0131r\u0131m\u0131n\u0131 ger\u00e7ekle\u015ftirmesi ve yapt\u0131\u011f\u0131 yat\u0131r\u0131m\u0131n kar\u015f\u0131l\u0131\u011f\u0131n\u0131 almas\u0131d\u0131r. Aksi takdirde buraya yeni girecek yat\u0131r\u0131mc\u0131lar\u0131 te\u015fvik edemeyiz\u201d dedi.<\/p>\n<p style=\"color: #363636;\"><strong>\u2018Yarg\u0131 kararlar\u0131 \u00f6n\u00fcm\u00fcze set koyuyor\u2019<\/strong><\/p>\n<p style=\"color: #363636;\">EPDK Ba\u015fkan\u0131 Y\u0131lmaz, bug\u00fcn siyasilerden en \u00e7ok talep edilen \u015feylerden birinin do\u011falgaz oldu\u011funu belirterek, \u201cK\u00f6ylerimiz bile bu konforu g\u00f6rd\u00fckleri i\u00e7in bundan faydalanmak istiyorlar\u201d dedi.<\/p>\n<p style=\"color: #363636;\">Da\u011f\u0131t\u0131m \u015firketlerinin bu konuda ciddi katk\u0131 sa\u011flad\u0131\u011f\u0131n\u0131 vurgulayan Y\u0131lmaz, tek katk\u0131 sa\u011flamayan\u0131n yarg\u0131 camias\u0131 oldu\u011funu s\u00f6yledi.<\/p>\n<p style=\"color: #363636;\">Do\u011falgaz\u0131n b\u00fct\u00fcn T\u00fcrkiye\u2019ye yay\u0131lmas\u0131n\u0131 istediklerini ancak yarg\u0131 kararlar\u0131n\u0131n \u00f6nlerine set koydu\u011funu aktaran Y\u0131lmaz, T\u00fcrkiye\u2019de \u00f6zel sekt\u00f6r\u00fcn ve d\u00fczenleyici kurumlar\u0131n geli\u015fti\u011fini, ancak yarg\u0131n\u0131n buna paralel olarak geli\u015fmedi\u011fini, farkl\u0131 bir paralelde geli\u015fti\u011fini dile getirdi.<\/p>\n<p style=\"color: #363636;\">\u201c\u0130ki hakimle sen buraya do\u011falgaz g\u00f6t\u00fcremezsin diyor, inan\u0131n sebebini anlamakta zorlan\u0131yoruz\u201d diyen Y\u0131lmaz, buna ra\u011fmen aradan ge\u00e7en 13 y\u0131ll\u0131k s\u00fcrede do\u011falgaz\u0131n sekt\u00f6rel da\u011f\u0131l\u0131m\u0131nda k\u00f6kl\u00fc de\u011fi\u015fiklikler ya\u015fad\u0131klar\u0131n\u0131, elektrik \u00fcretiminde kullan\u0131lan do\u011falgaz\u0131n pay\u0131n\u0131n y\u00fczde 48\u2032e indi\u011fini, sanayi ve meskenin pay\u0131n\u0131n da y\u00fczde 50\u2032ye y\u00fckseldi\u011fini ifade etti.<\/p>\n<p style=\"color: #363636;\">Akaryak\u0131t piyasas\u0131 ile ilgili de konu\u015fan Y\u0131lmaz, benzin fiyatlar\u0131n\u0131n Avrupa\u2019ya k\u0131yasla biraz y\u00fcksek oldu\u011funu, buna mukabil motorin fiyatlar\u0131n\u0131n Avrupa ortalamas\u0131 d\u00fczeyinde oldu\u011funun alt\u0131n\u0131 \u00e7izdi.<\/p>\n<p style=\"color: #363636;\">Bu konuyla ilgili baz\u0131 bas\u0131n yay\u0131n organlar\u0131nda \u201cEPDK akaryak\u0131t fiyatlar\u0131n\u0131 y\u00fckseltti\u201d y\u00f6n\u00fcnde haberler \u00e7\u0131kt\u0131\u011f\u0131na i\u015faret eden Y\u0131lmaz, konu\u015fmas\u0131n\u0131 \u015f\u00f6yle s\u00fcrd\u00fcrd\u00fc:<\/p>\n<p style=\"color: #363636;\">\u201cEPDK\u2019ya vurmak i\u00e7in \u00f6zellikle belli medya grubu hep EPDK\u2019y\u0131 g\u00fcndemde tutuyor. Bununla ilgili ve \u015fahs\u0131mla ilgili a\u00e7\u0131lan onlarca dava var. Bunun bir \u00e7ok sebebi var. 10 sene \u00f6ncesine gitti\u011fimizde, enerji sekt\u00f6r\u00fcnde bu tip hadiselerin olmamas\u0131nda kurul \u00fcyesi arkada\u015flar\u0131m\u0131n ve hepsinin katk\u0131s\u0131 var. Bir yarg\u0131da ya\u015fad\u0131\u011f\u0131m\u0131z hadiseyi orada ya\u015famad\u0131k, bir emniyette ya\u015fad\u0131\u011f\u0131m\u0131z hadiseyi enerji sekt\u00f6r\u00fcnde ya\u015famamam\u0131z\u0131n bedelini bize \u00f6dettirmeye \u00e7al\u0131\u015f\u0131yorlar. Biz gerekirse bu bedeli \u00f6demeye haz\u0131r\u0131z. Buraya \u015furadan geldim. Motorin fiyatlar\u0131 Avrupa ile hemen hemen ayn\u0131 d\u00fczeyde. Bizde vergiler y\u00fcksek\u2026 Y\u00fcksek mi? Do\u011fru y\u00fcksek ama bug\u00fcn Fransa\u2019da da y\u00fcksek, \u0130ngiltere\u2019de de y\u00fcksek. Ben verginin y\u00fcksek olmas\u0131n\u0131 savunmuyorum ama biz akaryak\u0131t olarak d\u0131\u015fa ba\u011f\u0131ml\u0131 bir \u00fclkeyiz. Bunu dikkate alal\u0131m. Bir tak\u0131m vergilerin olmas\u0131 da laz\u0131m. Biz vergi oranlar\u0131 ile b\u00fct\u00fcn Avrupa oranlar\u0131n\u0131 her g\u00fcn internet sitemizde yay\u0131nl\u0131yoruz. Bu y\u00f6n\u00fcyle de \u015feffaf bir kurumuz. Bu tip kas\u0131tl\u0131 haberler bizim kurumumuzu y\u0131pratmak i\u00e7in yap\u0131l\u0131yor. Bu tip haberler i\u00e7in gerekti\u011finde hesab\u0131n\u0131 da soraca\u011f\u0131z.\u201d<\/p>\n<p style=\"color: #363636;\">Y\u0131lmaz, tavan fiyat uygulamas\u0131 ile ilgili, \u201c\u015eirketler bize \u2018iyi ki tavan fiyat\u0131 koydunuz yoksa biz daha yukar\u0131 t\u0131rmanmaya devam ediyorduk\u2019 diyor\u201d ifadelerini kulland\u0131.<\/p>\n<p style=\"color: #363636;\"><strong>\u2018Bir bayii grubu feveran ediyor\u2019<\/strong><\/p>\n<p style=\"color: #363636;\">Y\u0131lmaz, sunumundan sonra \u0130TO \u00fcyelerinin sorular\u0131n\u0131 da yan\u0131tlad\u0131.<\/p>\n<p style=\"color: #363636;\">Gelecek 10 y\u0131l\u0131n sonunda lisanss\u0131zlar\u0131n al\u0131m garantisinin devam etmeyece\u011fi bilgisini veren Y\u0131lmaz, T\u00fcrkiye\u2019deki yenilenebilir enerjide yerli kaynaklar\u0131n bir \u015fekilde sisteme girmesi gerekti\u011fini s\u00f6yledi.<\/p>\n<p style=\"color: #363636;\">Bunun i\u00e7in 10 y\u0131l te\u015fvik verdikten sonra 10 y\u0131l\u0131n sonunda katk\u0131 verilen hususun ceza niteli\u011fine ge\u00e7ece\u011fini bildiren Y\u0131lmaz, \u201cBu da oradaki yat\u0131r\u0131mlar\u0131n \u00f6n\u00fcn\u00fc kesmi\u015f olur. Zaten bu ufak i\u015fletmeler 1000 megawatt alt\u0131nda. Ama\u00e7 burada sisteme g\u00fc\u00e7 kazand\u0131rmak\u201d \u015feklinde konu\u015ftu.<\/p>\n<p style=\"color: #363636;\">Piyasay\u0131 bozan unsurlar oldu\u011fu takdirde EPDK\u2019n\u0131n bir tak\u0131m kararlar alarak yoluna devam edece\u011finin de alt\u0131n\u0131 \u00e7izen Y\u0131lmaz, \u201cTavan karar\u0131 almam\u0131zdan bu yana piyasa ile \u00e7al\u0131\u015fmalar\u0131m\u0131z devam ediyor. Sona do\u011fru yakla\u015ft\u0131k. Burada \u00f6yle bir yap\u0131 olu\u015fmad\u0131. Serbest piyasaya ge\u00e7ince \u015firketler bu serbest piyasa alg\u0131s\u0131n\u0131 k\u00f6t\u00fcye kulland\u0131. Ben bu yap\u0131y\u0131 bozmak istiyorum. Serbest piyasa kendini dengeler. Piyasan\u0131n y\u00fczde 80-85\u2032ini tutan bir yap\u0131 vard\u0131. Vah\u015fi kapitalizm kurallar\u0131 rekabeti \u00f6nleyecek \u015fekilde i\u015fledi. Biz buna m\u00fcdahale ettik. Belirli bir bayii grubu var piyasan\u0131n rant\u0131n\u0131 toplayan onlar feveran ediyor.\u201d<\/p>\n<p style=\"color: #363636;\"><strong>\u2018Yerli k\u00f6m\u00fcre a\u011f\u0131rl\u0131k verilmesi enerji \u00e7e\u015fitlili\u011fi a\u00e7\u0131s\u0131ndan \u00f6nemli\u2019<\/strong><\/p>\n<p style=\"color: #363636;\">\u0130TO Y\u00f6netim Kurulu Ba\u015fkan Yard\u0131mc\u0131s\u0131 G\u00f6khan Murat Kals\u0131n ise T\u00fcrkiye\u2019nin enerjide d\u0131\u015far\u0131 ba\u011f\u0131ml\u0131l\u0131\u011f\u0131n\u0131n y\u00fczde 73 seviyesinde oldu\u011funu, ge\u00e7en y\u0131l 54,9 milyar dolarl\u0131k enerji ithalat\u0131 ger\u00e7ekle\u015ftirildi\u011fini s\u00f6yledi.<\/p>\n<p style=\"color: #363636;\">Y\u00fcksek enerji ithalat\u0131n\u0131n cari a\u00e7\u0131\u011f\u0131n \u00f6nemli bir b\u00f6l\u00fcm\u00fcn\u00fc olu\u015fturup ekonomiyi zorlay\u0131c\u0131 bir etkiye sahip oldu\u011funa i\u015faret eden Kals\u0131n, \u201cDi\u011fer yandan enerji ithalat\u0131n\u0131n d\u00f6viz rezervlerinden kar\u015f\u0131land\u0131\u011f\u0131n\u0131 hesaba katarsak, d\u00f6viz kurundaki art\u0131\u015flar \u00e7arpan etkisi ile ekonomimize ciddi manada s\u0131k\u0131nt\u0131lar ya\u015fatmakta\u201d dedi.<\/p>\n<p style=\"color: #363636;\">\u00d6zellikle R\u00fczgar ve enerjinin T\u00fcrkiye i\u00e7in b\u00fcy\u00fck bir \u015fans oldu\u011funu vurgulayan Kals\u0131n, i\u015f d\u00fcnyas\u0131n\u0131 yenilenebilir enerji yat\u0131r\u0131mlar\u0131 konusunda cesaretlendirmenin \u00e7ok \u00f6nemli oldu\u011funu vurgulad\u0131.<\/p>\n<p style=\"color: #363636;\">Yerli k\u00f6m\u00fcre a\u011f\u0131rl\u0131k verilmesinin enerji \u00e7e\u015fitlili\u011fi a\u00e7\u0131s\u0131ndan da \u00f6nemli oldu\u011funa da i\u015faret eden Kals\u0131n, \u201cEn ucuz enerji tasarruf edilen enerjidir. Enerjimizi bo\u015fa harcamay\u0131p gerekli tasarruf \u00f6nlemlerini ald\u0131\u011f\u0131m\u0131zda hem elektrik t\u00fcketimimiz makul seviyelere gelecek, hem de cebimizden \u00e7\u0131kacak para daha da azalm\u0131\u015f olacak\u201d \u015feklinde konu\u015ftu.<\/p>\n<p style=\"color: #363636;\">Kaynak: AA<\/p>\n<p><\/p>","protected":false},"excerpt":{"rendered":"<p>Sorry, this entry is only available in Turkish. For the sake of viewer convenience, the content is shown below in the alternative language. You may click the link to switch the active language. Enerji Piyasas\u0131 D\u00fczenleme Kurumu (EPDK) Ba\u015fkan\u0131 Mustafa Y\u0131lmaz, baz\u0131 bas\u0131n yay\u0131n organlar\u0131nda \u201cEPDK akaryak\u0131t fiyatlar\u0131n\u0131 y\u00fckseltti\u201d y\u00f6n\u00fcnde haberler \u00e7\u0131kt\u0131\u011f\u0131n\u0131 belirterek, \u201cBizde vergiler [&hellip;]<\/p>\n","protected":false},"author":1,"featured_media":38404,"comment_status":"open","ping_status":"open","sticky":false,"template":"","format":"standard","meta":[],"categories":[53,44],"tags":[2289,2142,63,67,1009,2698,1046,165,750,6007,12996],"views":451,"_links":{"self":[{"href":"https:\/\/www.enerjigazetesi.ist\/en\/wp-json\/wp\/v2\/posts\/38403"}],"collection":[{"href":"https:\/\/www.enerjigazetesi.ist\/en\/wp-json\/wp\/v2\/posts"}],"about":[{"href":"https:\/\/www.enerjigazetesi.ist\/en\/wp-json\/wp\/v2\/types\/post"}],"author":[{"embeddable":true,"href":"https:\/\/www.enerjigazetesi.ist\/en\/wp-json\/wp\/v2\/users\/1"}],"replies":[{"embeddable":true,"href":"https:\/\/www.enerjigazetesi.ist\/en\/wp-json\/wp\/v2\/comments?post=38403"}],"version-history":[{"count":1,"href":"https:\/\/www.enerjigazetesi.ist\/en\/wp-json\/wp\/v2\/posts\/38403\/revisions"}],"predecessor-version":[{"id":38405,"href":"https:\/\/www.enerjigazetesi.ist\/en\/wp-json\/wp\/v2\/posts\/38403\/revisions\/38405"}],"wp:featuredmedia":[{"embeddable":true,"href":"https:\/\/www.enerjigazetesi.ist\/en\/wp-json\/wp\/v2\/media\/38404"}],"wp:attachment":[{"href":"https:\/\/www.enerjigazetesi.ist\/en\/wp-json\/wp\/v2\/media?parent=38403"}],"wp:term":[{"taxonomy":"category","embeddable":true,"href":"https:\/\/www.enerjigazetesi.ist\/en\/wp-json\/wp\/v2\/categories?post=38403"},{"taxonomy":"post_tag","embeddable":true,"href":"https:\/\/www.enerjigazetesi.ist\/en\/wp-json\/wp\/v2\/tags?post=38403"}],"curies":[{"name":"wp","href":"https:\/\/api.w.org\/{rel}","templated":true}]}}