{"id":38382,"date":"2018-01-25T15:47:13","date_gmt":"2018-01-25T12:47:13","guid":{"rendered":"https:\/\/www.enerjigazetesi.ist\/?p=38382"},"modified":"2018-01-28T22:16:50","modified_gmt":"2018-01-28T19:16:50","slug":"sebeke-baglantili-on-grid-gunes-enerjisi-sistemleri","status":"publish","type":"post","link":"https:\/\/www.enerjigazetesi.ist\/en\/sebeke-baglantili-on-grid-gunes-enerjisi-sistemleri\/","title":{"rendered":"(Turkish) \u015eebeke Ba\u011flant\u0131l\u0131 (On Grid) Solar G\u00fcne\u015f Enerjisi Sistemleri"},"content":{"rendered":"<p class=\"qtranxs-available-languages-message qtranxs-available-languages-message-en\">Sorry, this entry is only available in <a href=\"https:\/\/www.enerjigazetesi.ist\/tr\/wp-json\/wp\/v2\/posts\/38382\" class=\"qtranxs-available-language-link qtranxs-available-language-link-tr\" title=\"Turkish\">Turkish<\/a>. For the sake of viewer convenience, the content is shown below in the alternative language. You may click the link to switch the active language.<\/p><p><\/p>\n<h1><strong>\u015eebeke Ba\u011flant\u0131l\u0131 ( On Grid ) Solar G\u00fcne\u015f Enerjisi Sistemleri<\/strong><\/h1>\n<p><strong>D\u00fcnyada en pop\u00fcler fotovoltaik elektrik \u00fcretimi uygulamas\u0131 binalar\u0131n \u00e7at\u0131lar\u0131ndaki ve cephelerindeki PV panellerden elde edilen g\u00fcc\u00fcn elektrik \u015febekesine aktar\u0131lmas\u0131d\u0131r&#8230;<\/strong><\/p>\n<p>D\u00fcnyada en pop\u00fcler fotovoltaik elektrik \u00fcretimi uygulamas\u0131 binalar\u0131n \u00e7at\u0131lar\u0131ndaki ve cephelerindeki PV panellerden elde edilen g\u00fcc\u00fcn elektrik \u015febekesine aktar\u0131lmas\u0131d\u0131r. Bu uygulamada fotovoltaik elektrik \u00fcretim sistemi adeta bir mini elektrik santrali gibi \u00e7al\u0131\u015f\u0131r. Fotovoltaik panellerden \u00fcretilen elektrik ayr\u0131 bir saya\u00e7 \u00fczerinden ayr\u0131 bir tarifeden \u015febekeye sat\u0131l\u0131r.<\/p>\n<p>Bu uygulamaya \u015febeke ba\u011flant\u0131l\u0131 fotovoltaik elektrik \u00fcretim sistemi uygulamas\u0131 ad\u0131 verilmektedir. Her ne kadar baz\u0131 ada sistemlerinde de \u015febeke ba\u011flant\u0131s\u0131 mevcut olsa da, bu ba\u011flant\u0131 \u015febekeden al\u0131nan g\u00fc\u00e7 ile ak\u00fclerin \u015farj edilmesi amac\u0131yla kullan\u0131lmaktad\u0131r. Burada bahsedilen \u015febeke ba\u011flant\u0131l\u0131 sistem, ada sisteminden farkl\u0131 olarak fotovoltaik g\u00fcc\u00fc \u015febekeye aktarmakta ve \u015febeke ba\u011flant\u0131s\u0131 terimi, \u015febekeye do\u011fru bir g\u00fc\u00e7 ak\u0131s\u0131 oldu\u011fu anlatmak i\u00e7in kullan\u0131lmaktad\u0131r.<\/p>\n<p>Bu \u015fekilde da\u011f\u0131lm\u0131\u015f yap\u0131da mini g\u00fcnes elektri\u011fi santralleri kurman\u0131n ana avantajlar\u0131, elektri\u011fin t\u00fcketildi\u011fi yere yak\u0131n olarak \u00fcretilmesi sonucunda enerji iletim kay\u0131plar\u0131n\u0131n azalmas\u0131 ve \u00f6zellikle g\u00fcne\u015fli b\u00f6lgelerde iklimlendirme cihazlar\u0131n\u0131n yol a\u00e7t\u0131\u011f\u0131 tepe g\u00fc\u00e7 ihtiyac\u0131n\u0131 telafi etmesidir. Son y\u0131llarda petrol fiyatlar\u0131ndaki art\u0131\u015f ve ya\u015fanan k\u00fcresel \u0131s\u0131nma, \u00fclkeleri bu sorunlara \u00e7\u00f6z\u00fcmler \u00fcretme yolunda yeni \u00e7areler aramaya itmi\u015ftir. Bu \u00e7\u00f6z\u00fcmler aras\u0131nda, yenilenebilir enerjilere do\u011fru bir y\u00f6nelim art\u0131s\u0131 \u00f6ne \u00e7\u0131kmaktad\u0131r.<br \/>\nBu \u015fekilde da\u011f\u0131lm\u0131\u015f yap\u0131da mini g\u00fcne\u015f elektri\u011fi santralleri kurman\u0131n ana avantajlar\u0131, elektri\u011fin t\u00fcketildi\u011fi yere yak\u0131n olarak \u00fcretilmesi sonucunda enerji iletim kay\u0131plar\u0131n\u0131n azalmas\u0131 ve \u00f6zellikle g\u00fcne\u015fli b\u00f6lgelerde iklimlendirme cihazlar\u0131n\u0131n yol a\u00e7t\u0131\u011f\u0131 tepe g\u00fc\u00e7 ihtiyac\u0131n\u0131 telafi etmesidir. Son y\u0131llarda petrol fiyatlar\u0131ndaki art\u0131\u015f ve ya\u015fanan k\u00fcresel \u0131s\u0131nma, \u00fclkeleri bu sorunlara \u00e7\u00f6z\u00fcmler \u00fcretme yolunda yeni \u00e7areler aramaya itmi\u015ftir. Bu \u00e7\u00f6z\u00fcmler aras\u0131nda, yenilenebilir enerjilere do\u011fru bir y\u00f6nelim art\u0131s\u0131 \u00f6ne \u00e7\u0131kmaktad\u0131r.<\/p>\n<p style=\"text-align: center;\"><a href=\"https:\/\/www.enerjigazetesi.ist\/wp-content\/uploads\/2015\/04\/01.jpg\"><img loading=\"lazy\" class=\"wp-image-38383\" src=\"https:\/\/www.enerjigazetesi.ist\/wp-content\/uploads\/2015\/04\/01.jpg\" alt=\"01\" width=\"557\" height=\"273\" srcset=\"https:\/\/www.enerjigazetesi.ist\/wp-content\/uploads\/2015\/04\/01.jpg 700w, https:\/\/www.enerjigazetesi.ist\/wp-content\/uploads\/2015\/04\/01-300x147.jpg 300w, https:\/\/www.enerjigazetesi.ist\/wp-content\/uploads\/2015\/04\/01-500x245.jpg 500w, https:\/\/www.enerjigazetesi.ist\/wp-content\/uploads\/2015\/04\/01-80x39.jpg 80w\" sizes=\"(max-width: 557px) 100vw, 557px\" \/><\/a><\/p>\n<p>Yenilenebilir enerjilerin ilk yat\u0131r\u0131m maliyetlerinin y\u00fcksek olmas\u0131 y\u00fcz\u00fcnden, bu sistemlerin yayg\u0131nla\u015ft\u0131r\u0131lmas\u0131 i\u00e7in \u00e7e\u015fitli yasal d\u00fczenlemeler yap\u0131lmaktad\u0131r. \u015eebeke ba\u011flant\u0131l\u0131 g\u00fcne\u015f enerjisi sistemlerinin d\u00fcnya pazar\u0131n\u0131n %85\u2019i oran\u0131nda yayg\u0131nla\u015fmas\u0131n\u0131n temel nedeni baz\u0131 geli\u015fmi\u015f \u00fclkelerde uygulanan y\u00fcksek fiyatl\u0131 g\u00fcne\u015f elektri\u011fi sat\u0131n alma tarifeleri ve sat\u0131n alma garantileridir.<\/p>\n<p><strong>\u015eebeke ba\u011flant\u0131l\u0131 sistem tasar\u0131m\u0131<\/strong><br \/>\n1- Sistemin g\u00fcc\u00fc ihtiya\u00e7la de\u011fil, PV panellerin kurulabilece\u011fi alan b\u00fcy\u00fckl\u00fc\u011f\u00fc ile ya da bu sistemin kurulmas\u0131 i\u00e7in ayr\u0131lm\u0131\u015f b\u00fct\u00e7e ile s\u0131n\u0131rl\u0131d\u0131r. \u00dcretilen elektrik y\u00fcksek fiyatl\u0131 bir tarife ile sat\u0131laca\u011f\u0131 i\u00e7in m\u00fcmk\u00fcn mertebe b\u00fcy\u00fck bir sistem kurulmaya \u00e7al\u0131\u015f\u0131l\u0131r.<br \/>\n2- PV Mod\u00fcl teknolojisinin se\u00e7ilmesi: Farkl\u0131 PV teknolojilerinin verimleri, s\u0131cakl\u0131k kay\u0131plar\u0131 ve d\u00fc\u015f\u00fck \u0131s\u0131n\u0131m \u015fartlar\u0131ndaki verimleri farkl\u0131d\u0131r. T\u00fcm parametrelerin de\u011ferlendirilmesi gereklidir.<br \/>\n3- Sistemin montaj yerinin ve buna uygun montaj konstr\u00fcksiyonunun se\u00e7ilmesi (\u00c7at\u0131 montaj\u0131, sabit a\u00e7\u0131l\u0131 a\u00e7\u0131k alan montaj\u0131, cephe montaj\u0131, g\u00fcne\u015f izleme sistemi kullan\u0131lmas\u0131 vb.)<br \/>\n4- Montaj alan\u0131n\u0131n etraf\u0131nda g\u00fcn i\u00e7erisinde g\u00f6lge yapmas\u0131 muhtemel yap\u0131lar\u0131n ve g\u00fcn\u00fcn ilgili saatlerindeki g\u00f6lge miktar\u0131n\u0131n, g\u00fcn boyu g\u00fcnesin hareketinden kaynaklanan g\u00f6lge miktar\u0131n\u0131n belirlenmesi ve hesaplanmas\u0131.<br \/>\n5- Evirici (invert\u00f6r) konseptinin belirlenmesi.<br \/>\n6- Evirici (invert\u00f6r) g\u00fcc\u00fcn\u00fcn hesaplanmas\u0131.<br \/>\n7- Evirici geriliminin hesaplanmas\u0131.<br \/>\n8- Paralel PV dizi gruplar\u0131n\u0131n say\u0131s\u0131n\u0131n belirlenmesi.<br \/>\n9- Kablolama altyap\u0131s\u0131n\u0131n olu\u015fturulmas\u0131.<\/p>\n<p style=\"text-align: center;\"><a href=\"https:\/\/www.enerjigazetesi.ist\/wp-content\/uploads\/2015\/04\/02.jpg\"><img loading=\"lazy\" class=\"aligncenter wp-image-38384\" src=\"https:\/\/www.enerjigazetesi.ist\/wp-content\/uploads\/2015\/04\/02.jpg\" alt=\"02\" width=\"521\" height=\"360\" srcset=\"https:\/\/www.enerjigazetesi.ist\/wp-content\/uploads\/2015\/04\/02.jpg 600w, https:\/\/www.enerjigazetesi.ist\/wp-content\/uploads\/2015\/04\/02-300x207.jpg 300w, https:\/\/www.enerjigazetesi.ist\/wp-content\/uploads\/2015\/04\/02-500x345.jpg 500w, https:\/\/www.enerjigazetesi.ist\/wp-content\/uploads\/2015\/04\/02-72x50.jpg 72w\" sizes=\"(max-width: 521px) 100vw, 521px\" \/><\/a><\/p>\n<p style=\"color: #000000;\"><span style=\"color: #ff6600;\"><strong>\u015eebeke Ba\u011flant\u0131l\u0131 (On Grid) G\u00fcne\u015f Enerjisi Sistemleri Hizmetleri<\/strong><\/span><strong><span style=\"color: #ff0000;\">\u00a0<span style=\"color: #99cc00;\">Konsept Enerji<\/span><\/span><span style=\"color: #99cc00;\">\u00a0<\/span>Tecr\u00fcbe ve G\u00fcvencesiyle\u2026<\/strong><\/p>\n<p style=\"color: #000000;\"><span style=\"font-weight: bold; color: #993300;\">Detayl\u0131 Bilgi \u0130\u00e7in\u2013&gt;<\/span>\u00a0<span style=\"font-weight: bold; color: #993300;\"><strong>Yetkili Ki\u015fi:<\/strong>\u00a0<\/span>Suat AYDO\u011eAN \u2013\u00a0<span style=\"font-weight: bold; color: #993300;\">Mail:<\/span>\u00a0<a href=\"mailto:konseptenerji@gmail.com\">konseptenerji@gmail.com<\/a><\/p>\n<p>Detayl\u0131 <span style=\"text-decoration: underline;\">Bilgi Almak<\/span> \u0130\u00e7in <span style=\"text-decoration: underline;\">\u0130leti\u015fim Bilgileriniz \u0130le<\/span> Birlikte <span style=\"text-decoration: underline;\">Mesaj G\u00f6nderiniz<\/span> Taraf\u0131n\u0131za <span style=\"text-decoration: underline;\">24 Saat \u0130\u00e7erisinde<\/span> Geri D\u00f6n\u00fc\u015f Yap\u0131lacakt\u0131r.<\/p>","protected":false},"excerpt":{"rendered":"<p>Sorry, this entry is only available in Turkish. For the sake of viewer convenience, the content is shown below in the alternative language. You may click the link to switch the active language. \u015eebeke Ba\u011flant\u0131l\u0131 ( On Grid ) Solar G\u00fcne\u015f Enerjisi Sistemleri D\u00fcnyada en pop\u00fcler fotovoltaik elektrik \u00fcretimi uygulamas\u0131 binalar\u0131n \u00e7at\u0131lar\u0131ndaki ve cephelerindeki PV [&hellip;]<\/p>\n","protected":false},"author":1,"featured_media":36445,"comment_status":"open","ping_status":"open","sticky":false,"template":"","format":"standard","meta":[],"categories":[4,18007],"tags":[63,67,1009,2698,165,2326,227,13,1876,30168,22462,30167,30157],"views":5692,"_links":{"self":[{"href":"https:\/\/www.enerjigazetesi.ist\/en\/wp-json\/wp\/v2\/posts\/38382"}],"collection":[{"href":"https:\/\/www.enerjigazetesi.ist\/en\/wp-json\/wp\/v2\/posts"}],"about":[{"href":"https:\/\/www.enerjigazetesi.ist\/en\/wp-json\/wp\/v2\/types\/post"}],"author":[{"embeddable":true,"href":"https:\/\/www.enerjigazetesi.ist\/en\/wp-json\/wp\/v2\/users\/1"}],"replies":[{"embeddable":true,"href":"https:\/\/www.enerjigazetesi.ist\/en\/wp-json\/wp\/v2\/comments?post=38382"}],"version-history":[{"count":16,"href":"https:\/\/www.enerjigazetesi.ist\/en\/wp-json\/wp\/v2\/posts\/38382\/revisions"}],"predecessor-version":[{"id":61299,"href":"https:\/\/www.enerjigazetesi.ist\/en\/wp-json\/wp\/v2\/posts\/38382\/revisions\/61299"}],"wp:featuredmedia":[{"embeddable":true,"href":"https:\/\/www.enerjigazetesi.ist\/en\/wp-json\/wp\/v2\/media\/36445"}],"wp:attachment":[{"href":"https:\/\/www.enerjigazetesi.ist\/en\/wp-json\/wp\/v2\/media?parent=38382"}],"wp:term":[{"taxonomy":"category","embeddable":true,"href":"https:\/\/www.enerjigazetesi.ist\/en\/wp-json\/wp\/v2\/categories?post=38382"},{"taxonomy":"post_tag","embeddable":true,"href":"https:\/\/www.enerjigazetesi.ist\/en\/wp-json\/wp\/v2\/tags?post=38382"}],"curies":[{"name":"wp","href":"https:\/\/api.w.org\/{rel}","templated":true}]}}