{"id":38377,"date":"2015-04-18T15:43:37","date_gmt":"2015-04-18T12:43:37","guid":{"rendered":"https:\/\/www.enerjigazetesi.ist\/?p=38377"},"modified":"2015-04-18T15:44:20","modified_gmt":"2015-04-18T12:44:20","slug":"iklim-degisikliginin-termal-enerji-uretimine-etkisi-tartisilacak","status":"publish","type":"post","link":"https:\/\/www.enerjigazetesi.ist\/en\/iklim-degisikliginin-termal-enerji-uretimine-etkisi-tartisilacak\/","title":{"rendered":"(Turkish) \u0130klim De\u011fi\u015fikli\u011finin T\u00fcrkiye&#8217;nin Termal Enerji&#8217;ye Etkisi Tart\u0131\u015f\u0131lacak&#8230;"},"content":{"rendered":"<p class=\"qtranxs-available-languages-message qtranxs-available-languages-message-en\">Sorry, this entry is only available in <a href=\"https:\/\/www.enerjigazetesi.ist\/tr\/wp-json\/wp\/v2\/posts\/38377\" class=\"qtranxs-available-language-link qtranxs-available-language-link-tr\" title=\"Turkish\">Turkish<\/a>. For the sake of viewer convenience, the content is shown below in the alternative language. You may click the link to switch the active language.<\/p><p><\/p>\n<p style=\"color: #444444;\"><strong>T\u00fcrkiye enerji sekt\u00f6r\u00fcn\u00fcn iklim de\u011fi\u015fikli\u011fine ba\u011fl\u0131 etki ve risk de\u011ferlendirilmesinin yap\u0131lmas\u0131 amac\u0131 ile bir \u00e7al\u0131\u015fma ger\u00e7ekle\u015ftirildi\u011fi bildirildi.<\/strong><\/p>\n<p style=\"color: #444444;\">GTE Carbon taraf\u0131ndan yap\u0131lan a\u00e7\u0131klamada, Elektrik \u00dcretim A.\u015e.\u2019nin May\u0131s 2014-Mart 2015 tarihleri aras\u0131nda GTE Carbon y\u00fcr\u00fct\u00fcc\u00fcl\u00fc\u011f\u00fc ve \u0130ngiltere B\u00fcy\u00fckel\u00e7ili\u011fi finansal deste\u011fi ile\u00a0<strong>\u2018\u2019S\u00fcrd\u00fcr\u00fclebilir Ekonomik Kalk\u0131nma ve\u00a0 En<a href=\"https:\/\/www.enerjigazetesi.ist\/wp-content\/uploads\/2015\/04\/iklim-degisikliginin-termal-enerji-uretimine-etkisi-tartisilacak.jpg\"><img loading=\"lazy\" class=\"alignright size-medium wp-image-38378\" src=\"https:\/\/www.enerjigazetesi.ist\/wp-content\/uploads\/2015\/04\/iklim-degisikliginin-termal-enerji-uretimine-etkisi-tartisilacak-300x163.jpg\" alt=\"iklim-degisikliginin-termal-enerji-uretimine-etkisi-tartisilacak\" width=\"300\" height=\"163\" srcset=\"https:\/\/www.enerjigazetesi.ist\/wp-content\/uploads\/2015\/04\/iklim-degisikliginin-termal-enerji-uretimine-etkisi-tartisilacak-300x163.jpg 300w, https:\/\/www.enerjigazetesi.ist\/wp-content\/uploads\/2015\/04\/iklim-degisikliginin-termal-enerji-uretimine-etkisi-tartisilacak-80x43.jpg 80w, https:\/\/www.enerjigazetesi.ist\/wp-content\/uploads\/2015\/04\/iklim-degisikliginin-termal-enerji-uretimine-etkisi-tartisilacak.jpg 460w\" sizes=\"(max-width: 300px) 100vw, 300px\" \/><\/a>erji G\u00fcvenli\u011fi i\u00e7in \u0130klim De\u011fi\u015fikli\u011fine Diren\u00e7li Termal Enerji \u00dcretimi\u201d<\/strong>\u00a0ba\u015fl\u0131kl\u0131 bir \u00e7al\u0131\u015fma ger\u00e7ekle\u015ftirdi\u011fi bildirildi.<\/p>\n<p style=\"color: #444444;\">A\u00e7\u0131klamada \u00e7al\u0131\u015fma kapsam\u0131nda E\u00dcA\u015e\u2019\u0131n portf\u00f6y analizinin yap\u0131ld\u0131\u011f\u0131 ve iklim de\u011fi\u015fikli\u011finin etkileyece\u011fi tasar\u0131m parametrelerinin dikkate al\u0131narak Soma ve Af\u015fin Elbistan termik santrallerinin detayl\u0131 risk analizlerinin ger\u00e7ekle\u015ftirildi\u011fi ve ge\u00e7mi\u015f y\u0131llar\u0131n verileri ve gelecek projeksiyonlar\u0131 ile santrallerde meydana gelebilecek performans de\u011fi\u015fikliklerinin tart\u0131\u015f\u0131ld\u0131\u011f\u0131 ifade edildi.<\/p>\n<p style=\"color: #444444;\">\u00c7al\u0131\u015fman\u0131n T\u00fcrkiye\u2019de iklim-su-enerji ba\u011flam\u0131nda yap\u0131lm\u0131\u015f olan ilk \u00e7al\u0131\u015fma oldu\u011funun alt\u0131 \u00e7izilirken, proje ile iklim de\u011fi\u015fikli\u011fi-su-enerji ba\u011flam\u0131ndaki risklere dikkat \u00e7ekmek; karar al\u0131c\u0131lar ile t\u00fcm enerji yat\u0131r\u0131mc\u0131lar\u0131n\u0131n konu ile ilgili fark\u0131ndal\u0131\u011f\u0131n\u0131 artt\u0131rman\u0131n hedeflendi\u011fi kaydedildi.<\/p>\n<p style=\"color: #444444;\">Bu projede elde edilen \u00e7\u0131kt\u0131lar\u0131n payla\u015f\u0131lmas\u0131 amac\u0131 ile 28 Nisan Sal\u0131 g\u00fcn\u00fc M\u00f6venpick Hotel Ankara\u2019da bir toplant\u0131 ger\u00e7ekle\u015ftirilecek.<\/p>\n<p style=\"color: #444444;\">Kontenjan\u0131n s\u0131n\u0131rl\u0131 oldu\u011fu etkinlik \u00fccretsiz iken, kat\u0131l\u0131m i\u00e7in kay\u0131t zorunlulu\u011fu bulunmakta. Kay\u0131t i\u00e7in GTE Carbon firmas\u0131na 0312 &#8211; 472 35 00 numaras\u0131ndan ba\u015fvurmak m\u00fcmk\u00fcn. Etkinli\u011fin program\u0131na ise\u00a0<a style=\"font-weight: bold; color: #479506;\" href=\"http:\/\/www.gtecarbon.com\/wp-content\/uploads\/Energy-risk-mgt_resilience_Turkey_28April-2015_TR.pdf\" target=\"_blank\">buradan<\/a>\u00a0ula\u015f\u0131labilir.<\/p>\n<p style=\"color: #444444;\">Kaynak: <a href=\"http:\/\/www.yesilekonomi.com\/surdurulebilirlik\/iklim-degisikliginin-turkiyenin-termal-enerji-uretimine-etkisi-tartisilacak\" target=\"_blank\" rel=\"nofollow\">Ye\u015fil Ekonomi<\/a><\/p>\n<p><\/p>","protected":false},"excerpt":{"rendered":"<p>Sorry, this entry is only available in Turkish. For the sake of viewer convenience, the content is shown below in the alternative language. You may click the link to switch the active language. T\u00fcrkiye enerji sekt\u00f6r\u00fcn\u00fcn iklim de\u011fi\u015fikli\u011fine ba\u011fl\u0131 etki ve risk de\u011ferlendirilmesinin yap\u0131lmas\u0131 amac\u0131 ile bir \u00e7al\u0131\u015fma ger\u00e7ekle\u015ftirildi\u011fi bildirildi. GTE Carbon taraf\u0131ndan yap\u0131lan a\u00e7\u0131klamada, [&hellip;]<\/p>\n","protected":false},"author":1,"featured_media":38378,"comment_status":"open","ping_status":"open","sticky":false,"template":"","format":"standard","meta":[],"categories":[53],"tags":[63,67,1009,2698,165,1033,4501,1999],"views":1239,"_links":{"self":[{"href":"https:\/\/www.enerjigazetesi.ist\/en\/wp-json\/wp\/v2\/posts\/38377"}],"collection":[{"href":"https:\/\/www.enerjigazetesi.ist\/en\/wp-json\/wp\/v2\/posts"}],"about":[{"href":"https:\/\/www.enerjigazetesi.ist\/en\/wp-json\/wp\/v2\/types\/post"}],"author":[{"embeddable":true,"href":"https:\/\/www.enerjigazetesi.ist\/en\/wp-json\/wp\/v2\/users\/1"}],"replies":[{"embeddable":true,"href":"https:\/\/www.enerjigazetesi.ist\/en\/wp-json\/wp\/v2\/comments?post=38377"}],"version-history":[{"count":3,"href":"https:\/\/www.enerjigazetesi.ist\/en\/wp-json\/wp\/v2\/posts\/38377\/revisions"}],"predecessor-version":[{"id":38381,"href":"https:\/\/www.enerjigazetesi.ist\/en\/wp-json\/wp\/v2\/posts\/38377\/revisions\/38381"}],"wp:featuredmedia":[{"embeddable":true,"href":"https:\/\/www.enerjigazetesi.ist\/en\/wp-json\/wp\/v2\/media\/38378"}],"wp:attachment":[{"href":"https:\/\/www.enerjigazetesi.ist\/en\/wp-json\/wp\/v2\/media?parent=38377"}],"wp:term":[{"taxonomy":"category","embeddable":true,"href":"https:\/\/www.enerjigazetesi.ist\/en\/wp-json\/wp\/v2\/categories?post=38377"},{"taxonomy":"post_tag","embeddable":true,"href":"https:\/\/www.enerjigazetesi.ist\/en\/wp-json\/wp\/v2\/tags?post=38377"}],"curies":[{"name":"wp","href":"https:\/\/api.w.org\/{rel}","templated":true}]}}