{"id":38370,"date":"2015-04-18T15:34:22","date_gmt":"2015-04-18T12:34:22","guid":{"rendered":"https:\/\/www.enerjigazetesi.ist\/?p=38370"},"modified":"2015-04-18T15:34:22","modified_gmt":"2015-04-18T12:34:22","slug":"kose-yazisi-nukleer-yalanlar-2","status":"publish","type":"post","link":"https:\/\/www.enerjigazetesi.ist\/en\/kose-yazisi-nukleer-yalanlar-2\/","title":{"rendered":"(Turkish) K\u00f6\u015fe Yaz\u0131s\u0131: N\u00fckleer Yalanlar!.."},"content":{"rendered":"<p class=\"qtranxs-available-languages-message qtranxs-available-languages-message-en\">Sorry, this entry is only available in <a href=\"https:\/\/www.enerjigazetesi.ist\/tr\/wp-json\/wp\/v2\/posts\/38370\" class=\"qtranxs-available-language-link qtranxs-available-language-link-tr\" title=\"Turkish\">Turkish<\/a>. For the sake of viewer convenience, the content is shown below in the alternative language. You may click the link to switch the active language.<\/p><p><\/p>\n<p style=\"color: #000000;\"><span class=\"large\"><strong>Y<\/strong><strong>alanlarla\u00a0<\/strong>iktidar\u0131n\u0131 s\u00fcrd\u00fcren bir d\u00fczende ya\u015f\u0131yoruz.\u00a0<\/span><br \/>\n<span class=\"large\">Ger\u00e7ekler \u00f6ylesine karart\u0131l\u0131yor, \u00e7arp\u0131t\u0131l\u0131yor ki&#8230;\u00a0<a href=\"https:\/\/www.enerjigazetesi.ist\/wp-content\/uploads\/2015\/04\/kose-yazisi-nukleer-yalanlar.jpg\"><img loading=\"lazy\" class=\"alignright size-medium wp-image-38372\" src=\"https:\/\/www.enerjigazetesi.ist\/wp-content\/uploads\/2015\/04\/kose-yazisi-nukleer-yalanlar-300x120.jpg\" alt=\"kose-yazisi-nukleer-yalanlar\" width=\"300\" height=\"120\" srcset=\"https:\/\/www.enerjigazetesi.ist\/wp-content\/uploads\/2015\/04\/kose-yazisi-nukleer-yalanlar-300x120.jpg 300w, https:\/\/www.enerjigazetesi.ist\/wp-content\/uploads\/2015\/04\/kose-yazisi-nukleer-yalanlar-80x32.jpg 80w, https:\/\/www.enerjigazetesi.ist\/wp-content\/uploads\/2015\/04\/kose-yazisi-nukleer-yalanlar.jpg 454w\" sizes=\"(max-width: 300px) 100vw, 300px\" \/><\/a><\/span><br \/>\n<span class=\"large\">Utan\u00e7 verici&#8230;\u00a0<\/span><br \/>\n<span class=\"large\">Bunlar,\u00a0<\/span><br \/>\n<span class=\"large\"><strong>Soma<\/strong>\u2019da,\u00a0<strong>Ermenek<\/strong>\u2019te ilkel \u00e7al\u0131\u015fma ko\u015fullar\u0131nda diri diri insanlar\u0131n\u0131 topra\u011f\u0131n alt\u0131na g\u00f6merken, ulus\u00e7a ya\u015fad\u0131\u011f\u0131m\u0131z utanc\u0131n as\u0131l sorumlular\u0131&#8230;\u00a0<\/span><br \/>\n<span class=\"large\">Yapt\u0131klar\u0131 k\u00f6pr\u00fcy\u00fc bile sel sular\u0131na kapt\u0131r\u0131p\u00a0<strong>yurtta\u015flar\u0131m\u0131z\u0131<\/strong>\u00a0<strong>bo\u011fduran<\/strong>, cesetlerine bile ula\u015famayan d\u00fczenin sahipleri&#8230;\u00a0<\/span><br \/>\n<span class=\"large\">Cumhuriyet tarihinde g\u00f6r\u00fclmedik\u00a0<strong>elektrik kesintilerinin\u00a0<\/strong>gerek\u00e7elerini bile a\u00e7\u0131klayamayanlar&#8230;\u00a0<\/span><br \/>\n<span class=\"large\">Radyoaktif at\u0131klarla y\u00fckl\u00fc\u00a0<strong>Kuito<\/strong>\u2019yu topraklar\u0131m\u0131za sokanlar.\u00a0<\/span><br \/>\n<span class=\"large\">Her t\u00fcrl\u00fc felaketin sorumlular\u0131na soru\u015fturma izni vermeyip\u00a0<strong>yarg\u0131dan ka\u00e7\u0131ranlar<\/strong>&#8230;\u00a0<\/span><br \/>\n<span class=\"large\">Bunlar \u015fimdi d\u00fcnyan\u0131n terk etmeye ba\u015flad\u0131\u011f\u0131 n\u00fckleer santrallar\u0131 T\u00fcrkiye\u2019nin ba\u015f\u0131na<strong>bela ediyor<\/strong>&#8230;<\/span><\/p>\n<p style=\"color: #000000;\"><span class=\"large\">***<\/span><\/p>\n<p style=\"color: #000000;\"><span class=\"large\">Kendi \u00fclkesini, toplumunu\u00a0<strong>bile<\/strong>\u00a0<strong>bile\u00a0<\/strong>riske atan bir anlay\u0131\u015f.\u00a0<\/span><br \/>\n<span class=\"large\">\u00dcst\u00fcne \u00fcstl\u00fck b\u00fcy\u00fck bir sorumsuzluk, aymazl\u0131k.\u00a0<\/span><br \/>\n<span class=\"large\">Bilime, akla,\u00a0<strong>ger\u00e7eklere<\/strong>\u00a0<strong>zarar\u00a0<\/strong>bir iktidar.\u00a0<\/span><br \/>\n<span class=\"large\">Deneyimleri, felaketleri umursamayan bir zihniyet.\u00a0<\/span><br \/>\n<span class=\"large\"><strong>\u00c7ernobil<\/strong>,\u00a0<strong>Fuku\u015fima<\/strong>\u00a0gibi b\u00fcy\u00fck felaketlerden ders almayan y\u00f6netim.\u00a0<\/span><br \/>\n<span class=\"large\"><strong>Topraklar\u0131m\u0131za \u00f6l\u00fcm\u00a0<\/strong>getiriyor&#8230;\u00a0<\/span><br \/>\n<span class=\"large\">Devletin Ajans\u0131\u2019n\u0131n, TRT\u2019nin,\u00a0<strong>yanda\u015f bas\u0131n\u0131n\u00a0<\/strong>borazanl\u0131\u011f\u0131n\u0131 yapt\u0131\u011f\u0131, ulusal duygular\u0131 kabartan reklam filmi bile yalanlarla dolu.\u00a0<\/span><br \/>\n<span class=\"large\">Neymi\u015f..<\/span><br \/>\n<span class=\"large\">Enerjide ba\u011f\u0131ms\u0131zl\u0131k sa\u011flan\u0131yormu\u015f&#8230;\u00a0<\/span><br \/>\n<span class=\"large\"><strong>Varl\u0131\u011f\u0131 d\u0131\u015fa ba\u011f\u0131ml\u0131\u00a0<\/strong>iktidar\u0131n bu sav\u0131, \u00e7ok g\u00fcl\u00fcn\u00e7 olmal\u0131&#8230;<\/span><\/p>\n<p style=\"color: #000000;\"><span class=\"large\">***<\/span><\/p>\n<p style=\"color: #000000;\"><span class=\"large\">T\u00fcrkiye\u2019nin ilk n\u00fckleer santral\u0131n\u0131 kuruyorlarm\u0131\u015f..\u00a0<\/span><br \/>\n<span class=\"large\">Yerli de\u011fil, Ruslar\u0131n oysa&#8230; Rosatom firmas\u0131 yapacak ve i\u015fletecek. Akkuyu, bir devletin s\u0131n\u0131rlar\u0131 i\u00e7inde, bir ba\u015fka devlete ait olan\u00a0<strong>ilk\u00a0<\/strong>ve\u00a0<strong>tek\u00a0<\/strong>santral!\u00a0<\/span><br \/>\n<span class=\"large\">Bunlar Akkuyu in\u015fa alan\u0131n\u0131 bedelsiz Rosatom\u2019a teslim etti.\u00a0<\/span><br \/>\n<span class=\"large\">\u00dcretilecek elektrik i\u00e7in de 12.35 dolardan sat\u0131n alma g\u00fcvencesi verildi.\u00a0<\/span><br \/>\n<span class=\"large\">Her \u015fey santral\u0131n\u00a0<strong>y\u00fczde 51<\/strong>\u00a0hissesine sahip Rus \u015firketin elinde.\u00a0<\/span><br \/>\n<span class=\"large\">\u0130n\u015faat\u0131n bir b\u00f6l\u00fcm\u00fcn\u00fc, \u201c<strong>milletin<\/strong>\u00a0<strong>a&#8230; koyacak\u201d\u00a0<\/strong>bir yanda\u015f \u015firket \u00fcstlendi.\u00a0<\/span><br \/>\n<span class=\"large\">Tehlike b\u00f6ylesine b\u00fcy\u00fck, daha ne olsun!..<\/span><\/p>\n<p style=\"color: #000000;\"><span class=\"large\">***<\/span><\/p>\n<p style=\"color: #000000;\"><span class=\"large\"><strong>\u201cElektrik enerjisine ihtiyac\u0131m\u0131z<\/strong>\u00a0<strong>var\u201d\u00a0<\/strong>diyorlar.\u00a0<\/span><br \/>\n<span class=\"large\">O da yalan!..\u00a0<\/span><br \/>\n<span class=\"large\">Ge\u00e7en g\u00fcnlerde \u00fclke genelindeki kesintilerde Enerji Bakan\u0131 eksiklik de\u011fil,\u00a0<strong>fazlal\u0131k oldu\u011funu<\/strong>\u00a0itiraf etmedi mi?<\/span><br \/>\n<span class=\"large\">Kirli, tehlikeli,\u00a0<strong>b\u00fcy\u00fck riskler\u00a0<\/strong>ta\u015f\u0131yan santrallara ihtiyac\u0131m\u0131z yok.\u00a0<\/span><br \/>\n<span class=\"large\">Akkuyu\u2019nun \u00fclke gereksiniminin\u00a0<strong>y\u00fczde 6-7\u2019<\/strong>sini kar\u015f\u0131layaca\u011f\u0131 s\u00f6yleniyor. Oysa toplam enerjinin y\u00fczde 17\u2019si iletim hatlar\u0131nda kayboluyor. Altyap\u0131 d\u00fczeltilse ne Akkuyu\u2019ya ne de Sinop santral\u0131na gerek olacak&#8230;\u00a0<\/span><br \/>\n<span class=\"large\">\u00dcstelik \u00fclkemiz g\u00fcne\u015f gibi, r\u00fczg\u00e2r gibi, jeotermal gibi yenilenebilir temiz enerji kaynaklar\u0131na sahip.\u00a0<\/span><br \/>\n<span class=\"large\">B\u00fct\u00fcn d\u00fcnya bu alana y\u00f6nelirken AKP neden \u00f6zellikle\u00a0<strong>g\u00fcne\u015f<\/strong>\u00a0<strong>enerjisi\u00a0<\/strong>yat\u0131r\u0131mlar\u0131n\u0131 ger\u00e7ekle\u015ftirmiyor?<\/span><\/p>\n<p style=\"color: #000000;\"><span class=\"large\">***<\/span><\/p>\n<p style=\"color: #000000;\"><span class=\"large\">N\u00fckleer temiz de\u011fil, ucuz de\u011fil, g\u00fcvenli hi\u00e7 de\u011fil.\u00a0<\/span><br \/>\n<span class=\"large\"><strong>Felaketlerin bedelleri\u00a0<\/strong>\u00e7ok a\u011f\u0131r. D\u00fcnya bunu g\u00f6rd\u00fc, n\u00fckleeri terk ediyor.\u00a0<\/span><br \/>\n<span class=\"large\">\u00d6l\u00fcmler, asla yok olmayan kirlilik&#8230; Sonraki ku\u015faklara da b\u0131rak\u0131lan a\u011f\u0131r bir miras.\u00a0<\/span><br \/>\n<span class=\"large\"><strong>\u00c7ernobil<\/strong>\u2019in etkileri\u00a0<strong>Avrupa<\/strong>\u2019ya kadar uzand\u0131, kanser\u00a0<strong>Karadeniz<\/strong>\u2019de patlama yapt\u0131.\u00a0<\/span><br \/>\n<span class=\"large\">Fuku\u015fima\u2019n\u0131n s\u0131z\u0131nt\u0131s\u0131 okyanuslara,\u00a0<strong>Kanada k\u0131y\u0131lar\u0131na\u00a0<\/strong>ula\u015ft\u0131.\u00a0<\/span><br \/>\n<span class=\"large\">Fuku\u015fima felaketi deprem ve tsunamiden de\u011fil, elektrik kesintisi y\u00fcz\u00fcnden ba\u015flad\u0131.\u00a0<\/span><br \/>\n<span class=\"large\">Japonlar bir t\u00fcrl\u00fc \u00f6nleyemedikleri s\u0131z\u0131nt\u0131 ve temizlik i\u00e7in bug\u00fcne de\u011fin\u00a0<strong>milyarlarca dolar<\/strong>\u00a0harcad\u0131.\u00a0<\/span><br \/>\n<span class=\"large\">T\u00fcrkiye\u2019yi b\u00f6yle bir\u00a0<strong>belaya s\u00fcr\u00fcklemeye<\/strong>, tehlikeye atmaya kimsenin hakk\u0131 yok.\u00a0<\/span><br \/>\n<span class=\"large\">N\u00fckleer santrallara kar\u015f\u0131 \u00e7\u0131kmak, en temel insan hakk\u0131d\u0131r.\u00a0<\/span><br \/>\n<span class=\"large\">Direni\u015f me\u015frudur&#8230;<\/span><\/p>\n<p style=\"color: #000000;\">Yazan:\u00a0<span style=\"font-weight: bold; font-style: italic;\">Serdar K\u0131z\u0131k<\/span><\/p>\n<p style=\"color: #000000;\">Kaynak: <a href=\"http:\/\/www.cumhuriyet.com.tr\/koseyazisi\/256299\/Nukleer_Yalanlar_...html\" target=\"_blank\" rel=\"nofollow\">Cumhuriyet<\/a><\/p>\n<p><\/p>","protected":false},"excerpt":{"rendered":"<p>Sorry, this entry is only available in Turkish. For the sake of viewer convenience, the content is shown below in the alternative language. You may click the link to switch the active language. Yalanlarla\u00a0iktidar\u0131n\u0131 s\u00fcrd\u00fcren bir d\u00fczende ya\u015f\u0131yoruz.\u00a0 Ger\u00e7ekler \u00f6ylesine karart\u0131l\u0131yor, \u00e7arp\u0131t\u0131l\u0131yor ki&#8230;\u00a0 Utan\u00e7 verici&#8230;\u00a0 Bunlar,\u00a0 Soma\u2019da,\u00a0Ermenek\u2019te ilkel \u00e7al\u0131\u015fma ko\u015fullar\u0131nda diri diri insanlar\u0131n\u0131 topra\u011f\u0131n alt\u0131na [&hellip;]<\/p>\n","protected":false},"author":1,"featured_media":38372,"comment_status":"open","ping_status":"open","sticky":false,"template":"","format":"standard","meta":[],"categories":[53,43],"tags":[3019,63,67,1009,2698,165,71,21,88],"views":485,"_links":{"self":[{"href":"https:\/\/www.enerjigazetesi.ist\/en\/wp-json\/wp\/v2\/posts\/38370"}],"collection":[{"href":"https:\/\/www.enerjigazetesi.ist\/en\/wp-json\/wp\/v2\/posts"}],"about":[{"href":"https:\/\/www.enerjigazetesi.ist\/en\/wp-json\/wp\/v2\/types\/post"}],"author":[{"embeddable":true,"href":"https:\/\/www.enerjigazetesi.ist\/en\/wp-json\/wp\/v2\/users\/1"}],"replies":[{"embeddable":true,"href":"https:\/\/www.enerjigazetesi.ist\/en\/wp-json\/wp\/v2\/comments?post=38370"}],"version-history":[{"count":1,"href":"https:\/\/www.enerjigazetesi.ist\/en\/wp-json\/wp\/v2\/posts\/38370\/revisions"}],"predecessor-version":[{"id":38373,"href":"https:\/\/www.enerjigazetesi.ist\/en\/wp-json\/wp\/v2\/posts\/38370\/revisions\/38373"}],"wp:featuredmedia":[{"embeddable":true,"href":"https:\/\/www.enerjigazetesi.ist\/en\/wp-json\/wp\/v2\/media\/38372"}],"wp:attachment":[{"href":"https:\/\/www.enerjigazetesi.ist\/en\/wp-json\/wp\/v2\/media?parent=38370"}],"wp:term":[{"taxonomy":"category","embeddable":true,"href":"https:\/\/www.enerjigazetesi.ist\/en\/wp-json\/wp\/v2\/categories?post=38370"},{"taxonomy":"post_tag","embeddable":true,"href":"https:\/\/www.enerjigazetesi.ist\/en\/wp-json\/wp\/v2\/tags?post=38370"}],"curies":[{"name":"wp","href":"https:\/\/api.w.org\/{rel}","templated":true}]}}