{"id":38362,"date":"2015-04-18T15:22:24","date_gmt":"2015-04-18T12:22:24","guid":{"rendered":"https:\/\/www.enerjigazetesi.ist\/?p=38362"},"modified":"2015-04-18T15:24:39","modified_gmt":"2015-04-18T12:24:39","slug":"nukleerde-nihai-anlasma-muammasi","status":"publish","type":"post","link":"https:\/\/www.enerjigazetesi.ist\/en\/nukleerde-nihai-anlasma-muammasi\/","title":{"rendered":"(Turkish) N\u00fckleerde Nihai Anla\u015fma Muammas\u0131&#8230;"},"content":{"rendered":"<p class=\"qtranxs-available-languages-message qtranxs-available-languages-message-en\">Sorry, this entry is only available in <a href=\"https:\/\/www.enerjigazetesi.ist\/tr\/wp-json\/wp\/v2\/posts\/38362\" class=\"qtranxs-available-language-link qtranxs-available-language-link-tr\" title=\"Turkish\">Turkish<\/a>. For the sake of viewer convenience, the content is shown below in the alternative language. You may click the link to switch the active language.<\/p><p><span style=\"font-weight: bold; color: #000000;\">ABD Ba\u015fkan\u0131 Obama, \u0130ran&#8217;la y\u00fcr\u00fct\u00fclen m\u00fczakereler konusunda, &#8220;\u00d6nce b\u0131rak\u0131n nihai bir anla\u015fma olacak m\u0131 onu g\u00f6relim. \u015eu an halen m\u00fczakere a\u015famas\u0131nday\u0131z&#8221; dedi.<\/span><\/p>\n<p>ABD Ba\u015fkan\u0131 Barack Obama, ABD&#8217;nin \u0130ranla var\u0131lacak &#8220;adil bir anla\u015fmay\u0131&#8221; reddetmesi durumunda bu \u00fclkeye uygulanan yapt\u0131r\u0131mlar\u0131n gev\u015feyece\u011fi uyar\u0131s\u0131 yaparak &#8220;E\u011fer \u0130ranla bir n\u00fckleer anla\u015fma olmayacaksa bu \u0130ran&#8217;\u0131n ulu<img loading=\"lazy\" class=\"alignleft wp-image-38363 size-medium\" src=\"https:\/\/www.enerjigazetesi.ist\/wp-content\/uploads\/2015\/04\/nukleerde-nihai-anlasma-muammasi-300x153.jpg\" alt=\"nukleerde-nihai-anlasma-muammasi\" width=\"300\" height=\"153\" srcset=\"https:\/\/www.enerjigazetesi.ist\/wp-content\/uploads\/2015\/04\/nukleerde-nihai-anlasma-muammasi-300x153.jpg 300w, https:\/\/www.enerjigazetesi.ist\/wp-content\/uploads\/2015\/04\/nukleerde-nihai-anlasma-muammasi-500x255.jpg 500w, https:\/\/www.enerjigazetesi.ist\/wp-content\/uploads\/2015\/04\/nukleerde-nihai-anlasma-muammasi-80x40.jpg 80w, https:\/\/www.enerjigazetesi.ist\/wp-content\/uploads\/2015\/04\/nukleerde-nihai-anlasma-muammasi.jpg 685w\" sizes=\"(max-width: 300px) 100vw, 300px\" \/><br \/>\nslararas\u0131 toplum taraf\u0131ndan \u00f6nerilen adil talepleri kabul etmemesi nedeniyle olmal\u0131&#8221; dedi.<\/p>\n<p>Obama, \u0130talya Ba\u015fbakan\u0131 Matteo Renzi ile Beyaz Saray&#8217;da d\u00fczenledikleri ortak bas\u0131n toplant\u0131s\u0131nda \u0130ranla m\u00fczakerelerde var\u0131lan \u00e7er\u00e7eve anla\u015fmas\u0131, Libya&#8217;daki sorunlar ve Rusya-Ukrayna krizine ili\u015fkin a\u00e7\u0131klamalar yapt\u0131.<\/p>\n<p>\u00c7er\u00e7eve anla\u015fmas\u0131na y\u00f6nelik Kongre&#8217;den gelen tepkilerin \u0130ranla m\u00fcmk\u00fcn olan en iyi anla\u015fmay\u0131 yapma yolundaki \u00e7abalar\u0131 engellememesi gerekti\u011fini belirten Obama, Kongre \u00fcyelerine seslenerek &#8220;\u00d6nce b\u0131rak\u0131n nihai bir anla\u015fma olacak m\u0131 onu g\u00f6relim. Daha sonra var\u0131lan anla\u015fmay\u0131 inceleme f\u0131rsat\u0131n\u0131z olacak ancak \u015fu an halen m\u00fczakere a\u015famas\u0131nday\u0131z&#8221; dedi.<\/p>\n<p><strong>&#8216;Bu kadar beklemelerine \u015fa\u015f\u0131rd\u0131m&#8217;<\/strong><\/p>\n<p>Rusya&#8217;n\u0131n \u0130ran&#8217;a S-300 hava savunma f\u00fczeleri sat\u0131\u015f\u0131na ili\u015fkin soruyu da yan\u0131tlayan Obama, bu sat\u0131\u015f\u0131n normalde 2009&#8217;da olmas\u0131n\u0131n beklendi\u011fini ancak ABD&#8217;nin iste\u011fi \u00fczerine Rusya&#8217;n\u0131n ask\u0131ya ald\u0131\u011f\u0131n\u0131 kaydederek, &#8220;A\u00e7\u0131k konu\u015fmak gerekirse ben asl\u0131nda bu kadar beklemelerine \u015fa\u015f\u0131rd\u0131m&#8221; diye konu\u015ftu.<\/p>\n<p>Rusya&#8217;n\u0131n bug\u00fcnk\u00fc ekonomik s\u0131k\u0131nt\u0131lar\u0131 i\u00e7inde bunun onlar i\u00e7in \u00f6nemli bir sat\u0131\u015f oldu\u011funu vurgulayan Obama, e\u011fer nihai anla\u015fma sa\u011flanamazsa \u0130ran&#8217;a y\u00f6nelik yapt\u0131r\u0131mlar\u0131n s\u00fcrmesi gerekti\u011fini s\u00f6yledi.<\/p>\n<p><strong>&#8216;Adil bir anla\u015fmay\u0131 ABD b\u0131rak\u0131p gitti alg\u0131s\u0131 olursa&#8230;&#8217;<\/strong><\/p>\n<p>Baz\u0131 Kongre \u00fcyelerinin \u0130ran&#8217;a daha fazla yapt\u0131r\u0131m uygulanmas\u0131n\u0131 ya da di\u011fer \u00fclkelerden ba\u011f\u0131ms\u0131z ABD&#8217;nin tek tarafl\u0131 ambargo ger\u00e7ekle\u015ftirmesini istedi\u011fini hat\u0131rlatan Obama, &#8220;\u0130ran&#8217;a y\u00f6nelik yapt\u0131r\u0131mlar\u0131n ba\u015far\u0131l\u0131 olmas\u0131n\u0131n en \u00f6nemli nedeni uluslararas\u0131 koalisyonun bu ambargolar\u0131 uygulamas\u0131yd\u0131. E\u011fer \u0130ran&#8217;\u0131n n\u00fckleer silaha ula\u015famayaca\u011f\u0131 adil bir anla\u015fmay\u0131 ABD&#8217;nin b\u0131rak\u0131p gitti\u011fi alg\u0131s\u0131 olursa yapt\u0131r\u0131mlar a\u015f\u0131n\u0131r. Sadece Rusya ve \u00c7in de\u011fil yak\u0131n m\u00fcttefiklerimiz de bu yapt\u0131r\u0131mlar\u0131 s\u00fcrd\u00fcrmemizin mant\u0131\u011f\u0131n\u0131 sorgulamaya ba\u015flar&#8221; dedi.<\/p>\n<p>ABD&#8217;yi bu duruma sokmak istemeyeceklerini vurgulayan Obama, &#8220;E\u011fer \u0130ranla bir n\u00fckleer anla\u015fma olmayacaksa bu \u0130ran&#8217;\u0131n uluslararas\u0131 toplum taraf\u0131ndan \u00f6nerilen adil talepleri kabul etmemesi nedeniyle olmal\u0131&#8221; ifadelerini kulland\u0131.<\/p>\n<p><strong>Libya ve Rusya<\/strong><\/p>\n<p>Obama, Renzi ile g\u00f6r\u00fc\u015fmelerinde Libya&#8217;da ya\u015fanan sorunlar\u0131 ayr\u0131nt\u0131l\u0131 bir \u015fekilde de\u011ferlendirdiklerini de kaydederek, &#8220;Libya topraklar\u0131n\u0131n ter\u00f6ristlerin operasyonlar\u0131 i\u00e7in g\u00fcvenli b\u00f6lge olmas\u0131na kar\u015f\u0131 m\u00fccadele etmeliyiz. Ancak bunun nihai \u00e7\u00f6z\u00fcm\u00fc, \u00fclkede kendi s\u0131n\u0131rlar\u0131n\u0131 kontrol edebilecek ve bizimle \u00e7al\u0131\u015facak bir h\u00fck\u00fcmetin kurulmas\u0131&#8221; dedi.<\/p>\n<p>Bunun zaman alaca\u011f\u0131n\u0131 ancak bu ama\u00e7 do\u011frultusunda \u0130talya gibi benzer d\u00fc\u015f\u00fcncelere sahip \u00fclkelerin siyasi \u00e7aba g\u00f6stermesi ihtiyac\u0131 oldu\u011funu anlatan Obama, &#8220;Libya&#8217;daki \u00e7e\u015fitli gruplar \u00fczerinde etkisi olan baz\u0131 K\u00f6rfez \u00fclkelerini cesaretlendirmeliyiz. Baz\u0131 durumlarda olaylar\u0131 yat\u0131\u015ft\u0131rmak yerine askeri \u00e7at\u0131\u015fmalar\u0131 alevlendirdikleri g\u00f6r\u00fcl\u00fcyor&#8221; ifadelerini kulland\u0131.<\/p>\n<p>Barack Obama, konu\u015fmas\u0131nda Ukrayna konusuna da de\u011finerek, &#8220;Rusya, Minsk mutabakat\u0131n\u0131n ko\u015fullar\u0131n\u0131 yerine getirene kadar Avrupa Konseyi yapt\u0131r\u0131mlar\u0131 kesinlikle devam ettirmeli&#8221; dedi.<\/p>\n<p>Avrupa Konseyi&#8217;nde bu konuda oylama olaca\u011f\u0131n\u0131 hat\u0131rlatan Obama, Rusya&#8217;ya talepler kar\u015f\u0131lanmadan yapt\u0131r\u0131mlar\u0131n azalt\u0131laca\u011f\u0131 mesaj\u0131 vermenin yanl\u0131\u015f olaca\u011f\u0131n\u0131 s\u00f6yledi.<\/p>\n<p>&#8220;Rusya Minsk alt\u0131ndaki y\u00fck\u00fcml\u00fcl\u00fcklerini yerine getirene kadar en az\u0131ndan halen y\u00fcr\u00fcrl\u00fckte olan yapt\u0131r\u0131mlar\u0131n s\u00fcrd\u00fcr\u00fclmesi gerekir&#8221; diye konu\u015fan Obama, &#8220;M\u00fcreffeh ve birle\u015fik bir Avrupa&#8217;n\u0131n olu\u015fmas\u0131 i\u00e7in b\u00fcy\u00fck fedakarl\u0131klar yap\u0131ld\u0131. E\u011fer bu prensipler, \u00fclkelerin toprak b\u00fct\u00fcnl\u00fc\u011f\u00fc ve egemenli\u011fi g\u00f6zard\u0131 edilmeye ba\u015flarsa bunun Avrupa ve d\u00fcnya i\u00e7in maliyeti b\u00fcy\u00fck olur&#8221; diye konu\u015ftu.<\/p>\n<p><strong>Loretta Lynch&#8217;in adayl\u0131\u011f\u0131\u00a0<\/strong><\/p>\n<p>Obama konu\u015fmas\u0131nda Adalet Bakanl\u0131\u011f\u0131&#8217;na aday g\u00f6sterilen New York Do\u011fu B\u00f6lgesi Savc\u0131s\u0131 Loretta Lynch&#8217;in Senato&#8217;da onay s\u00fcrecinin tamamlanmamas\u0131na da tepki g\u00f6stererek Cumhuriyet\u00e7i senat\u00f6rlerin de Lynch&#8217;in bu g\u00f6reve lay\u0131k oldu\u011funu kabul etti\u011fini s\u00f6yledi.<\/p>\n<p>S\u00fcrecin 5 ay\u0131 buldu\u011funu kaydeden Obama, Senato \u00fcyelerine seslenerek, &#8220;Yeter. Yeter. Oylamay\u0131 yap\u0131n ve Lynch&#8217;in g\u00f6revini onaylay\u0131n&#8221; dedi.<\/p>\n<p>Lynch&#8217;in adayl\u0131\u011f\u0131 Senato taraf\u0131ndan onaylan\u0131rsa halen Adalet Bakanl\u0131\u011f\u0131&#8217;n\u0131 y\u00fcr\u00fcten Eric Holder&#8217;dan bu g\u00f6revi devralacak.<\/p>\n<p><strong>Akdeniz&#8217;de g\u00f6\u00e7men facialar\u0131<\/strong><\/p>\n<p>\u0130talya Ba\u015fbakan\u0131 Matteo Renzi de bas\u0131n toplant\u0131s\u0131nda yapt\u0131\u011f\u0131 konu\u015fmada, Akdeniz&#8217;de ya\u015fanan g\u00f6\u00e7men facialar\u0131na de\u011finerek, &#8220;Akdeniz mezarl\u0131k de\u011fil bir denizdir&#8221; dedi.<\/p>\n<p>\u0130talya&#8217;ya gelen Afrikal\u0131lar\u0131n y\u00fczde 91&#8217;inin Libya&#8217;dan geldi\u011fini kaydeden Renzi, bunun \u00f6nlenmesinin tek yolunun Libya&#8217;ya bar\u0131\u015f ve istikrar\u0131n gelmesi oldu\u011funu s\u00f6yledi.<\/p>\n<p>Libya&#8217;ya istikrar\u0131n gelmesi i\u00e7in \u0130talya&#8217;n\u0131n uluslararas\u0131 toplumla \u00e7al\u0131\u015ft\u0131\u011f\u0131n\u0131 vurgulayan Renzi, &#8220;Akdeniz&#8217;de insan ka\u00e7ak\u00e7\u0131l\u0131\u011f\u0131 ile m\u00fccadele Avrupa&#8217;daki herkesin \u00f6nceli\u011fi&#8221; diye konu\u015ftu.<\/p>\n<p>Renzi, konunun sadece g\u00fcvenlik meselesi de\u011fil ayn\u0131 zamanda adalet ve insan onuru meselesi oldu\u011funu kaydetti.<\/p>\n<p>Kaynak: AA<\/p>","protected":false},"excerpt":{"rendered":"<p>Sorry, this entry is only available in Turkish. For the sake of viewer convenience, the content is shown below in the alternative language. You may click the link to switch the active language.ABD Ba\u015fkan\u0131 Obama, \u0130ran&#8217;la y\u00fcr\u00fct\u00fclen m\u00fczakereler konusunda, &#8220;\u00d6nce b\u0131rak\u0131n nihai bir anla\u015fma olacak m\u0131 onu g\u00f6relim. \u015eu an halen m\u00fczakere a\u015famas\u0131nday\u0131z&#8221; dedi. ABD [&hellip;]<\/p>\n","protected":false},"author":1,"featured_media":38363,"comment_status":"open","ping_status":"open","sticky":false,"template":"","format":"standard","meta":[],"categories":[53,43],"tags":[1198,63,67,1009,165,1333,71,12224,21,885],"views":677,"_links":{"self":[{"href":"https:\/\/www.enerjigazetesi.ist\/en\/wp-json\/wp\/v2\/posts\/38362"}],"collection":[{"href":"https:\/\/www.enerjigazetesi.ist\/en\/wp-json\/wp\/v2\/posts"}],"about":[{"href":"https:\/\/www.enerjigazetesi.ist\/en\/wp-json\/wp\/v2\/types\/post"}],"author":[{"embeddable":true,"href":"https:\/\/www.enerjigazetesi.ist\/en\/wp-json\/wp\/v2\/users\/1"}],"replies":[{"embeddable":true,"href":"https:\/\/www.enerjigazetesi.ist\/en\/wp-json\/wp\/v2\/comments?post=38362"}],"version-history":[{"count":4,"href":"https:\/\/www.enerjigazetesi.ist\/en\/wp-json\/wp\/v2\/posts\/38362\/revisions"}],"predecessor-version":[{"id":38367,"href":"https:\/\/www.enerjigazetesi.ist\/en\/wp-json\/wp\/v2\/posts\/38362\/revisions\/38367"}],"wp:featuredmedia":[{"embeddable":true,"href":"https:\/\/www.enerjigazetesi.ist\/en\/wp-json\/wp\/v2\/media\/38363"}],"wp:attachment":[{"href":"https:\/\/www.enerjigazetesi.ist\/en\/wp-json\/wp\/v2\/media?parent=38362"}],"wp:term":[{"taxonomy":"category","embeddable":true,"href":"https:\/\/www.enerjigazetesi.ist\/en\/wp-json\/wp\/v2\/categories?post=38362"},{"taxonomy":"post_tag","embeddable":true,"href":"https:\/\/www.enerjigazetesi.ist\/en\/wp-json\/wp\/v2\/tags?post=38362"}],"curies":[{"name":"wp","href":"https:\/\/api.w.org\/{rel}","templated":true}]}}