{"id":38326,"date":"2015-04-17T11:59:48","date_gmt":"2015-04-17T08:59:48","guid":{"rendered":"https:\/\/www.enerjigazetesi.ist\/?p=38326"},"modified":"2015-04-17T11:59:48","modified_gmt":"2015-04-17T08:59:48","slug":"turk-akimi-avrupa-icin-tek-secenek","status":"publish","type":"post","link":"https:\/\/www.enerjigazetesi.ist\/en\/turk-akimi-avrupa-icin-tek-secenek\/","title":{"rendered":"(Turkish) T\u00fcrk Ak\u0131m\u0131, Avrupa \u0130\u00e7in Tek Se\u00e7enek!"},"content":{"rendered":"<p class=\"qtranxs-available-languages-message qtranxs-available-languages-message-en\">Sorry, this entry is only available in <a href=\"https:\/\/www.enerjigazetesi.ist\/tr\/wp-json\/wp\/v2\/posts\/38326\" class=\"qtranxs-available-language-link qtranxs-available-language-link-tr\" title=\"Turkish\">Turkish<\/a>. For the sake of viewer convenience, the content is shown below in the alternative language. You may click the link to switch the active language.<\/p><p><strong>Rusya\u2019dan Avrupa\u2019ya do\u011falgaz ak\u0131\u015f\u0131nda, hat Trakya \u00fcss\u00fcnden Yunanistan, Makedonya, S\u0131rbistan ve Macaristan\u2019a uzayacak. T\u00fcrk Ak\u0131m hatt\u0131, Avrupa\u2019ya Rus do\u011falgaz\u0131 i\u00e7in tek se\u00e7enek olacak.<\/strong><span id=\"more-71169\"><\/span><\/p>\n<p>Yunanistan, Makedonya, S\u0131rbistan ve Macaristan \u00fczerinden Orta Avrupa\u2019ya Rus gaz\u0131 ta\u015f\u0131mas\u0131 planlanan <a href=\"https:\/\/www.enerjigazetesi.ist\/wp-content\/uploads\/2015\/04\/budapestede-turk-akimi-zirvesi.jpg\"><img loading=\"lazy\" class=\"alignleft wp-image-38007 size-medium\" src=\"https:\/\/www.enerjigazetesi.ist\/wp-content\/uploads\/2015\/04\/budapestede-turk-akimi-zirvesi-300x169.jpg\" alt=\"turk-akimi\" width=\"300\" height=\"169\" srcset=\"https:\/\/www.enerjigazetesi.ist\/wp-content\/uploads\/2015\/04\/budapestede-turk-akimi-zirvesi-300x169.jpg 300w, https:\/\/www.enerjigazetesi.ist\/wp-content\/uploads\/2015\/04\/budapestede-turk-akimi-zirvesi-500x282.jpg 500w, https:\/\/www.enerjigazetesi.ist\/wp-content\/uploads\/2015\/04\/budapestede-turk-akimi-zirvesi-80x45.jpg 80w, https:\/\/www.enerjigazetesi.ist\/wp-content\/uploads\/2015\/04\/budapestede-turk-akimi-zirvesi.jpg 513w\" sizes=\"(max-width: 300px) 100vw, 300px\" \/><\/a>T\u00fcrk Ak\u0131m\u0131, hem T\u00fcrk t\u00fcketiciye, hem Avrupa\u2019ya ula\u015facak. Rusya\u2019n\u0131n 2019 sonras\u0131nda Avrupa\u2019ya Ukrayna \u00fczerinden transit gaz ge\u00e7i\u015fini sonland\u0131rmas\u0131yla, T\u00fcrk Ak\u0131m\u0131 Avrupa \u00fclkeleri i\u00e7in ya\u015famsal \u00f6neme kavu\u015facak.<\/p>\n<p>Mithat Yurdakul\u2019un Milliyet\u2019teki haberine g\u00f6re\u00a0Rusya\u2019daki Russkaya kompres\u00f6r istasyonundan Karadeniz\u2019e girecek olan T\u00fcrk Ak\u0131m\u0131, deniz taban\u0131ndan 910 kilometre ilerleyerek K\u0131y\u0131k\u00f6y yak\u0131n\u0131nda T\u00fcrkiye topraklar\u0131na \u00e7\u0131kacak ve l\u00fcleburgaz\u2019da T\u00fcrk t\u00fcketicilere ula\u015facak. Hat, \u0130psala \u00fczerinden ise Avrupa\u2019ya uzanacak. Avusturya\u2019ya ula\u015fmas\u0131 m\u00fcmk\u00fcn. Son olarak Macaristan ve Yunanistan\u2019dan da konuyla ilgili olumlu mesajlar geldi. Hatt\u0131n son hali, Ruslar ile Avrupa \u00fclkeleri aras\u0131nda y\u00fcr\u00fct\u00fclen m\u00fczakereler sonucu kesinle\u015fecek.<\/p>\n<p><strong>Avrupa Birli\u011fi kendi hatt\u0131n\u0131 yapacak<\/strong><\/p>\n<p>Rus taraf\u0131 Yunanistan s\u0131n\u0131r\u0131ndan \u00f6teye boru hatt\u0131 d\u00f6\u015femeyece\u011fini, Avrupa \u00fclkelerinin kendi hatlar\u0131n\u0131 yapmaya ba\u015flamas\u0131 gerekti\u011fini \u0131srarla ifade ediyor. Kendi hatt\u0131n\u0131 in\u015fa etmesi planlanan Yunanistan\u2019\u0131n, hatt\u0131n bu b\u00f6l\u00fcm\u00fc i\u00e7in \u201cT\u00fcrk Ak\u0131m\u0131\u201d ad\u0131n\u0131 kullanmayaca\u011f\u0131 daha \u00f6nce tart\u0131\u015fma konusu olmu\u015ftu.<br \/>\n\u00dclkesine Rus gaz\u0131 i\u00e7in \u00fcs kurulmas\u0131na s\u0131cak bakan Yunanistan, Macaristan\u2019la birlikte projenin en \u00f6nemli destek\u00e7ileri olarak \u00f6ne \u00e7\u0131k\u0131yor. Avrupa\u2019daki Fransa ve Almanya gibi b\u00fcy\u00fck \u00fclkelerin, T\u00fcrk Ak\u0131m\u0131\u2019na Rusya-Avrupa ili\u015fkileri kapsam\u0131nda stratejik bakt\u0131klar\u0131, Yunanistan ve \u00a0Macaristan\u2019\u0131n T\u00fcrk Ak\u0131m\u0131\u2019n\u0131 Rusya\u2019dan daha fazla gaz alabilmek i\u00e7in f\u0131rsat olarak g\u00f6rd\u00fc\u011f\u00fc belirtiliyor. \u00d6zellikle Avrupa\u2019n\u0131n kemer s\u0131kma politikalar\u0131na tepki duyan sol iktidara sahip Yunanistan\u2019\u0131n, AB ile mesafeli duru\u015funu ortaya koymak hem de Rus enerji kaynaklar\u0131na daha etkin \u015fekilde ula\u015fmak i\u00e7in hatta s\u0131cak bakt\u0131\u011f\u0131 vurgulan\u0131yor. Yunanistan Ba\u015fbakan\u0131 Aleksis \u00c7ipras\u2019\u0131n Rusya ziyaretinde, Yunanistan\u2019\u0131n Avrupa\u2019n\u0131n enerji tedarikinde kilit \u00fclke konumunun \u00f6ne \u00e7\u0131kt\u0131\u011f\u0131 belirtildi.<\/p>\n<p><strong>Yumu\u015fama belirtisi\u2026<\/strong><\/p>\n<p>E\u011fer Avrupa, T\u00fcrk Ak\u0131m\u0131\u2019na kat\u0131lmakta teredd\u00fct ederse, Rus \u015firket Gazprom\u2019un do\u011falgaz varl\u0131\u011f\u0131n\u0131 alternatif piyasalara y\u00f6neltmek i\u00e7in de planlar\u0131 var. Rus yetkililer, 2019 sonras\u0131nda Avrupa\u2019ya Ukrayna \u00fczerinden transit ge\u00e7i\u015fi sonland\u0131raca\u011f\u0131n\u0131 belirtiyor. Boru hatt\u0131 planland\u0131\u011f\u0131 gibi tamamlan\u0131rsa T\u00fcrk Ak\u0131m\u0131 Avrupa i\u00e7in tek se\u00e7enek olacak. T\u00fcrk Ak\u0131m\u0131\u2019n\u0131n, Avrupa\u2019ya kendisi a\u00e7\u0131s\u0131ndan daha avantajl\u0131 fiyatlarla gaz satmak isteyen Rusya i\u00e7in de bir koz olaca\u011f\u0131 yorumlar\u0131 yap\u0131l\u0131yor. Rusya bu \u015fekilde, Avrupa\u2019n\u0131n Ukrayna \u00fczerinden kendisine y\u00f6neltti\u011fi kat\u0131 politikalar\u0131 da yumu\u015fatabilecek. AB\u2019nin de, bir enerji ortakl\u0131\u011f\u0131 konusunda birlik \u00fcyelerine \u00e7a\u011fr\u0131 yaparken Rusya\u2019ya kap\u0131lar\u0131 tamamen kapatmamas\u0131n\u0131n, yumu\u015fama habercisi oldu\u011fu ifade ediliyor.<\/p>\n<p>Yazan: Mithat Yurdakul<\/p>\n<p>Kaynak: \u00a0<a href=\"http:\/\/www.milliyet.com.tr\/ya-turk-akimi-ya-hic-\/ekonomi\/detay\/2045349\/default.htm\" target=\"_blank\" rel=\"nofollow\">Milliyet<\/a><\/p>","protected":false},"excerpt":{"rendered":"<p>Sorry, this entry is only available in Turkish. For the sake of viewer convenience, the content is shown below in the alternative language. You may click the link to switch the active language.Rusya\u2019dan Avrupa\u2019ya do\u011falgaz ak\u0131\u015f\u0131nda, hat Trakya \u00fcss\u00fcnden Yunanistan, Makedonya, S\u0131rbistan ve Macaristan\u2019a uzayacak. T\u00fcrk Ak\u0131m hatt\u0131, Avrupa\u2019ya Rus do\u011falgaz\u0131 i\u00e7in tek se\u00e7enek olacak. [&hellip;]<\/p>\n","protected":false},"author":1,"featured_media":38007,"comment_status":"open","ping_status":"open","sticky":false,"template":"","format":"standard","meta":[],"categories":[46,53],"tags":[22345,10884,876,63,67,1009,2698,165,1277,4221,20076],"views":499,"_links":{"self":[{"href":"https:\/\/www.enerjigazetesi.ist\/en\/wp-json\/wp\/v2\/posts\/38326"}],"collection":[{"href":"https:\/\/www.enerjigazetesi.ist\/en\/wp-json\/wp\/v2\/posts"}],"about":[{"href":"https:\/\/www.enerjigazetesi.ist\/en\/wp-json\/wp\/v2\/types\/post"}],"author":[{"embeddable":true,"href":"https:\/\/www.enerjigazetesi.ist\/en\/wp-json\/wp\/v2\/users\/1"}],"replies":[{"embeddable":true,"href":"https:\/\/www.enerjigazetesi.ist\/en\/wp-json\/wp\/v2\/comments?post=38326"}],"version-history":[{"count":1,"href":"https:\/\/www.enerjigazetesi.ist\/en\/wp-json\/wp\/v2\/posts\/38326\/revisions"}],"predecessor-version":[{"id":38327,"href":"https:\/\/www.enerjigazetesi.ist\/en\/wp-json\/wp\/v2\/posts\/38326\/revisions\/38327"}],"wp:featuredmedia":[{"embeddable":true,"href":"https:\/\/www.enerjigazetesi.ist\/en\/wp-json\/wp\/v2\/media\/38007"}],"wp:attachment":[{"href":"https:\/\/www.enerjigazetesi.ist\/en\/wp-json\/wp\/v2\/media?parent=38326"}],"wp:term":[{"taxonomy":"category","embeddable":true,"href":"https:\/\/www.enerjigazetesi.ist\/en\/wp-json\/wp\/v2\/categories?post=38326"},{"taxonomy":"post_tag","embeddable":true,"href":"https:\/\/www.enerjigazetesi.ist\/en\/wp-json\/wp\/v2\/tags?post=38326"}],"curies":[{"name":"wp","href":"https:\/\/api.w.org\/{rel}","templated":true}]}}