{"id":38261,"date":"2015-04-15T16:04:17","date_gmt":"2015-04-15T13:04:17","guid":{"rendered":"https:\/\/www.enerjigazetesi.ist\/?p=38261"},"modified":"2015-04-15T16:05:06","modified_gmt":"2015-04-15T13:05:06","slug":"entegre-enerji-verimliligi","status":"publish","type":"post","link":"https:\/\/www.enerjigazetesi.ist\/en\/entegre-enerji-verimliligi\/","title":{"rendered":"(Turkish) Entegre Enerji Verimlili\u011fi&#8230;"},"content":{"rendered":"<p class=\"qtranxs-available-languages-message qtranxs-available-languages-message-en\">Sorry, this entry is only available in <a href=\"https:\/\/www.enerjigazetesi.ist\/tr\/wp-json\/wp\/v2\/posts\/38261\" class=\"qtranxs-available-language-link qtranxs-available-language-link-tr\" title=\"Turkish\">Turkish<\/a>. For the sake of viewer convenience, the content is shown below in the alternative language. You may click the link to switch the active language.<\/p><p><strong>Y\u0131ld\u0131z Entegre, Kocaeli MDF tesisini modernize ederek hem daha az gaz t\u00fcketecek hem de kendi elektri\u011finin bir k\u0131sm\u0131n\u0131 \u00fcretecek.<\/strong><\/p>\n<p>Y\u0131ld\u0131zlar Yat\u0131r\u0131m Holding`in lokomotif \u015firketi Y\u0131ld\u0131z Entegre, TEB-AFD\u2019den (Frans\u0131z Kalk\u0131nma Ajans\u0131) enerji verimlili\u011fi kredisi ald\u0131. 1.5 milyon Euro tutar\u0131ndaki kredi, Y\u0131ld\u0131z Entegre\u2019nin Kocaeli MDF tesisinde bu y\u0131l i\u00e7inde ger\u00e7ekle\u015ftirilmesi planlanan Kurutma-1 ve 2 hatt\u0131 modernizasyon projelerinde kullan\u0131lacak.<a href=\"https:\/\/www.enerjigazetesi.ist\/wp-content\/uploads\/2015\/04\/entegre-enerji-verimliligi.jpg\"><img loading=\"lazy\" class=\"alignright size-medium wp-image-38262\" src=\"https:\/\/www.enerjigazetesi.ist\/wp-content\/uploads\/2015\/04\/entegre-enerji-verimliligi-300x189.jpg\" alt=\"entegre-enerji-verimliligi\" width=\"300\" height=\"189\" srcset=\"https:\/\/www.enerjigazetesi.ist\/wp-content\/uploads\/2015\/04\/entegre-enerji-verimliligi-300x189.jpg 300w, https:\/\/www.enerjigazetesi.ist\/wp-content\/uploads\/2015\/04\/entegre-enerji-verimliligi-500x315.jpg 500w, https:\/\/www.enerjigazetesi.ist\/wp-content\/uploads\/2015\/04\/entegre-enerji-verimliligi-80x50.jpg 80w, https:\/\/www.enerjigazetesi.ist\/wp-content\/uploads\/2015\/04\/entegre-enerji-verimliligi.jpg 600w\" sizes=\"(max-width: 300px) 100vw, 300px\" \/><\/a><\/p>\n<p><strong>KEND\u0130 ELEKTR\u0130\u011e\u0130N\u0130 \u00dcRETECEK<\/strong><\/p>\n<p>MDF2 tesisinde yer alan kurutma hatt\u0131, buhar ve do\u011falgaz \u0131s\u0131s\u0131 ile \u00e7al\u0131\u015f\u0131yor. Krediye hak kazanan modernizasyon projesi ile mevcut durumdaki at\u0131l t\u00fcrbinin de\u011ferlendirilmesi hedefleniyor. Bu sayede, fabrika kendi elektri\u011finin bir k\u0131sm\u0131n\u0131 \u00fcreterek, enerji t\u00fcketimini azaltm\u0131\u015f olacak. Ayn\u0131 zamanda, t\u00fcrbin \u0131s\u0131s\u0131n\u0131n s\u00fcrece dahil edilmesi ile \u00f6nemli bir do\u011falgaz tasarrufu da sa\u011flanacak. MDF1 ve MDF2 tesislerinde uygulanacak \u201cmotorda verimlilik\u201d ve \u201ckurutma fan\u0131 h\u0131z kontrol\u00fc\u201d projeleriyle de \u00f6nemli bir enerji verimlili\u011fi sa\u011flanmas\u0131 hedefleniyor.<\/p>\n<p><strong>YATIRIM 1.5 YILDA GER\u0130 D\u00d6NECEK<\/strong><\/p>\n<p>Y\u0131ld\u0131zlar Yat\u0131r\u0131m Holding \u0130cra Kurulu Ba\u015fkan\u0131 Hakk\u0131 Y\u0131ld\u0131z, &#8220;Amac\u0131m\u0131z MDF2 tesisimizde hi\u00e7 do\u011falgaz kullanmadan \u00fcretim yapmak. Uygulayaca\u011f\u0131m\u0131z bu verimlilik projeleri ile 1.5 milyon Euro\u2019ya ula\u015fan verimlilik yat\u0131r\u0131mlar\u0131m\u0131z\u0131n, 15 ay i\u00e7inde \u00fclke ekonomisine geri d\u00f6n\u00fc\u015f\u00fcm\u00fcn\u00fc sa\u011flamay\u0131 hedefliyoruz\u201d yorumlar\u0131n\u0131 yap\u0131yor.<\/p>\n<p><strong>\u00d6NCES\u0130NDE DE 7.9 M\u0130LYON EURO YATIRIM YAPILMI\u015eTI<\/strong><\/p>\n<p>Y\u0131ld\u0131zlar Yat\u0131r\u0131m Holding, S\u00fcrd\u00fcr\u00fclebilir Verimlilik Hareketi&#8221; kapsam\u0131nda ger\u00e7ekle\u015ftirdi\u011fi verimlilik art\u0131r\u0131c\u0131 projeler i\u00e7in 2012 y\u0131l\u0131nda da TED-AFD\u2019den toplamda 7.9 milyon euroluk enerji verimlili\u011fi kredisi alm\u0131\u015ft\u0131. 4.9 milyon Euro tutar\u0131ndaki kredi Mersin Fabrikas\u0131 i\u00e7in; 3 milyon euro tutar\u0131ndaki kredi ise Manisa Fabrikas\u0131 i\u00e7in kullan\u0131lm\u0131\u015ft\u0131.<\/p>\n<p>S\u00fcrd\u00fcr\u00fclebilir Kalk\u0131nma Derne\u011fi`nin de \u00fcyesi olan holding, &#8220;S\u00fcrd\u00fcr\u00fclebilir Verimlilik&#8221; ba\u015fl\u0131\u011f\u0131 alt\u0131nda ger\u00e7ekle\u015ftirdi\u011fi bu \u00e7al\u0131\u015fmalarla enerji kaynaklar\u0131n\u0131n ak\u0131lc\u0131 ve efektif kullan\u0131m\u0131na katk\u0131 sa\u011flamay\u0131 ve \u00fcretim maliyetlerini d\u00fc\u015f\u00fcrmeyi hedefliyor.<\/p>\n<p>Kaynak: <a href=\"http:\/\/enerjigunlugu.net\/entegre-enerji-verimliligi_13190.html\" target=\"_blank\" rel=\"nofollow\">Enerji G\u00fcnl\u00fc\u011f\u00fc<\/a><\/p>","protected":false},"excerpt":{"rendered":"<p>Sorry, this entry is only available in Turkish. For the sake of viewer convenience, the content is shown below in the alternative language. You may click the link to switch the active language.Y\u0131ld\u0131z Entegre, Kocaeli MDF tesisini modernize ederek hem daha az gaz t\u00fcketecek hem de kendi elektri\u011finin bir k\u0131sm\u0131n\u0131 \u00fcretecek. Y\u0131ld\u0131zlar Yat\u0131r\u0131m Holding`in lokomotif [&hellip;]<\/p>\n","protected":false},"author":1,"featured_media":38262,"comment_status":"open","ping_status":"open","sticky":false,"template":"","format":"standard","meta":[],"categories":[53,52],"tags":[14585,63,67,1009,2698,165,12,22416,793,22415],"views":1098,"_links":{"self":[{"href":"https:\/\/www.enerjigazetesi.ist\/en\/wp-json\/wp\/v2\/posts\/38261"}],"collection":[{"href":"https:\/\/www.enerjigazetesi.ist\/en\/wp-json\/wp\/v2\/posts"}],"about":[{"href":"https:\/\/www.enerjigazetesi.ist\/en\/wp-json\/wp\/v2\/types\/post"}],"author":[{"embeddable":true,"href":"https:\/\/www.enerjigazetesi.ist\/en\/wp-json\/wp\/v2\/users\/1"}],"replies":[{"embeddable":true,"href":"https:\/\/www.enerjigazetesi.ist\/en\/wp-json\/wp\/v2\/comments?post=38261"}],"version-history":[{"count":2,"href":"https:\/\/www.enerjigazetesi.ist\/en\/wp-json\/wp\/v2\/posts\/38261\/revisions"}],"predecessor-version":[{"id":38264,"href":"https:\/\/www.enerjigazetesi.ist\/en\/wp-json\/wp\/v2\/posts\/38261\/revisions\/38264"}],"wp:featuredmedia":[{"embeddable":true,"href":"https:\/\/www.enerjigazetesi.ist\/en\/wp-json\/wp\/v2\/media\/38262"}],"wp:attachment":[{"href":"https:\/\/www.enerjigazetesi.ist\/en\/wp-json\/wp\/v2\/media?parent=38261"}],"wp:term":[{"taxonomy":"category","embeddable":true,"href":"https:\/\/www.enerjigazetesi.ist\/en\/wp-json\/wp\/v2\/categories?post=38261"},{"taxonomy":"post_tag","embeddable":true,"href":"https:\/\/www.enerjigazetesi.ist\/en\/wp-json\/wp\/v2\/tags?post=38261"}],"curies":[{"name":"wp","href":"https:\/\/api.w.org\/{rel}","templated":true}]}}