{"id":38184,"date":"2015-04-13T12:08:16","date_gmt":"2015-04-13T09:08:16","guid":{"rendered":"https:\/\/www.enerjigazetesi.ist\/?p=38184"},"modified":"2015-04-13T12:08:16","modified_gmt":"2015-04-13T09:08:16","slug":"odtu-kibris-kampusu-ges-calismalarini-hizlandirdi","status":"publish","type":"post","link":"https:\/\/www.enerjigazetesi.ist\/en\/odtu-kibris-kampusu-ges-calismalarini-hizlandirdi\/","title":{"rendered":"(Turkish) ODT\u00dc K\u0131br\u0131s Kamp\u00fcs\u00fc GES \u00c7al\u0131\u015fmalar\u0131n\u0131 H\u0131zland\u0131rd\u0131&#8230;"},"content":{"rendered":"<p class=\"qtranxs-available-languages-message qtranxs-available-languages-message-en\">Sorry, this entry is only available in <a href=\"https:\/\/www.enerjigazetesi.ist\/tr\/wp-json\/wp\/v2\/posts\/38184\" class=\"qtranxs-available-language-link qtranxs-available-language-link-tr\" title=\"Turkish\">Turkish<\/a>. For the sake of viewer convenience, the content is shown below in the alternative language. You may click the link to switch the active language.<\/p><p><strong>ODT\u00dc Kuzey K\u0131br\u0131s Kamp\u00fcs\u00fc, 1 MW`l\u0131k bir g\u00fcne\u015f enerjisi santralinin kurulumunu y\u0131lsonuna kadar ger\u00e7ekle\u015ftirecek.<\/strong><\/p>\n<p>ODT\u00dc Kuzey K\u0131br\u0131s Kampusu Rekt\u00f6r\u00fc Prof. Dr. Turgut T\u00fcmer, 1 MW`l\u0131k bir g\u00fcne\u015f enerjisi santrali i\u00e7in lisans ba\u015fvurusuna olumlu yan\u0131t ald\u0131klar\u0131n\u0131 belirterek, ihaleye \u00e7\u0131kmak \u00fczere haz\u0131rl\u0131klar\u0131n\u0131 s\u00fcrd\u00fcrd\u00fcklerini ve y\u0131lsonuna kadar sa<a href=\"https:\/\/www.enerjigazetesi.ist\/wp-content\/uploads\/2015\/04\/odtu-kibris-kampusu-ges-calismalarini-hizlandirdi.jpg\"><img loading=\"lazy\" class=\"alignleft wp-image-38185 size-medium\" src=\"https:\/\/www.enerjigazetesi.ist\/wp-content\/uploads\/2015\/04\/odtu-kibris-kampusu-ges-calismalarini-hizlandirdi-300x200.jpg\" alt=\"odtu-kibris-kampusu-ges-calismalarini-hizlandirdi\" width=\"300\" height=\"200\" srcset=\"https:\/\/www.enerjigazetesi.ist\/wp-content\/uploads\/2015\/04\/odtu-kibris-kampusu-ges-calismalarini-hizlandirdi-300x200.jpg 300w, https:\/\/www.enerjigazetesi.ist\/wp-content\/uploads\/2015\/04\/odtu-kibris-kampusu-ges-calismalarini-hizlandirdi-74x50.jpg 74w, https:\/\/www.enerjigazetesi.ist\/wp-content\/uploads\/2015\/04\/odtu-kibris-kampusu-ges-calismalarini-hizlandirdi.jpg 448w\" sizes=\"(max-width: 300px) 100vw, 300px\" \/><\/a>ntrali kurarak \u00fcretime ge\u00e7meyi hedeflediklerini s\u00f6yledi.<\/p>\n<p>Yap\u0131lan hesaplar\u0131n, Kamp\u00fcs dahilindeki g\u00fcne\u015f enerjisi potansiyelinin, d\u00fcnyada kurulu g\u00fcne\u015f enerjisi santrallerinin ortalama veriminin y\u00fczde 85 \u00fczerinde oldu\u011funu g\u00f6sterdi\u011fini belirten ODT\u00dc Kuzey K\u0131br\u0131s Kamp\u00fcs\u00fc Rekt\u00f6r\u00fc Prof. Dr. Turgut T\u00fcmer, &#8220;Bu veriden hareketle 1 Megawatt`l\u0131k bir g\u00fcne\u015f santralinin son derece verimli olaca\u011f\u0131 sonucuna ula\u015farak gerekli lisans ba\u015fvurusunu yapt\u0131k ve ba\u015fvurumuza olumlu yan\u0131t ald\u0131k. \u0130haleye \u00e7\u0131kmak \u00fczere haz\u0131rl\u0131klar\u0131m\u0131z\u0131 s\u00fcrd\u00fcr\u00fcyoruz. Y\u0131l sonuna kadar santral\u0131m\u0131z\u0131 kurarak \u00fcretime ge\u00e7meyi hedefliyoruz.&#8221; dedi.<\/p>\n<p>ODT\u00dc Kuzey K\u0131br\u0131s Kamp\u00fcs\u00fc, Kamp\u00fcs fonundan desteklenen bilimsel ara\u015ft\u0131rma projesi kapsam\u0131nda, i\u00e7inde bulunulan b\u00f6lgenin r\u00fczgar ve g\u00fcne\u015f enerjisi potansiyelini belirlemek \u00fczere Nisan 2012`de 60 metre uzunlu\u011funda, \u00f6l\u00e7\u00fcm cihazlar\u0131 ile donanm\u0131\u015f bir dire\u011fi belirlenen alana yerle\u015ftirmi\u015fti. 1 y\u0131l boyunca her 10 dakikada g\u00fcne\u015f ve r\u00fczgar verileri toplayarak bu verileri de\u011ferlendiren ODT\u00dc Kuzey K\u0131br\u0131s Kamp\u00fcs\u00fc, yenilenebilir enerji potansiyelini ortaya koymu\u015ftu.<\/p>\n<p>Kaynak: <a href=\"http:\/\/enerjigunlugu.net\/odtu-kibris-kampusu-ges-calismalarini-hizlandirdi_13135.html#.VSuKktysUuw\" target=\"_blank\" rel=\"nofollow\">Enerji G\u00fcnl\u00fc\u011f\u00fc<\/a><\/p>","protected":false},"excerpt":{"rendered":"<p>Sorry, this entry is only available in Turkish. For the sake of viewer convenience, the content is shown below in the alternative language. You may click the link to switch the active language.ODT\u00dc Kuzey K\u0131br\u0131s Kamp\u00fcs\u00fc, 1 MW`l\u0131k bir g\u00fcne\u015f enerjisi santralinin kurulumunu y\u0131lsonuna kadar ger\u00e7ekle\u015ftirecek. ODT\u00dc Kuzey K\u0131br\u0131s Kampusu Rekt\u00f6r\u00fc Prof. Dr. Turgut T\u00fcmer, [&hellip;]<\/p>\n","protected":false},"author":1,"featured_media":38185,"comment_status":"open","ping_status":"open","sticky":false,"template":"","format":"standard","meta":[],"categories":[53,49],"tags":[63,67,1009,2698,165,2326,21886,227,13,2569,22372],"views":731,"_links":{"self":[{"href":"https:\/\/www.enerjigazetesi.ist\/en\/wp-json\/wp\/v2\/posts\/38184"}],"collection":[{"href":"https:\/\/www.enerjigazetesi.ist\/en\/wp-json\/wp\/v2\/posts"}],"about":[{"href":"https:\/\/www.enerjigazetesi.ist\/en\/wp-json\/wp\/v2\/types\/post"}],"author":[{"embeddable":true,"href":"https:\/\/www.enerjigazetesi.ist\/en\/wp-json\/wp\/v2\/users\/1"}],"replies":[{"embeddable":true,"href":"https:\/\/www.enerjigazetesi.ist\/en\/wp-json\/wp\/v2\/comments?post=38184"}],"version-history":[{"count":1,"href":"https:\/\/www.enerjigazetesi.ist\/en\/wp-json\/wp\/v2\/posts\/38184\/revisions"}],"predecessor-version":[{"id":38186,"href":"https:\/\/www.enerjigazetesi.ist\/en\/wp-json\/wp\/v2\/posts\/38184\/revisions\/38186"}],"wp:featuredmedia":[{"embeddable":true,"href":"https:\/\/www.enerjigazetesi.ist\/en\/wp-json\/wp\/v2\/media\/38185"}],"wp:attachment":[{"href":"https:\/\/www.enerjigazetesi.ist\/en\/wp-json\/wp\/v2\/media?parent=38184"}],"wp:term":[{"taxonomy":"category","embeddable":true,"href":"https:\/\/www.enerjigazetesi.ist\/en\/wp-json\/wp\/v2\/categories?post=38184"},{"taxonomy":"post_tag","embeddable":true,"href":"https:\/\/www.enerjigazetesi.ist\/en\/wp-json\/wp\/v2\/tags?post=38184"}],"curies":[{"name":"wp","href":"https:\/\/api.w.org\/{rel}","templated":true}]}}