{"id":38177,"date":"2015-04-13T11:57:37","date_gmt":"2015-04-13T08:57:37","guid":{"rendered":"https:\/\/www.enerjigazetesi.ist\/?p=38177"},"modified":"2015-04-13T11:57:37","modified_gmt":"2015-04-13T08:57:37","slug":"yildiz-akkuyu-ngs-turkiyenin-en-guvenilir-yapisi-olacak","status":"publish","type":"post","link":"https:\/\/www.enerjigazetesi.ist\/en\/yildiz-akkuyu-ngs-turkiyenin-en-guvenilir-yapisi-olacak\/","title":{"rendered":"(Turkish) Y\u0131ld\u0131z: \u201cAkkuyu NGS T\u00fcrkiye\u2019nin En G\u00fcvenilir Yap\u0131s\u0131 Olacak&#8230;\u201d"},"content":{"rendered":"<p class=\"qtranxs-available-languages-message qtranxs-available-languages-message-en\">Sorry, this entry is only available in <a href=\"https:\/\/www.enerjigazetesi.ist\/tr\/wp-json\/wp\/v2\/posts\/38177\" class=\"qtranxs-available-language-link qtranxs-available-language-link-tr\" title=\"Turkish\">Turkish<\/a>. For the sake of viewer convenience, the content is shown below in the alternative language. You may click the link to switch the active language.<\/p><p><\/p>\n<p style=\"color: #000000;\"><strong>Enerji ve Tabii Kaynaklar Bakan\u0131 Taner Y\u0131ld\u0131z, Mersin Akkuyu\u2019da y\u00fcr\u00fct\u00fclen n\u00fckleer enerji santrali \u00e7al\u0131\u015fmalar\u0131ndan bahsederek \u201cBiz istesek de istemesek de T\u00fcrkiye\u2019nin en g\u00fcvenilir yap\u0131s\u0131 olacak\u201d dedi.<\/strong><\/p>\n<p style=\"color: #000000;\">Enerji ve Tabii Kaynaklar Bakan\u0131 Taner Y\u0131ld\u0131z, L\u00fctfi K\u0131rdar Kongre Merkezi\u2019nde ger\u00e7ekle\u015ftirilen Gen\u00e7 T\u00fcrkiye Zirvesi\u2019nde, \u201cYenilenebilir Enerji Kaynaklar\u0131 ve Ye\u015fil T\u00fcrkiye\u201d ba\u015fl\u0131kl\u0131 oturumun a\u00e7\u0131l\u0131\u015f konu\u015fmas\u0131n\u0131 ger\u00e7ekle\u015ftirdi.<span id=\"more-71106\"><\/span>\u00a0T\u00fcrkiye\u2019nin enerji politikalar\u0131 ve g\u00fcncel konulara ili\u015fkin de\u011ferlendirmelerde bulunan Y\u0131ld\u0131z, D\u00fcnya \u2018da n\u00fckleer enerji \u00fcreti<a href=\"https:\/\/www.enerjigazetesi.ist\/wp-content\/uploads\/2015\/04\/yildiz-akkuyu-ngs-turkiyenin-en-guvenilir-yapisi-olacak.jpg\"><img loading=\"lazy\" class=\"alignleft wp-image-38178 size-medium\" src=\"https:\/\/www.enerjigazetesi.ist\/wp-content\/uploads\/2015\/04\/yildiz-akkuyu-ngs-turkiyenin-en-guvenilir-yapisi-olacak-300x199.jpg\" alt=\"yildiz-akkuyu-ngs-turkiyenin-en-guvenilir-yapisi-olacak\" width=\"300\" height=\"199\" srcset=\"https:\/\/www.enerjigazetesi.ist\/wp-content\/uploads\/2015\/04\/yildiz-akkuyu-ngs-turkiyenin-en-guvenilir-yapisi-olacak-300x199.jpg 300w, https:\/\/www.enerjigazetesi.ist\/wp-content\/uploads\/2015\/04\/yildiz-akkuyu-ngs-turkiyenin-en-guvenilir-yapisi-olacak-500x332.jpg 500w, https:\/\/www.enerjigazetesi.ist\/wp-content\/uploads\/2015\/04\/yildiz-akkuyu-ngs-turkiyenin-en-guvenilir-yapisi-olacak-75x50.jpg 75w, https:\/\/www.enerjigazetesi.ist\/wp-content\/uploads\/2015\/04\/yildiz-akkuyu-ngs-turkiyenin-en-guvenilir-yapisi-olacak.jpg 870w\" sizes=\"(max-width: 300px) 100vw, 300px\" \/><\/a>minde \u00f6zellikle \u00c7ernobil\u2019den sonra bir k\u0131r\u0131lganl\u0131k ya\u015fand\u0131\u011f\u0131n\u0131 ama bu olaydan sonra da 144 tane n\u00fckleer santral yap\u0131ld\u0131\u011f\u0131n\u0131 anlatt\u0131. Bakan Taner Y\u0131ld\u0131z \u201cFuku\u015fima kazas\u0131na hep birlikte \u015fahit olduk, \u00f6nemli bir kazad\u0131r. \u00dclkelerin enerji politikalar\u0131n\u0131 etkileyebilecek kadar \u00f6nemli bir kazad\u0131r. Japonya yaln\u0131zca enerji ile kar\u015f\u0131lamaya \u00e7al\u0131\u015ft\u0131\u011f\u0131 s\u0131v\u0131la\u015ft\u0131r\u0131lm\u0131\u015f do\u011falgaz ile birlikte kar\u015f\u0131lamaya \u00e7al\u0131\u015ft\u0131\u011f\u0131 enerji yap\u0131lanmas\u0131na y\u0131lda 40 milyar dolar fark \u00f6d\u00fcyor. B\u00fct\u00fcn bunlar\u0131 d\u00fc\u015f\u00fcnd\u00fc\u011f\u00fcm\u00fczde Fuku\u015fima\u2019dan sonra da \u015fu anda 76\u2019ya yak\u0131n in\u015fa halinde n\u00fckleer santral var. N\u00fckleer g\u00fc\u00e7 santrali yaln\u0131zca enerji elde etme konusu de\u011fildir, ayn\u0131 zamanda sanayinin lig atlamas\u0131yla ilgili \u00f6nemli bir konudur\u201d dedi.<\/p>\n<p style=\"color: #000000;\">D\u00fcnya \u00fczerinde bulunan 442 n\u00fckleer santralin yar\u0131s\u0131n\u0131n ABD, Fransa ve Japonya\u2019da bulundu\u011funu ifade eden Enerji ve Tabii Kaynaklar Bakan\u0131 Taner Y\u0131ld\u0131z, \u201cD\u00fcnyada 30 \u00fclkede n\u00fckleer g\u00fc\u00e7 santrali var. 20\u2019si en geli\u015fmi\u015f \u00fclkeler G20 \u00fclkeleri aras\u0131nda. Yine burada da alg\u0131 ile ger\u00e7e\u011fin \u00e7ok farkl\u0131 noktalarda oldu\u011funu g\u00f6r\u00fcyoruz. Bir k\u0131s\u0131m \u00fclkeler bu santrallerden vazge\u00e7tiklerini a\u00e7\u0131klad\u0131lar, i\u00e7 politikalar\u0131n\u0131 y\u00f6netebilmek ad\u0131na. Bir \u00fclke ismini vermeyeyim; 2021 y\u0131l\u0131nda n\u00fckleer santrallerden vazge\u00e7ece\u011fini s\u00f6yledi. E\u011fer zararl\u0131 ise yar\u0131n vazge\u00e7meniz laz\u0131m. Ara\u015ft\u0131rd\u0131k neden 2021 diye. \u00c7\u00fcnk\u00fc 2021 y\u0131l\u0131nda vazge\u00e7ece\u011fi n\u00fckleer santraller o tarihte \u00f6mr\u00fc bitiyor. \u00d6mr\u00fc biten santralleri kapatmak n\u00fckleer santrallerden vazge\u00e7mek anlam\u0131na gelmiyor\u201d diye konu\u015ftu.<\/p>\n<p style=\"color: #000000;\"><strong>\u2018AVRUPA\u2019NIN 3\u2019TE B\u0130R\u0130 ELEKTR\u0130KS\u0130Z KALDI\u2019<\/strong><\/p>\n<p style=\"color: #000000;\">Bakan Taner Y\u0131ld\u0131z, konu\u015fmas\u0131n\u0131n ard\u0131ndan oturumu izleyen \u00f6\u011frencilerin sorular\u0131n\u0131 cevaplad\u0131. Y\u0131ld\u0131z elektrik kesintisiyle ilgili soruya ya\u015fanan elektrik ar\u0131zas\u0131n\u0131n sadece T\u00fcrkiye\u2019ye has olmad\u0131\u011f\u0131n\u0131 s\u00f6yleyerek, \u201cAlmanya\u2019da yakla\u015f\u0131k 17 tane Avrupa \u00fclkesini i\u00e7eren Do\u011fu Bat\u0131 hatt\u0131nda bir ar\u0131zan\u0131n di\u011ferlerine \u00e7ok h\u0131zl\u0131 sirayetiyle Avrupa\u2019n\u0131n 3\u2019te biri elektriksiz kald\u0131. \u0130talya\u2019da, Bel\u00e7ika\u2019daki bir ar\u0131za 55 milyon insan 17 saat elektriksiz kald\u0131\u201d dedi. \u201c\u0130ran gaz\u0131n\u0131 T\u00fcrkiye neden pahal\u0131 sat\u0131n al\u0131yor\u201d \u015feklindeki soruya ise Y\u0131ld\u0131z, \u201cZaman\u0131nda yap\u0131lm\u0131\u015f anla\u015fmalar nedeniyle \u0130ran gaz\u0131n\u0131 pahal\u0131 al\u0131yoruz. Su\u00e7lam\u0131yorum, ama \u00f6yle yap\u0131ld\u0131. Her \u00fc\u00e7 y\u0131lda bir verilen fiyat revizyon hakk\u0131n\u0131 T\u00fcrkiye kulland\u0131 ve tahkime verdi. Biz de in\u015fallah \u0130ran gaz\u0131n\u0131 daha ucuza alaca\u011f\u0131z bundan emin olun\u201d \u015feklinde cevap verdi.<\/p>\n<p style=\"color: #000000;\"><strong>\u2018T\u00dcRK\u0130YE\u2019N\u0130N EN G\u00dcVEN\u0130L\u0130R YAPISI OLACAK\u2019<\/strong><\/p>\n<p style=\"color: #000000;\">Enerji ve Tabii Kaynaklar Bakan\u0131 Y\u0131ld\u0131z, bir \u00f6\u011frencinin T\u00fcrkiye\u2019de Soma facias\u0131 gibi olaylar varken n\u00fckleer santrallerin g\u00fcvenli\u011finin nas\u0131l sa\u011flanaca\u011f\u0131na y\u00f6nelik sorusuna ise \u015f\u00f6yle cevap verdi: \u201cN\u00fckleer g\u00fc\u00e7 santralleri ile ilgili gen\u00e7 karde\u015flerimizin olas\u0131 kayg\u0131lar\u0131n\u0131 \u00e7ok iyi anl\u0131yorum. Ama siz in\u015fallah bilecek ve g\u00f6receksiniz ki \u015fu anda 6 bine yak\u0131n \u00f6\u011frencimiz 19 ayr\u0131 \u00fcniversiteden ba\u015fvuru yapt\u0131. yakla\u015f\u0131k 80 ki\u015fi se\u00e7ip Rusya\u2019ya g\u00f6nderece\u011fiz. E\u011fitim al\u0131p buraya gelecekler. \u0130ngilizce ve Rus\u00e7a olarak e\u011fitimlerini tamamlayacaklar ve bu santrallerde \u00e7al\u0131\u015facaklar. 9 b\u00fcy\u00fckl\u00fc\u011f\u00fcndeki bir depremin \u015fiddeti T\u00fcrkiye\u2019de hi\u00e7 ya\u015fanmad\u0131. 7.6 civar\u0131 ya\u015fand\u0131. Ama siz bilin ki biz istesek de istemesek de T\u00fcrkiye\u2019nin en g\u00fcvenilir yap\u0131s\u0131 olacak. Co\u011frafya ile oynamaya ba\u015flad\u0131\u011f\u0131n\u0131z her an risk var demektir bu bir hayat tarz\u0131d\u0131r. Hi\u00e7 bir \u015fey yapmayabilirsiniz. Bu \u015fekilde geli\u015fen pardon geli\u015femeyen \u00fclkeler var. O y\u00fczden \u015fu anda d\u00fcnyada elektrik \u00fcretimine ayr\u0131lan paydan daha fazla g\u00fcvenlik sistemine ayr\u0131lan miktar vard\u0131r. N\u00fckleer g\u00fc\u00e7 santrallerini ben ucuza yapay\u0131m, yar\u0131 g\u00fcvenlikli olsun dedi\u011finiz anda bile uluslararas\u0131 arena m\u00fcsaade etmiyor. Kald\u0131 ki biz bunun en g\u00fcvenilir bir yap\u0131 oldu\u011funa dikkat edece\u011fiz.\u201d<\/p>\n<p style=\"color: #000000;\">Kaynak:\u00a0<a style=\"color: #c75615;\" href=\"http:\/\/www.radikal.com.tr\/turkiye\/bakan_yildiz_akkuyu_nukleer_santrali_turkiyenin_en_guvenilir_yapisi_olacak-1333724\" target=\"_blank\" rel=\"nofollow\">Radikal<\/a><\/p>\n<p><\/p>","protected":false},"excerpt":{"rendered":"<p>Sorry, this entry is only available in Turkish. For the sake of viewer convenience, the content is shown below in the alternative language. You may click the link to switch the active language. Enerji ve Tabii Kaynaklar Bakan\u0131 Taner Y\u0131ld\u0131z, Mersin Akkuyu\u2019da y\u00fcr\u00fct\u00fclen n\u00fckleer enerji santrali \u00e7al\u0131\u015fmalar\u0131ndan bahsederek \u201cBiz istesek de istemesek de T\u00fcrkiye\u2019nin en [&hellip;]<\/p>\n","protected":false},"author":1,"featured_media":38178,"comment_status":"open","ping_status":"open","sticky":false,"template":"","format":"standard","meta":[],"categories":[53,43],"tags":[3019,1303,710,63,67,1009,2698,165,71,21,667],"views":799,"_links":{"self":[{"href":"https:\/\/www.enerjigazetesi.ist\/en\/wp-json\/wp\/v2\/posts\/38177"}],"collection":[{"href":"https:\/\/www.enerjigazetesi.ist\/en\/wp-json\/wp\/v2\/posts"}],"about":[{"href":"https:\/\/www.enerjigazetesi.ist\/en\/wp-json\/wp\/v2\/types\/post"}],"author":[{"embeddable":true,"href":"https:\/\/www.enerjigazetesi.ist\/en\/wp-json\/wp\/v2\/users\/1"}],"replies":[{"embeddable":true,"href":"https:\/\/www.enerjigazetesi.ist\/en\/wp-json\/wp\/v2\/comments?post=38177"}],"version-history":[{"count":1,"href":"https:\/\/www.enerjigazetesi.ist\/en\/wp-json\/wp\/v2\/posts\/38177\/revisions"}],"predecessor-version":[{"id":38179,"href":"https:\/\/www.enerjigazetesi.ist\/en\/wp-json\/wp\/v2\/posts\/38177\/revisions\/38179"}],"wp:featuredmedia":[{"embeddable":true,"href":"https:\/\/www.enerjigazetesi.ist\/en\/wp-json\/wp\/v2\/media\/38178"}],"wp:attachment":[{"href":"https:\/\/www.enerjigazetesi.ist\/en\/wp-json\/wp\/v2\/media?parent=38177"}],"wp:term":[{"taxonomy":"category","embeddable":true,"href":"https:\/\/www.enerjigazetesi.ist\/en\/wp-json\/wp\/v2\/categories?post=38177"},{"taxonomy":"post_tag","embeddable":true,"href":"https:\/\/www.enerjigazetesi.ist\/en\/wp-json\/wp\/v2\/tags?post=38177"}],"curies":[{"name":"wp","href":"https:\/\/api.w.org\/{rel}","templated":true}]}}