{"id":38164,"date":"2015-04-13T11:42:12","date_gmt":"2015-04-13T08:42:12","guid":{"rendered":"https:\/\/www.enerjigazetesi.ist\/?p=38164"},"modified":"2015-04-13T11:42:33","modified_gmt":"2015-04-13T08:42:33","slug":"sid-irakin-en-buyuk-rafinerisi-beyciye-girdi","status":"publish","type":"post","link":"https:\/\/www.enerjigazetesi.ist\/en\/sid-irakin-en-buyuk-rafinerisi-beyciye-girdi\/","title":{"rendered":"(Turkish) I\u015e\u0130D, Irak\u2019\u0131n En B\u00fcy\u00fck Rafinerisi Beyci\u2019ye Girdi&#8230;"},"content":{"rendered":"<p class=\"qtranxs-available-languages-message qtranxs-available-languages-message-en\">Sorry, this entry is only available in <a href=\"https:\/\/www.enerjigazetesi.ist\/tr\/wp-json\/wp\/v2\/posts\/38164\" class=\"qtranxs-available-language-link qtranxs-available-language-link-tr\" title=\"Turkish\">Turkish<\/a>. For the sake of viewer convenience, the content is shown below in the alternative language. You may click the link to switch the active language.<\/p><p><\/p>\n<p style=\"color: #000000;\"><strong>I\u015e\u0130D, Selahaddin eyaletinde yer alan Irak\u2019\u0131n en b\u00fcy\u00fck rafinerisi Beyci\u2019ye girdi. Anbar Eyalet Ba\u015fkan Yard\u0131mc\u0131s\u0131 ise, Ramadi\u2019nin I\u015e\u0130D\u2019in eline d\u00fc\u015febilece\u011fi uyar\u0131s\u0131nda bulundu.<\/strong><\/p>\n<p style=\"color: #000000;\">Irak ve \u015eam \u0130slam Devleti\u2019nin (I\u015e\u0130D) Selahaddin eyaletinde Tikrit\u2019ten p\u00fcsk\u00fcrt\u00fclmesinin ard\u0131ndan eyalette ilerleyi\u015fini s\u00fcrd\u00fcr\u00fcyor.<span id=\"more-71101\"><\/span>\u00d6rg\u00fct, eyalette bulunan ve \u00fclkenin en b\u00fcy\u00fck petrol rafinerisi Beyci\u2019de birka\u00e7 noktay\u0131 ele ge\u00e7irdi.<a href=\"https:\/\/www.enerjigazetesi.ist\/wp-content\/uploads\/2015\/04\/sid-irakin-en-buyuk-rafinerisi-beyciye-girdi.jpg\"><img loading=\"lazy\" class=\"alignright size-medium wp-image-38165\" src=\"https:\/\/www.enerjigazetesi.ist\/wp-content\/uploads\/2015\/04\/sid-irakin-en-buyuk-rafinerisi-beyciye-girdi-300x189.jpg\" alt=\"sid-irakin-en-buyuk-rafinerisi-beyciye-girdi\" width=\"300\" height=\"189\" srcset=\"https:\/\/www.enerjigazetesi.ist\/wp-content\/uploads\/2015\/04\/sid-irakin-en-buyuk-rafinerisi-beyciye-girdi-300x189.jpg 300w, https:\/\/www.enerjigazetesi.ist\/wp-content\/uploads\/2015\/04\/sid-irakin-en-buyuk-rafinerisi-beyciye-girdi-500x315.jpg 500w, https:\/\/www.enerjigazetesi.ist\/wp-content\/uploads\/2015\/04\/sid-irakin-en-buyuk-rafinerisi-beyciye-girdi-80x50.jpg 80w, https:\/\/www.enerjigazetesi.ist\/wp-content\/uploads\/2015\/04\/sid-irakin-en-buyuk-rafinerisi-beyciye-girdi.jpg 870w\" sizes=\"(max-width: 300px) 100vw, 300px\" \/><\/a><\/p>\n<p style=\"color: #000000;\">I\u015e\u0130D, Irak ordusu ile ona destek veren \u015eii milislerle \u00e7at\u0131\u015f\u0131yor.<\/p>\n<p style=\"color: #000000;\">I\u015e\u0130D\u2019in medya kaynaklar\u0131n\u0131n payla\u015ft\u0131\u011f\u0131 bilgilere g\u00f6re, \u00f6rg\u00fct Beyci rafinerisine 4 taraftan sald\u0131r\u0131 d\u00fczenledi.<\/p>\n<p style=\"color: #000000;\">Kaynaklar, Beyci rafinerisine sald\u0131r\u0131n\u0131n iki a\u015famal\u0131 olarak ger\u00e7ekle\u015fti\u011fini ifade etti. \u0130lk a\u015famada rafinerinin etraf\u0131ndaki binalar, ikinci a\u015famada ise rafinerinin i\u00e7indeki binalar\u0131 ele ge\u00e7irildi. Cumartesi ak\u015fam saatlerinde rafinerisinin yak\u0131t depolar\u0131n\u0131n yan\u0131 s\u0131ra birka\u00e7 bina I\u015e\u0130D taraf\u0131ndan ele ge\u00e7irilmi\u015f oldu.<\/p>\n<p style=\"color: #000000;\">H\u00fck\u00fcmete yak\u0131n medya kaynaklar\u0131na g\u00f6re ise, I\u015e\u0130D rafineride ordunun komutanl\u0131k yapt\u0131\u011f\u0131 Petrol Enstit\u00fcs\u00fc binas\u0131n\u0131 ele ge\u00e7irdi.<br \/>\nAnadolu Ajans\u0131\u2019n\u0131n g\u00fcvenlik kayna\u011f\u0131na dayand\u0131rd\u0131\u011f\u0131 habere g\u00f6re, I\u015e\u0130D\u2019in yak\u0131t depolar\u0131na yerle\u015ftirdi\u011fi bomban\u0131n patlamas\u0131 sonucunda rafineriden yo\u011fun siyah duman y\u00fckseldi.<\/p>\n<p style=\"color: #000000;\">\u00dclkenin en b\u00fcy\u00fck rafinerisinin bulundu\u011fu il\u00e7e 18 Haziran\u2019da I\u015e\u0130D taraf\u0131ndan el ge\u00e7irilmi\u015fti. Ancak, \u015eii milislerin destek verdi\u011fi ordu g\u00fc\u00e7lerinin ba\u015flatt\u0131klar\u0131 kapsaml\u0131 operasyon, I\u015e\u0130D\u2019i Beyci rafinesinden \u00e7\u0131kartm\u0131\u015ft\u0131.<\/p>\n<p style=\"color: #000000;\">Kaynak: Enerji Enstit\u00fcs\u00fc<\/p>\n<p><\/p>","protected":false},"excerpt":{"rendered":"<p>Sorry, this entry is only available in Turkish. For the sake of viewer convenience, the content is shown below in the alternative language. You may click the link to switch the active language. I\u015e\u0130D, Selahaddin eyaletinde yer alan Irak\u2019\u0131n en b\u00fcy\u00fck rafinerisi Beyci\u2019ye girdi. Anbar Eyalet Ba\u015fkan Yard\u0131mc\u0131s\u0131 ise, Ramadi\u2019nin I\u015e\u0130D\u2019in eline d\u00fc\u015febilece\u011fi uyar\u0131s\u0131nda bulundu. [&hellip;]<\/p>\n","protected":false},"author":1,"featured_media":38165,"comment_status":"open","ping_status":"open","sticky":false,"template":"","format":"standard","meta":[],"categories":[53,44],"tags":[15893,63,67,1009,2698,165,22362,13970,745,59,22363],"views":825,"_links":{"self":[{"href":"https:\/\/www.enerjigazetesi.ist\/en\/wp-json\/wp\/v2\/posts\/38164"}],"collection":[{"href":"https:\/\/www.enerjigazetesi.ist\/en\/wp-json\/wp\/v2\/posts"}],"about":[{"href":"https:\/\/www.enerjigazetesi.ist\/en\/wp-json\/wp\/v2\/types\/post"}],"author":[{"embeddable":true,"href":"https:\/\/www.enerjigazetesi.ist\/en\/wp-json\/wp\/v2\/users\/1"}],"replies":[{"embeddable":true,"href":"https:\/\/www.enerjigazetesi.ist\/en\/wp-json\/wp\/v2\/comments?post=38164"}],"version-history":[{"count":2,"href":"https:\/\/www.enerjigazetesi.ist\/en\/wp-json\/wp\/v2\/posts\/38164\/revisions"}],"predecessor-version":[{"id":38167,"href":"https:\/\/www.enerjigazetesi.ist\/en\/wp-json\/wp\/v2\/posts\/38164\/revisions\/38167"}],"wp:featuredmedia":[{"embeddable":true,"href":"https:\/\/www.enerjigazetesi.ist\/en\/wp-json\/wp\/v2\/media\/38165"}],"wp:attachment":[{"href":"https:\/\/www.enerjigazetesi.ist\/en\/wp-json\/wp\/v2\/media?parent=38164"}],"wp:term":[{"taxonomy":"category","embeddable":true,"href":"https:\/\/www.enerjigazetesi.ist\/en\/wp-json\/wp\/v2\/categories?post=38164"},{"taxonomy":"post_tag","embeddable":true,"href":"https:\/\/www.enerjigazetesi.ist\/en\/wp-json\/wp\/v2\/tags?post=38164"}],"curies":[{"name":"wp","href":"https:\/\/api.w.org\/{rel}","templated":true}]}}