{"id":38070,"date":"2015-04-09T15:02:06","date_gmt":"2015-04-09T12:02:06","guid":{"rendered":"https:\/\/www.enerjigazetesi.ist\/?p=38070"},"modified":"2015-04-09T15:02:06","modified_gmt":"2015-04-09T12:02:06","slug":"sirnakta-gunes-enerjisi-ile-kendi-urettigi-elektrigi-kullanan-ilk-otel","status":"publish","type":"post","link":"https:\/\/www.enerjigazetesi.ist\/en\/sirnakta-gunes-enerjisi-ile-kendi-urettigi-elektrigi-kullanan-ilk-otel\/","title":{"rendered":"(Turkish) \u015e\u0131rnak&#8217;ta G\u00fcne\u015f Enerjisi \u0130le Kendi \u00dcretti\u011fi Elektri\u011fi Kullanan \u0130lk Otel&#8230;"},"content":{"rendered":"<p class=\"qtranxs-available-languages-message qtranxs-available-languages-message-en\">Sorry, this entry is only available in <a href=\"https:\/\/www.enerjigazetesi.ist\/tr\/wp-json\/wp\/v2\/posts\/38070\" class=\"qtranxs-available-language-link qtranxs-available-language-link-tr\" title=\"Turkish\">Turkish<\/a>. For the sake of viewer convenience, the content is shown below in the alternative language. You may click the link to switch the active language.<\/p><p><\/p>\n<p style=\"text-align: left;\" align=\"center\"><strong>Projenin sahibi Acar Group, \u015e\u0131rnak\u2019taki yeni otelinde \u201cFotovoltaik T<span style=\"color: #000000;\">eknolojisine\u201d Yat\u0131r\u0131m Yap\u0131yor&#8230;<\/span><\/strong><\/p>\n<p><strong>M\u00fcnih, 8. Nisan 2015: Uluslararas\u0131 d\u00fczeyde \u00f6nde gelen y\u00fcksek kaliteli g\u00fcne\u015f enerjisi h\u00fccreleri ve mod\u00fcllerinin \u00fcreticisi Talesun Solar, T\u00fcrkiye&#8217;deki ortak giri\u015fim organizasyonu Talesun Anadolu Solar Enerji \u00fczerinden G\u00fcneydo\u011fu Anadolu\u2019da 293 kWp kapasiteli anahtar teslim bir fotovoltaik tesisin in\u015faat\u0131n\u0131 tamamlad\u0131&#8230;<\/strong><\/p>\n<p><strong>T\u00fcrk giri\u015fimci Acar Group&#8217;a ait \u015eehr-i Nuh Oteli, yak\u0131n gelecekte kendi \u00fcretti\u011fi elektri\u011fi kullana<a href=\"https:\/\/www.enerjigazetesi.ist\/wp-content\/uploads\/2015\/04\/sirnakta-gunes-enerjisi-ile-kendi-urettigi-elektrigi-kullanan-ilk-otel.jpg\"><img loading=\"lazy\" class=\"alignright size-medium wp-image-38071\" src=\"https:\/\/www.enerjigazetesi.ist\/wp-content\/uploads\/2015\/04\/sirnakta-gunes-enerjisi-ile-kendi-urettigi-elektrigi-kullanan-ilk-otel-300x199.jpg\" alt=\"sirnakta-gunes-enerjisi-ile-kendi-urettigi-elektrigi-kullanan-ilk-otel\" width=\"300\" height=\"199\" srcset=\"https:\/\/www.enerjigazetesi.ist\/wp-content\/uploads\/2015\/04\/sirnakta-gunes-enerjisi-ile-kendi-urettigi-elektrigi-kullanan-ilk-otel-300x199.jpg 300w, https:\/\/www.enerjigazetesi.ist\/wp-content\/uploads\/2015\/04\/sirnakta-gunes-enerjisi-ile-kendi-urettigi-elektrigi-kullanan-ilk-otel-1024x681.jpg 1024w, https:\/\/www.enerjigazetesi.ist\/wp-content\/uploads\/2015\/04\/sirnakta-gunes-enerjisi-ile-kendi-urettigi-elektrigi-kullanan-ilk-otel-500x332.jpg 500w, https:\/\/www.enerjigazetesi.ist\/wp-content\/uploads\/2015\/04\/sirnakta-gunes-enerjisi-ile-kendi-urettigi-elektrigi-kullanan-ilk-otel-75x50.jpg 75w, https:\/\/www.enerjigazetesi.ist\/wp-content\/uploads\/2015\/04\/sirnakta-gunes-enerjisi-ile-kendi-urettigi-elektrigi-kullanan-ilk-otel.jpg 1200w\" sizes=\"(max-width: 300px) 100vw, 300px\" \/><\/a>cak.<\/strong><\/p>\n<p>293 kWp kapasiteli proje, planlama a\u015famas\u0131ndan in\u015fa a\u015famas\u0131na ve genel elektrik \u015febekesine ba\u011flan\u0131ncaya kadar t\u00fcm\u00fcyle <strong>Talesun Anadolu Solar Enerji<\/strong> taraf\u0131ndan ger\u00e7ekle\u015ftirildi. <strong>Talesun Solar Germany<\/strong> \u015firketi, bu ba\u011flamda uygulamay\u0131 yapan genel giri\u015fimci oldu. Metrekare ba\u015f\u0131na yakla\u015f\u0131k 1.179 kW saatlik kapasiteyle, G\u00fcneydo\u011fu Anadolu kenti \u015e\u0131rnak\u2019taki lokasyon, m\u00fckemmel \u0131\u015f\u0131n\u0131m de\u011ferlerine sahip. Be\u015f y\u0131ld\u0131zl\u0131 <strong>\u015eehr-i Nuh Oteli<\/strong>, T\u00fcrkiye-Suriye-Irak \u00fc\u00e7geni i\u00e7inde yer al\u0131yor. \u00d6zellikle y\u0131l boyunca havan\u0131n g\u00f6rece az bulutlu olmas\u0131 ve ortalama 284 g\u00fcn\u00fcn g\u00fcne\u015fli ge\u00e7mesi, b\u00f6lgeyi <strong>fotovoltaik <\/strong>kullan\u0131m i\u00e7in cazip k\u0131lmaktad\u0131r.<\/p>\n<p><strong>Talesun Solar Germany GmbH&#8217;nin M\u00fcd\u00fcr\u00fc Gregor Albrecht<\/strong>, <em>&#8220;\u0130\u015f ortaklar\u0131m\u0131zla birlikte T\u00fcrkiye\u2019de t\u00fcm fotovoltaik de\u011fer yaratma zincirini olu\u015fturma konumunday\u0131z&#8221;<\/em> a\u00e7\u0131klamas\u0131yla konuya dikkat \u00e7ekerek, \u201c<em>Bu de\u011fer yaratma zinciri, projelendirme ve uygulama a\u015famas\u0131ndan finansman hizmetlerine ve m\u00fc\u015fterilerimizin ihtiya\u00e7lar\u0131na tam olarak uyan fotovoltaik sistemlerin ve parklar\u0131n teslime kadar uzan\u0131yor&#8221;<\/em> diyerek projenin \u00f6zelli\u011fini vurgulad\u0131.<\/p>\n<p><strong>Y\u00fcksek dayan\u0131kl\u0131l\u0131\u011fa sahip polikristal mod\u00fcller<\/strong><\/p>\n<p>\u015e\u0131rnak\u2019taki tesisin in\u015fas\u0131nda Talesun, TP 660P tip 250 W kapasiteli 1.172 adet polikristal mod\u00fcl kullanm\u0131\u015ft\u0131r. Panel \u00f6zellikle \u00e7ok dayan\u0131kl\u0131 olup, i\u015f\u00e7ili\u011fi veya T\u00dcV taraf\u0131ndan belgelenen kalitesiyle \u00f6ne \u00e7\u0131kmaktad\u0131r. A\u00e7\u0131k alan tesisi \u015eehr-i Nuh Oteli\u2019nin arazisi \u00fczerinde \u015febeke ba\u011flanm\u0131\u015ft\u0131r ve otelin kendi elektrik t\u00fcketimini kar\u015f\u0131lama amac\u0131na hizmet etmektedir.<\/p>\n<p><strong>Acar Group\u2019un CEO\u2019su Yahya Acar<\/strong> <em>&#8220;Bu proje g\u00fcvenilir bir bi\u00e7imde \u00e7al\u0131\u015fan ve y\u00fcksek verim sa\u011flayan bir sistemi gerektirmi\u015ftir. Talesun ile tam otomatik mod\u00fcl \u00fcretimi sayesinde kalite ve do\u011fru fiyat-performans ili\u015fkisini en uygun bi\u00e7imde bir araya getiren uluslararas\u0131 d\u00fczeyde g\u00fc\u00e7l\u00fc ve deneyim sahibi bir EPC i\u015f orta\u011f\u0131n\u0131 yan\u0131m\u0131za ald\u0131k&#8221;<\/em> diyerek projenin \u00f6zelli\u011fini a\u00e7\u0131klad\u0131. Acar Group, \u00f6zellikle madencilik, y\u00fcksek yap\u0131 giri\u015fimleri ve yap\u0131 makineleri ticaretinde uzmanla\u015fm\u0131\u015f karma bir Holding\u2019dir. Grup, \u015e\u0131rnak yak\u0131n\u0131nda bir k\u00f6m\u00fcr madenine sahiptir ve halen kent i\u00e7inde bir \u00fcniversitenin in\u015fas\u0131na kat\u0131lmaktad\u0131r.<\/p>\n<p><strong>\u0130deal g\u00fcne\u015f enerjisi lokasyonu olarak T\u00fcrkiye<\/strong><\/p>\n<p>T\u00fcrkiye, \u201cYenilenebilir Enerji\u201d i\u00e7in \u00f6zellikle cazip bir pazar konumundad\u0131r. Bunun \u00f6ncelikli nedeni, T\u00fcrkiye\u2019nin ba\u015fl\u0131ca enerji kayna\u011f\u0131n\u0131n \u015fimdiye kadar fosil enerji kaynaklar\u0131n\u0131n ithalat\u0131na ba\u011f\u0131ml\u0131 olmas\u0131d\u0131r. Bu nedenle, T\u00fcrkiye kurulu\u015funun y\u00fcz\u00fcnc\u00fc y\u0131l\u0131 olan 2023\u2019de yenilenebilir enerjilerin toplam enerji teminindeki pay\u0131n\u0131 y\u00fczde 30\u2019a \u00e7\u0131karmay\u0131 hedeflemektedir. Devlet, g\u00fcne\u015f enerjisinin kapasite hedefini \u0130stanbul\u2019da be\u015f GW olarak tan\u0131mlam\u0131\u015ft\u0131r.<\/p>\n<p>T\u00fcrkiye, 2013 y\u0131l\u0131nda Yenilenebilir Enerji Kanunu\u2019nda de\u011fi\u015fiklik yapm\u0131\u015f ve b\u00f6ylelikle \u201c\u015eebeke Ba\u011flant\u0131l\u0131 Tesis\u201dlerden elde edilen elektrikle genel \u015febekeyi besleyen m\u00fcmk\u00fcn oldu\u011funca fazla i\u015fletmeci kazanmay\u0131 hedeflemi\u015ftir. Buna ba\u011fl\u0131 olarak Acar Grup ve Talesun gelecek aylar i\u00e7inde ba\u015fkaca fotovoltaik tesisleri birlikte projelendirmeyi planlamaktad\u0131rlar.<\/p>\n<p>Yay\u0131nc\u0131: <a href=\"https:\/\/www.enerjigazetesi.ist\" target=\"_blank\">Enerji Gazetesi<\/a><\/p>","protected":false},"excerpt":{"rendered":"<p>Sorry, this entry is only available in Turkish. For the sake of viewer convenience, the content is shown below in the alternative language. You may click the link to switch the active language. Projenin sahibi Acar Group, \u015e\u0131rnak\u2019taki yeni otelinde \u201cFotovoltaik Teknolojisine\u201d Yat\u0131r\u0131m Yap\u0131yor&#8230; M\u00fcnih, 8. Nisan 2015: Uluslararas\u0131 d\u00fczeyde \u00f6nde gelen y\u00fcksek kaliteli g\u00fcne\u015f [&hellip;]<\/p>\n","protected":false},"author":1,"featured_media":38071,"comment_status":"open","ping_status":"open","sticky":false,"template":"","format":"standard","meta":[],"categories":[53,49],"tags":[22325,63,67,1009,2698,165,22324,227,13,1353,22326,12694,22327,105],"views":1767,"_links":{"self":[{"href":"https:\/\/www.enerjigazetesi.ist\/en\/wp-json\/wp\/v2\/posts\/38070"}],"collection":[{"href":"https:\/\/www.enerjigazetesi.ist\/en\/wp-json\/wp\/v2\/posts"}],"about":[{"href":"https:\/\/www.enerjigazetesi.ist\/en\/wp-json\/wp\/v2\/types\/post"}],"author":[{"embeddable":true,"href":"https:\/\/www.enerjigazetesi.ist\/en\/wp-json\/wp\/v2\/users\/1"}],"replies":[{"embeddable":true,"href":"https:\/\/www.enerjigazetesi.ist\/en\/wp-json\/wp\/v2\/comments?post=38070"}],"version-history":[{"count":1,"href":"https:\/\/www.enerjigazetesi.ist\/en\/wp-json\/wp\/v2\/posts\/38070\/revisions"}],"predecessor-version":[{"id":38072,"href":"https:\/\/www.enerjigazetesi.ist\/en\/wp-json\/wp\/v2\/posts\/38070\/revisions\/38072"}],"wp:featuredmedia":[{"embeddable":true,"href":"https:\/\/www.enerjigazetesi.ist\/en\/wp-json\/wp\/v2\/media\/38071"}],"wp:attachment":[{"href":"https:\/\/www.enerjigazetesi.ist\/en\/wp-json\/wp\/v2\/media?parent=38070"}],"wp:term":[{"taxonomy":"category","embeddable":true,"href":"https:\/\/www.enerjigazetesi.ist\/en\/wp-json\/wp\/v2\/categories?post=38070"},{"taxonomy":"post_tag","embeddable":true,"href":"https:\/\/www.enerjigazetesi.ist\/en\/wp-json\/wp\/v2\/tags?post=38070"}],"curies":[{"name":"wp","href":"https:\/\/api.w.org\/{rel}","templated":true}]}}