{"id":3806,"date":"2012-11-23T14:53:21","date_gmt":"2012-11-23T11:53:21","guid":{"rendered":"https:\/\/www.enerjigazetesi.ist\/?p=3806"},"modified":"2012-11-23T14:54:13","modified_gmt":"2012-11-23T11:54:13","slug":"ingilterede-enerji-verimliligi","status":"publish","type":"post","link":"https:\/\/www.enerjigazetesi.ist\/en\/ingilterede-enerji-verimliligi\/","title":{"rendered":"(Turkish) \u0130ngiltere&#8217;de Enerji Verimlili\u011fi"},"content":{"rendered":"<p class=\"qtranxs-available-languages-message qtranxs-available-languages-message-en\">Sorry, this entry is only available in <a href=\"https:\/\/www.enerjigazetesi.ist\/tr\/wp-json\/wp\/v2\/posts\/3806\" class=\"qtranxs-available-language-link qtranxs-available-language-link-tr\" title=\"Turkish\">Turkish<\/a>. For the sake of viewer convenience, the content is shown below in the alternative language. You may click the link to switch the active language.<\/p><p><strong><img loading=\"lazy\" class=\"alignright size-medium wp-image-3807\" title=\"ingiltere-enerji-verimliligi\" src=\"https:\/\/www.enerjigazetesi.ist\/wp-content\/uploads\/2012\/11\/ingiltere-enerji-verimliligi-300x189.jpg\" alt=\"\" width=\"300\" height=\"189\" srcset=\"https:\/\/www.enerjigazetesi.ist\/wp-content\/uploads\/2012\/11\/ingiltere-enerji-verimliligi-300x189.jpg 300w, https:\/\/www.enerjigazetesi.ist\/wp-content\/uploads\/2012\/11\/ingiltere-enerji-verimliligi-500x315.jpg 500w, https:\/\/www.enerjigazetesi.ist\/wp-content\/uploads\/2012\/11\/ingiltere-enerji-verimliligi-80x50.jpg 80w, https:\/\/www.enerjigazetesi.ist\/wp-content\/uploads\/2012\/11\/ingiltere-enerji-verimliligi.jpg 778w\" sizes=\"(max-width: 300px) 100vw, 300px\" \/>Birle\u015fik Krall\u0131k\u2013\u0130ngiltere enerji ve iklim politikas\u0131, \u00fclkenin en en \u00f6nemli politikalar\u0131n\u0131n ba\u015f\u0131nda geliyor. \u00dclkede yay\u0131nlanan enerji sekt\u00f6r\u00fc ile ilgili d\u00f6k\u00fcmanlar enerji miktar\u0131 ile konu\u015fmuyor. K\u0131saca Karbon denilen ve sera gaz\u0131 emisyonlar\u0131nda y\u00fczde 77 a\u011f\u0131rl\u0131\u011f\u0131 olan CO2 ve di\u011fer sera gazlar\u0131n\u0131n d\u00f6n\u00fc\u015ft\u00fcr\u00fclerek tek birim olarak if\u00e2de edilen \u201cKarbon\u201d referans al\u0131nm\u0131\u015f durumda. Karbonun referans al\u0131nmas\u0131 enerji verimlili\u011fi ve yenilenebilir enerjiyi \u00fclkenin enerji politikas\u0131nda \u00f6ne \u00e7\u0131karmaktad\u0131r.<\/strong><\/p>\n<p>Bu nedenle enerji verimlili\u011fini kapsayan; enerji, iklim de\u011fi\u015fikli\u011fi, yak\u0131t fakirli\u011fi, ula\u015f\u0131m gibi de\u011fi\u015fik alanlardaki bir\u00e7ok strateji ve uygulama pl\u00e2n\u0131 geli\u015ftirilmi\u015f ve uygulamaya konmu\u015f durumda. Ayr\u0131ca durum de\u011ferlendirilmesi ve politika analizleri konusunda da \u00e7ok say\u0131da dok\u00fcman haz\u0131rlanmaktad\u0131r.<\/p>\n<p>\u0130ngiltere, enerji politikas\u0131n\u0131 Beyaz Tebli\u011f10 olarak 2003 yay\u0131nlayarak y\u00fcr\u00fcrl\u00fc\u011fe soktuktan sonra, bu y\u0131l i\u00e7inde tekrar g\u00f6r\u00fc\u015fe sundu.11 Bu politikadaki \u00f6ng\u00f6r\u00fcler \u00f6zetle \u015f\u00f6yle:<\/p>\n<p>\u2022 2010 da y\u00fczde 20, 2050 y\u00fczde 60 oran\u0131nda karbon dioksitin azalt\u0131lmas\u0131<\/p>\n<p>\u2022 Enerji arz\u0131n\u0131n g\u00fcvenilirli\u011finin sa\u011flanmas\u0131<\/p>\n<p>\u2022 S\u00fcrd\u00fcr\u00fclebilir kalk\u0131nma sa\u011flanmas\u0131 ve \u00fcretimi art\u0131rarak, \u00fclke i\u00e7inde ve uluslararas\u0131 d\u00fczeyde rekabet\u00e7i enerji piyasalar\u0131n\u0131n desteklenmesi<\/p>\n<p>\u2022 T\u00fcm vatanda\u015flar\u0131n evlerinde yeterince kullanabilmeleri i\u00e7in ekonomik fiyattan enerji temin edebilmesi<\/p>\n<p>Gerek\u00e7eleri ise a\u015fa\u011f\u0131daki gibi belirtilmektedir;<\/p>\n<p>\u2022 \u0130klim de\u011fi\u015fikli\u011fi \u00e7ok cidd\u00ee etkileri olan bir konudur ve ulusal ve uluslararas\u0131 d\u00fczeyde \u00e7ok y\u00f6nl\u00fc i\u015fbirli\u011finin \u00e2cilen al\u0131nmas\u0131 gerekiyor.<\/p>\n<p>\u2022 Artan ithalat ba\u011f\u0131ml\u0131l\u0131\u011f\u0131 (yak\u0131n gelecekte net petrol ve ve do\u011falgaz ithalat\u00e7\u0131s\u0131 olacak), ve h\u0131zla artan fosil yak\u0131t fiyatlar\u0131 endi\u015fe yarat\u0131yor.<\/p>\n<p>\u2022 Ge\u00e7ti\u011fimiz \u00fc\u00e7y\u0131lda AB enerji piyasalar\u0131ndaki serbestle\u015fme hareketlerindeki ilerlemeler yeterince h\u0131zl\u0131 de\u011fildi<\/p>\n<p>\u2022 K\u00fcresel enerji pazar\u0131n\u0131n \u00e7ok az say\u0131daki \u00fclkenin ihracat\u0131na ba\u011f\u0131ml\u0131 olmas\u0131 piyasalar\u0131n duyarl\u0131\u011f\u0131n\u0131 ve enerji fiyatlar\u0131n\u0131n daha y\u00fcksek seyretmesindeki e\u011filimleri artt\u0131rmaktad\u0131r.<\/p>\n<p>\u0130ngiltere enerji ve iklim de\u011fi\u015fikli\u011fi politikas\u0131nda12 ge\u00e7mi\u015fte \u00f6nemli sonu\u00e7lar alm\u0131\u015f;<\/p>\n<p>\u2022 Kyoto hedeflerini en iyi sa\u011flayan \u00fclkelerden biri. 2008-2012\u2019de 1990 y\u0131l\u0131n\u0131n y\u00fczde 12.5 alt\u0131nda bir emisyon tahh\u00fcd\u00fc varken, bunun da \u00f6tesinde bir tahh\u00fcd\u00fc yerine getirecektir. (2010 da y\u00fczde 20)<\/p>\n<p>\u2022 1997\u2019den bu yana enerji t\u00fcketimi s\u00e2dece y\u00fczde 2 artm\u0131\u015f buna kar\u015f\u0131l\u0131k GDP y\u00fczde 21 art\u0131\u015f g\u00f6stermi\u015f<\/p>\n<p>\u2022 Yenilenebilir enerji \u00fcretiminde h\u0131zl\u0131 geli\u015fmeler var s\u00e2dece ge\u00e7en y\u0131l r\u00fczg\u00e2r enerjisine 500 MW il\u00e2ve olmu\u015f durumda. \u015eu anda y\u00fczde 5,5 olan yenilenebilir y\u00fck\u00fcml\u00fcl\u00fc\u011f\u00fc 2015\u2019de y\u00fczde 15,4\u2019de \u00e7\u0131kar\u0131lmas\u0131 programlanm\u0131\u015f, yine ula\u015f\u0131mda 2010\u2019da y\u00fczde 5 yenilenebilir pay\u0131 olacak<\/p>\n<p>\u2022 Enerji fiyatlar\u0131nda reel anlamda d\u00fc\u015f\u00fc\u015f var. \u00d6rne\u011fin evlerde kullan\u0131lan gaz\u0131n fiyat\u0131 1999 y\u0131l\u0131 seviyesinde.<\/p>\n<p>\u2022 Yak\u0131t fakiri aile say\u0131s\u0131nda d\u00fc\u015f\u00fc\u015f var.<\/p>\n<p>\u0130ngilterede iklim de\u011fi\u015fikli\u011fi ve enerji politikalar\u0131 alt\u0131nda y\u00fcr\u00fct\u00fclen enerji verimlili\u011fi faaliyetlerinin fiilen i\u00e7inde ve politika, organizasyon, b\u00fct\u00e7e ve uygulama taraf\u0131nda \u00e7ok say\u0131da kurulu\u015f bulunmaktad\u0131r. \u015eekil 3\u2019de bir fikir vermesi bak\u0131m\u0131ndan basit bir \u015fema ile bu ak\u0131\u015f genel olarak g\u00f6r\u00fclmektedir.<\/p>\n<p>Devletin bakanl\u0131klar\u0131n\u0131n d\u0131\u015f\u0131ndaki t\u00fcm organizasyon ba\u011f\u0131ms\u0131z ya \u00f6zel sekt\u00f6r veya vak\u0131f tipi sivil kurulu\u015flar ile yap\u0131lanm\u0131\u015f durumda. Ba\u015fbakan ve parlamento konu ile yak\u0131ndan al\u00e2kal\u0131 ve takip\u00e7i. Sistem g\u00f6n\u00fcll\u00fcl\u00fck prensibi ile te\u015fviklerle piyasa dinamiklerinin verimli altyap\u0131n\u0131n olu\u015fmas\u0131 i\u00e7in malzeme ve teknolojinin \u00fcretilmesi ve sat\u0131n al\u0131nmas\u0131n\u0131n sa\u011flanmas\u0131 \u00fczerine oturtulmu\u015ftur. Yerel y\u00f6netimler aktif olarak konunun i\u00e7ine \u00e7ekilmi\u015f durumda, aralar\u0131nda bilgi payla\u015f\u0131yor, b\u00f6lgelerindeki sivil toplum kurulu\u015flar\u0131 ile birlikte devletten ald\u0131klar\u0131 desteklerle halka y\u00f6nelik bir\u00e7ok faaliyet y\u00fcr\u00fct\u00fcyorlar.<\/p>\n<p>&nbsp;<\/p>\n<p>Enerji verimli\u011fi politika ve programlar\u0131 Beyaz Tebli\u011f ilke ve hedefleri ile y\u00f6nlendirilmektedir. \u0130ngiltere\u2019nin enerji verimlili\u011finde \u00e7er\u00e7eve bir yasas\u0131 yoktur. Ancak sekt\u00f6rlere y\u00f6nelik olarak \u00e7e\u015fitli mevzuat y\u00fcr\u00fcrl\u00fcktedir ve ihtiya\u00e7lara g\u00f6re ve hatta bazen de periyodik olarak s\u00fcrekli g\u00fcncellenmektedir. Bu mevzuat\u0131n uygulamalar\u0131 te\u015fviklerle desteklenmektedir.<\/p>\n<p>T\u00fcm aktiviteler; Enerji Stratejisi\u2019ndeki tahh\u00fctlerin yerine getirilmesi i\u00e7in 2004\u20132010 y\u0131llar\u0131 i\u00e7in haz\u0131rlanarak onaylanan Enerji Verimlili\u011fi Aksiyon Pl\u00e2n\u0131\u2019nda13 \u00f6ng\u00f6r\u00fclm\u00fc\u015f hedeflere ve programlara y\u00f6nelik olarak y\u00f6nlendirilmektedir.<\/p>\n<p>\u0130ngiltere\u2019de enerji tasarrufu faaliyetleri belirli sekt\u00f6rlere g\u00f6re farkl\u0131 organizasyonlar ve programlarla y\u00fcr\u00fct\u00fclmektedir. Hem potansiyelin y\u00fcksek olmas\u0131, sekt\u00f6rdeki \u00e7ok y\u00f6nl\u00fc yarar ve hedefler ve hemde bilgi ve deste\u011fe bu sekt\u00f6rde daha \u00e7ok ihtiya\u00e7 olmas\u0131 nedeniyle binalara ve dolay\u0131s\u0131 ile vatanda\u015flara y\u00f6nelik programlar \u0130ngiltere enerji verimlili\u011fi politikas\u0131nda a\u011f\u0131rl\u0131kl\u0131. Binalarda y\u0131ll\u0131k de\u011feri 14 milyar \u00a3 olan enerji t\u00fcketimi var. Enerji tasarrufu potansiyelinin y\u0131ll\u0131k 2 milyar \u00a3\u2019e kar\u015f\u0131l\u0131k geldi\u011fi hesaplan\u0131yor. Bu sekt\u00f6r\u00fcn\u00fcn 2010 y\u0131l\u0131 itibar\u0131 ile 4,2 milyon ton karbon azalt\u0131m\u0131 sa\u011flamas\u0131 \u00f6ng\u00f6r\u00fcl\u00fcyor.<\/p>\n<p>Binalarda enerji verimlili\u011fi i\u00e7in k\u0131saca HECA olarak adland\u0131r\u0131lan, Home Energy Conservation Act: Evlerde Enerji Tasarrufu Kanunu 1995 de yerel y\u00f6netimlere, kendi b\u00f6lgelerindeki evlerin daha verimli h\u00e2le getirilmesi i\u00e7in; geli\u015fmelerin izlenmesi, de\u011ferlendirilmesi ve durumun rapor edilmesi sorumlulu\u011fu getirmektedir. Bina y\u00f6netmeli\u011fi L b\u00f6l\u00fcm\u00fc 2002\u2019de yenilenmi\u015f ancak 2005\u2019te, AB Binalarda Enerji Performans\u0131 Direktifi de g\u00f6z \u00f6n\u00fcne al\u0131narak daha az enerji t\u00fcketimi i\u00e7in daha da s\u0131k\u0131\u015ft\u0131r\u0131lm\u0131\u015f \u015fartlarla tekrar g\u00fcncellenmi\u015ftir. Burda \u00f6ng\u00f6r\u00fclen yal\u0131t\u0131m, camlar\u0131n de\u011fi\u015ftirilmesi, kazanlar, ayd\u0131nlatma gibi \u00f6nlemler Bina Mevzuat\u0131 Tavsiye Komisyonu taraf\u0131ndan \u00f6nerilmektedir. AB\u2019nin elektrikli ev aletleri etiketleme ve minimum t\u00fcketim standarlar\u0131, eko etiket direktifi uyarlamalar\u0131 mevzuatla yap\u0131lm\u0131\u015ft\u0131r. 2005 y\u0131l\u0131 itibar\u0131 ile \u0130ngiltere\u2019de s\u00e2dece yo\u011fu\u015fmal\u0131 kazan kullan\u0131labilecektir.<\/p>\n<p>Bina sekt\u00f6r\u00fc enerji verimlili\u011fini artt\u0131rmak \u00fczere, en \u00e7ok dolayl\u0131 ve dolays\u0131z finansman imk\u00e2n\u0131na s\u00e2hip sekt\u00f6rd\u00fcr. Energy Saving Trust (Enerji Tasarrufu Vakf\u0131) b\u00fct\u00e7esini a\u011f\u0131rl\u0131kl\u0131 olarak devletten alan, ba\u011f\u0131ms\u0131z, fon ve dan\u0131\u015fmanl\u0131k sa\u011flayan bir kurulu\u015f. Benzer olarak, sanayii ve ticar\u00ee kurulu\u015flarla devlet kurulu\u015flar\u0131na fon ve dan\u0131\u015fmanl\u0131k sa\u011flayan Carbon Trust (Karbon Vakf\u0131) mevcuttur. Bu kurulu\u015flar birlikte \u00e7al\u0131\u015ft\u0131\u011f\u0131 bir\u00e7ok sivil organizasyonla hem projeleri desteklemekte hem de enerji tasarrufunu kendi, alanlar\u0131ndaki sekt\u00f6rlerde yayg\u0131nla\u015fmas\u0131n\u0131, devletin verdi\u011fi hedefler do\u011frultusunda ger\u00e7ekle\u015fmesini sa\u011flamaktad\u0131r. Enerji Tasarrufu Fonu yerel y\u00f6netimler i\u00e7inde \u00e7al\u0131\u015fan 52 tane enerji tasarrufu tavsiye merkezini finansman ve uzmanl\u0131k olarak desteklemektedir. Bu merkezlerin B\u00f6lgesel S\u00fcrd\u00fcr\u00fclebilir Kalk\u0131nma Merkezleri \u015feklinde daha etkin h\u00e2le getirilmesi kararla\u015ft\u0131r\u0131lm\u0131\u015ft\u0131r.<\/p>\n<p>Binalardaki en \u00f6nemli program \u201cEnergy Efficiency Commitment\u201d olarak adland\u0131r\u0131lan Enerji Verimlili\u011fi Taahh\u00fcd\u00fc (EVT), temelde devletin s\u00fcrd\u00fcr\u00fclebilir enerji politikas\u0131n\u0131n bir par\u00e7as\u0131 olarak enerji tasarrufu ile karbon azaltma program\u0131d\u0131r. \u0130lk d\u00f6nemi 2002\u20132005 aras\u0131nda mevcut evlerin enerji verimlili\u011fi artt\u0131rmak i\u00e7in uygulanm\u0131\u015f ve elde edilen sonu\u00e7lar do\u011frultusunda uzat\u0131lmas\u0131 kararla\u015ft\u0131r\u0131lm\u0131\u015ft\u0131r. Program i\u00e7in OFGEM (EPDK e\u015fde\u011feri kurulu\u015f), DEFRA (\u00c7evre G\u0131da ve K\u0131rsal \u0130\u015fler Bakanl\u0131\u011f\u0131) ile mutabakat sa\u011flayarak her bir enerji ve gaz \u015firketi i\u00e7in hedef belirliyor. Bu \u015firketler verilen hedefler do\u011frultusunda hizmet verdikleri m\u00fc\u015fterilerinin evlerinde enerji verimlili\u011fi \u00f6nlemlerini almalar\u0131n\u0131 sa\u011fl\u0131yor. Bunun i\u00e7inde gerekli masraflar\u0131n en az yar\u0131s\u0131n\u0131 s\u00fcbvanse ediyor. OFGEM taraf\u0131ndan belirlenen hedefler enerji tasarrufunun nas\u0131l sa\u011flanaca\u011f\u0131n\u0131 \u015firketlere tan\u0131mlanm\u0131yor, ancak devletin onaylad\u0131\u011f\u0131 \u00f6nlemlerin uygulanmas\u0131n\u0131 istiyor. EVT\u2019nin ekonomisi de analiz edilmi\u015f ve tespitlere g\u00f6re program\u0131n her bir m\u00fc\u015fteriye maliyeti 3,6 \u00a3, bu ise y\u0131ll\u0131k \u0131s\u0131tma faturas\u0131n\u0131n y\u00fczde 1\u2019i civar\u0131nda. Yeni d\u00f6nemde program\u0131n iki misli geni\u015fletilmesi kararla\u015ft\u0131r\u0131lm\u0131\u015ft\u0131r. Bunun gaz ve elektrik m\u00fc\u015fterilerine en fazla 9 \u00a3\u2019a mal olaca\u011f\u0131 tahmin edilmektedir. Evler i\u00e7in; Decent Home: sosyal evlerin \u0131s\u0131 yal\u0131t\u0131m\u0131 kazan de\u011fi\u015ftirilmesi gibi \u00f6nlemlerle ya\u015fanabilir hale getirilmesi, Worm Front: Yak\u0131t fakiri olan ailelerinin yine ayn\u0131 \u015fekilde daha iyi \u0131s\u0131nmalar\u0131n\u0131 sa\u011flayan program, Clear Sky: evlerdeki elektrik ihtiyac\u0131n\u0131n fotovoltaik elektrik ile elde edilmesini destekleyen program, Community Energy: Enerji Tasarrufu Fonu ve Karbon Fonu taraf\u0131ndan ortakla\u015fa y\u00f6netilen ve belirli bir toplulu\u011fun, merkez\u00ee olarak en verimli \u015fekilde \u0131s\u0131t\u0131lmas\u0131n\u0131 destekleyen program gibi bir\u00e7ok program \u00e7er\u00e7evesinde evlerdeki \u0131s\u0131 yal\u0131t\u0131m\u0131 ba\u015fta olmak \u00fczere enerji tasarrufu \u00f6nlemlerinin al\u0131nmas\u0131 verilen mali desteklerle sa\u011flanmaktad\u0131r.<\/p>\n<p>Nisan 2006\u2019da b\u00fcy\u00fck b\u00fct\u00e7eli yeni bir bina destek program\u0131 daha ba\u015flat\u0131lm\u0131\u015ft\u0131r. D\u00fc\u015f\u00fck Karbonlu Bina program\u0131 i\u00e7in 80 milyon \u00a3 ayr\u0131lm\u0131\u015ft\u0131r. Program kapsam\u0131nda binalarda enerji verimlili\u011fi ve mikrojenerasyon \u00f6nlemleri birlikte al\u0131narak \u201c0\u201d emisyonlu binalar yenilik\u00e7i yakla\u015f\u0131m ile yarat\u0131lacakt\u0131r. B\u00f6ylece gerekli malzemeyi \u00fcreten imalat\u00e7\u0131lar desteklenmi\u015f olacak ve malzemeler ucuzlayacakt\u0131r.<\/p>\n<p>Energy Efficiency Partnership: Enerji Tasarrufu Fonu deste\u011fi ile enerji \u015firketleri, ilgili kamu kurulu\u015flar\u0131, belediyeler ile bina sekt\u00f6r\u00fcndeki, \u015firketler, uygulamac\u0131lar gibi bir\u00e7ok taraf\u0131n 400 civar\u0131ndaki temsilcisinden olu\u015fmaktad\u0131r. Devletin politika hedeflerinin etkinli\u011fi bu \u015fekilde ger\u00e7ekle\u015ferek \u00e7ok geni\u015f bir toplumsal kat\u0131l\u0131m olu\u015fmaktad\u0131r. Devlet kurulu\u015flar\u0131n\u0131n da temsil edildi\u011fi y\u00f6netim kurulu ve sekt\u00f6r temsilcilerinden olu\u015fan 19 adet \u00e7al\u0131\u015fma grubu bulunmaktad\u0131r. G\u00f6n\u00fcll\u00fcl\u00fck prensibi ile faaliyet g\u00f6steren bu grup devleti, politikalar\u0131n\u0131n belirlenmesinde de y\u00f6nlendirmektedir.<\/p>\n<p>Karbon Vakf\u0131: Sanayi, ticar\u00ee sekt\u00f6re ve kamuya fon ve dan\u0131\u015fmanl\u0131k sa\u011flayarak ekonominin daha d\u00fc\u015f\u00fck karbonlu h\u00e2le gelmesini h\u0131zland\u0131rmakla g\u00f6revlidir ve b\u00fct\u00e7esini devletten alan ba\u011f\u0131ms\u0131z bir kurulu\u015ftur. Sanayi ve i\u015f \u00e7evreleri ile kamu kurulu\u015flar\u0131na bu konudaki teknolojiyi tan\u0131tarak bilgilendirme yapmakta ve bu kurulu\u015flar\u0131n rekabet edebilirliklerine katk\u0131 sa\u011flamaktad\u0131r. Vak\u0131f baz\u0131 alt programlar\u0131 ve bu programlar\u0131 y\u00fcr\u00fcten sivil kurulu\u015flar\u0131 finansman ve bilgi olarak desteklemektedir. Action Energy program\u0131 kanal\u0131 ile hedef sekt\u00f6rlerdeki kurulu\u015flar\u0131 devletin d\u00fc\u015f\u00fck karbon ekonomisi konusundaki politika ve mevzuat\u0131n\u0131 \u00f6\u011frenmesi ve uygulamas\u0131 i\u00e7in bilgilendirmektedir. Karbon Vakf\u0131, enerji verimlili\u011fi sa\u011flayan teknoloji ve cihazlar\u0131n yerald\u0131\u011f\u0131 bir listeyi haz\u0131l\u0131yarak y\u00f6netmektedir. Devletin h\u0131zland\u0131r\u0131lm\u0131\u015f amortisman uygulad\u0131\u011f\u0131 enerji verimlili\u011fi yat\u0131r\u0131mlar\u0131 ile ilgili bilgiyi uygulamac\u0131lar i\u00e7in duyurmaktad\u0131r. M\u00e2l\u00ee te\u015fvikler 15 ayr\u0131 kategoride 13000 farkl\u0131 \u00fcr\u00fcn ve i\u015flem i\u00e7in kullan\u0131labilmektedir. \u015eirketlerinde karbon y\u00f6netimi uygulamak isteyen firmalara tavsiyede bulunmakta ve onlar\u0131 y\u00f6nlendirmektedir. Karbon Vakf\u0131, enerji verimlili\u011fi, yenilenebilir enerji, karbon tutma gibi d\u00fc\u015f\u00fck karbon teknolojilerinin desteklenmesi ve bu \u015fekilde pazara en h\u0131zl\u0131 \u015fekilde \u00e7\u0131kar\u0131lmas\u0131 amac\u0131yla; Karbon Vizyon, Teknoloji Ar-Ge ve Demontrasyon Program\u0131, Teknoloji H\u0131zland\u0131rma Projeleri, \u0130ncubator Program\u0131 olarak \u00fc\u00e7 ayr\u0131 program y\u00fcr\u00fctmektedir. Bu programlar i\u00e7in milyon \u00a3\u2019lar seviyelerinde b\u00fct\u00e7eler ayr\u0131lmaktad\u0131r.<\/p>\n<p>G\u00f6r\u00fcld\u00fc\u011f\u00fc gibi cidd\u00ee olarak enerji verimlili\u011finin g\u00f6z \u00f6n\u00fcne al\u0131nmas\u0131 ancak her d\u00fczeyde \u00f6nlem ve te\u015fviklerle m\u00fcmk\u00fcn. Devletin bir konuda \u201cpolitikam var\u201d sav\u0131, ancak ay\u0131rd\u0131\u011f\u0131 fon ve faaliyetlere kat\u0131lan kurulu\u015flar\u0131n say\u0131sal seviyesi ile kan\u0131tlanabilir. \u0130ngiltere bu a\u00e7\u0131dan de\u011ferlendirildi\u011finde \u201cevet \u0130ngiltere\u2019de ger\u00e7ekten etkin bir enerji tassarufu politikas\u0131 var\u201d denebilir.<\/p>\n<p>Kaynak: <a href=\"http:\/\/enerji2023.org\/index.php?option=com_content&amp;view=article&amp;id=101:enerj-vermll&amp;catid=7:goerueler&amp;Itemid=18\" target=\"_blank\">Enerji2013<\/a><\/p>","protected":false},"excerpt":{"rendered":"<p>Sorry, this entry is only available in Turkish. For the sake of viewer convenience, the content is shown below in the alternative language. You may click the link to switch the active language.Birle\u015fik Krall\u0131k\u2013\u0130ngiltere enerji ve iklim politikas\u0131, \u00fclkenin en en \u00f6nemli politikalar\u0131n\u0131n ba\u015f\u0131nda geliyor. \u00dclkede yay\u0131nlanan enerji sekt\u00f6r\u00fc ile ilgili d\u00f6k\u00fcmanlar enerji miktar\u0131 ile [&hellip;]<\/p>\n","protected":false},"author":1,"featured_media":3807,"comment_status":"open","ping_status":"open","sticky":false,"template":"","format":"standard","meta":[],"categories":[53,52],"tags":[12,1092],"views":2012,"_links":{"self":[{"href":"https:\/\/www.enerjigazetesi.ist\/en\/wp-json\/wp\/v2\/posts\/3806"}],"collection":[{"href":"https:\/\/www.enerjigazetesi.ist\/en\/wp-json\/wp\/v2\/posts"}],"about":[{"href":"https:\/\/www.enerjigazetesi.ist\/en\/wp-json\/wp\/v2\/types\/post"}],"author":[{"embeddable":true,"href":"https:\/\/www.enerjigazetesi.ist\/en\/wp-json\/wp\/v2\/users\/1"}],"replies":[{"embeddable":true,"href":"https:\/\/www.enerjigazetesi.ist\/en\/wp-json\/wp\/v2\/comments?post=3806"}],"version-history":[{"count":3,"href":"https:\/\/www.enerjigazetesi.ist\/en\/wp-json\/wp\/v2\/posts\/3806\/revisions"}],"predecessor-version":[{"id":3810,"href":"https:\/\/www.enerjigazetesi.ist\/en\/wp-json\/wp\/v2\/posts\/3806\/revisions\/3810"}],"wp:featuredmedia":[{"embeddable":true,"href":"https:\/\/www.enerjigazetesi.ist\/en\/wp-json\/wp\/v2\/media\/3807"}],"wp:attachment":[{"href":"https:\/\/www.enerjigazetesi.ist\/en\/wp-json\/wp\/v2\/media?parent=3806"}],"wp:term":[{"taxonomy":"category","embeddable":true,"href":"https:\/\/www.enerjigazetesi.ist\/en\/wp-json\/wp\/v2\/categories?post=3806"},{"taxonomy":"post_tag","embeddable":true,"href":"https:\/\/www.enerjigazetesi.ist\/en\/wp-json\/wp\/v2\/tags?post=3806"}],"curies":[{"name":"wp","href":"https:\/\/api.w.org\/{rel}","templated":true}]}}