{"id":38055,"date":"2015-04-09T11:55:52","date_gmt":"2015-04-09T08:55:52","guid":{"rendered":"https:\/\/www.enerjigazetesi.ist\/?p=38055"},"modified":"2015-04-09T11:55:52","modified_gmt":"2015-04-09T08:55:52","slug":"2015te-gunes-elektrigi-gucu-545-gw-artacak","status":"publish","type":"post","link":"https:\/\/www.enerjigazetesi.ist\/en\/2015te-gunes-elektrigi-gucu-545-gw-artacak\/","title":{"rendered":"(Turkish) 2015\u2019te G\u00fcne\u015f Elektri\u011fi G\u00fcc\u00fc 54,5 GW Artacak!"},"content":{"rendered":"<p class=\"qtranxs-available-languages-message qtranxs-available-languages-message-en\">Sorry, this entry is only available in <a href=\"https:\/\/www.enerjigazetesi.ist\/tr\/wp-json\/wp\/v2\/posts\/38055\" class=\"qtranxs-available-language-link qtranxs-available-language-link-tr\" title=\"Turkish\">Turkish<\/a>. For the sake of viewer convenience, the content is shown below in the alternative language. You may click the link to switch the active language.<\/p><p><\/p>\n<p style=\"color: #444444;\"><strong>2015 y\u0131l\u0131nda k\u00fcresel \u00f6l\u00e7ekteki g\u00fcne\u015f elektri\u011fi kurulu g\u00fcc\u00fcn\u00fcn 54,5 GW artaca\u011f\u0131 \u00f6ng\u00f6r\u00fcld\u00fc. ABD, Teksas merkezli dan\u0131\u015fmanl\u0131k ve ileti\u015fim kurulu\u015fu Mercom Capital taraf\u0131ndan yap\u0131lan a\u00e7\u0131klamada \u00c7in, Japonya ve ABD pazarlar\u0131n\u0131n 2014\u2019e benzer \u015fekilde bu y\u0131l da en h\u0131zl\u0131 b\u00fcy\u00fcyen pazarlar olaca\u011f\u0131, buna kar\u015f\u0131l\u0131k Avrupa pazar\u0131ndaki yava\u015flama e\u011filiminin de devam edece\u011fi ifade edildi.<\/strong><\/p>\n<p style=\"color: #444444;\">\u00c7in\u2019in 2013\u2019te ger\u00e7ekle\u015fen kurulum rakamlar\u0131n\u0131 daha \u00f6nce a\u00e7\u0131klanan 12,9 GW\u2019dan 10,95 GW\u2019a geriletti\u011fi ve \u00fclkenin 2014 y\u0131l\u0131 hedefi olan 13 GW\u2019l\u0131k kurulum rakam\u0131na ula\u015famayarak 10,6 GW seviyesinde kald\u0131\u011f\u0131 hat\u0131rlat\u0131ld\u0131.<a href=\"https:\/\/www.enerjigazetesi.ist\/wp-content\/uploads\/2015\/04\/2015te-gunes-elektrigi-gucu-545-gw-artacak.jpg\"><img loading=\"lazy\" class=\"alignleft wp-image-38056 size-medium\" src=\"https:\/\/www.enerjigazetesi.ist\/wp-content\/uploads\/2015\/04\/2015te-gunes-elektrigi-gucu-545-gw-artacak-300x163.jpg\" alt=\"2015te-gunes-elektrigi-gucu-545-gw-artacak\" width=\"300\" height=\"163\" srcset=\"https:\/\/www.enerjigazetesi.ist\/wp-content\/uploads\/2015\/04\/2015te-gunes-elektrigi-gucu-545-gw-artacak-300x163.jpg 300w, https:\/\/www.enerjigazetesi.ist\/wp-content\/uploads\/2015\/04\/2015te-gunes-elektrigi-gucu-545-gw-artacak-80x43.jpg 80w, https:\/\/www.enerjigazetesi.ist\/wp-content\/uploads\/2015\/04\/2015te-gunes-elektrigi-gucu-545-gw-artacak.jpg 460w\" sizes=\"(max-width: 300px) 100vw, 300px\" \/><\/a><\/p>\n<p style=\"color: #444444;\">Kurulu\u015f \u00c7in Ulusal Enerji \u0130daresi taraf\u0131ndan yak\u0131n zaman \u00f6nce a\u00e7\u0131klanan 17,8 GW\u2019l\u0131k hedefi ise olduk\u00e7a agresif olarak nitelendi.<\/p>\n<p style=\"color: #444444;\">Mercom Capital yak\u0131n zaman \u00f6nce 10 kW \u00fczeri kurulumlar i\u00e7in y\u00fczde 16 oran\u0131nda geriletilen al\u0131m fiyatlar\u0131na ra\u011fmen, Japonya pazar\u0131n\u0131n 2015 y\u0131l\u0131n\u0131 da g\u00fc\u00e7l\u00fc \u015fekilde ge\u00e7irece\u011fi ve \u00fclkenin g\u00fcne\u015f elektri\u011fi g\u00fcc\u00fcn\u00fcn bu y\u0131l 9 GW\u2019\u0131n \u00fczerinde artaca\u011f\u0131n\u0131 \u00f6ng\u00f6r\u00fcyor.<\/p>\n<p style=\"color: #444444;\">2016 y\u0131l\u0131 sonunda g\u00fcne\u015f elektri\u011fi yat\u0131r\u0131mlar\u0131 i\u00e7in sa\u011flanan vergi te\u015fvi\u011finin (Investment Tax Credit) s\u00fcresinin dolacak olmas\u0131 ise ge\u00e7en y\u0131l 8,5 GW\u2019l\u0131k kurulum ger\u00e7ekle\u015fen ABD pazar\u0131n\u0131n bu y\u0131l g\u00fc\u00e7l\u00fc bir talep art\u0131\u015f\u0131n\u0131 sa\u011flanacak.<\/p>\n<p style=\"color: #444444;\">Halen d\u00fcnyan\u0131n en b\u00fcy\u00fck g\u00fcne\u015f elektri\u011fi paneli pazarlar\u0131ndan olsa da, ge\u00e7en y\u0131l kurulu g\u00fc\u00e7 art\u0131\u015f\u0131n\u0131n 1,9 GW\u2019a geriledi\u011fi Almanya pazar\u0131 2015 y\u0131l\u0131nda da benzer bir kurulum rakam\u0131n\u0131n g\u00f6r\u00fcld\u00fc\u011f\u00fc y\u0131l olacak.<\/p>\n<p style=\"color: #444444;\">Kaynak: <a href=\"http:\/\/www.yesilekonomi.com\/gunes-elektrigi\/2015te-gunes-elektrigi-gucu-545-gw-artacak\" target=\"_blank\" rel=\"nofollow\">Ye\u015fil Ekonomi<\/a><\/p>\n<p><\/p>","protected":false},"excerpt":{"rendered":"<p>Sorry, this entry is only available in Turkish. For the sake of viewer convenience, the content is shown below in the alternative language. You may click the link to switch the active language. 2015 y\u0131l\u0131nda k\u00fcresel \u00f6l\u00e7ekteki g\u00fcne\u015f elektri\u011fi kurulu g\u00fcc\u00fcn\u00fcn 54,5 GW artaca\u011f\u0131 \u00f6ng\u00f6r\u00fcld\u00fc. ABD, Teksas merkezli dan\u0131\u015fmanl\u0131k ve ileti\u015fim kurulu\u015fu Mercom Capital taraf\u0131ndan [&hellip;]<\/p>\n","protected":false},"author":1,"featured_media":38056,"comment_status":"open","ping_status":"open","sticky":false,"template":"","format":"standard","meta":[],"categories":[53,49],"tags":[63,67,1009,2698,165,227,13,22319],"views":632,"_links":{"self":[{"href":"https:\/\/www.enerjigazetesi.ist\/en\/wp-json\/wp\/v2\/posts\/38055"}],"collection":[{"href":"https:\/\/www.enerjigazetesi.ist\/en\/wp-json\/wp\/v2\/posts"}],"about":[{"href":"https:\/\/www.enerjigazetesi.ist\/en\/wp-json\/wp\/v2\/types\/post"}],"author":[{"embeddable":true,"href":"https:\/\/www.enerjigazetesi.ist\/en\/wp-json\/wp\/v2\/users\/1"}],"replies":[{"embeddable":true,"href":"https:\/\/www.enerjigazetesi.ist\/en\/wp-json\/wp\/v2\/comments?post=38055"}],"version-history":[{"count":1,"href":"https:\/\/www.enerjigazetesi.ist\/en\/wp-json\/wp\/v2\/posts\/38055\/revisions"}],"predecessor-version":[{"id":38057,"href":"https:\/\/www.enerjigazetesi.ist\/en\/wp-json\/wp\/v2\/posts\/38055\/revisions\/38057"}],"wp:featuredmedia":[{"embeddable":true,"href":"https:\/\/www.enerjigazetesi.ist\/en\/wp-json\/wp\/v2\/media\/38056"}],"wp:attachment":[{"href":"https:\/\/www.enerjigazetesi.ist\/en\/wp-json\/wp\/v2\/media?parent=38055"}],"wp:term":[{"taxonomy":"category","embeddable":true,"href":"https:\/\/www.enerjigazetesi.ist\/en\/wp-json\/wp\/v2\/categories?post=38055"},{"taxonomy":"post_tag","embeddable":true,"href":"https:\/\/www.enerjigazetesi.ist\/en\/wp-json\/wp\/v2\/tags?post=38055"}],"curies":[{"name":"wp","href":"https:\/\/api.w.org\/{rel}","templated":true}]}}