{"id":38018,"date":"2015-04-08T11:40:06","date_gmt":"2015-04-08T08:40:06","guid":{"rendered":"https:\/\/www.enerjigazetesi.ist\/?p=38018"},"modified":"2015-04-08T11:40:06","modified_gmt":"2015-04-08T08:40:06","slug":"elektrigin-maliyetini-dusurmek-cabasiyla-asiri-risk-alindi","status":"publish","type":"post","link":"https:\/\/www.enerjigazetesi.ist\/en\/elektrigin-maliyetini-dusurmek-cabasiyla-asiri-risk-alindi\/","title":{"rendered":"(Turkish) Elektri\u011fin Maliyetini D\u00fc\u015f\u00fcrmek \u00c7abas\u0131yla A\u015f\u0131r\u0131 Risk Al\u0131nd\u0131&#8230;"},"content":{"rendered":"<p class=\"qtranxs-available-languages-message qtranxs-available-languages-message-en\">Sorry, this entry is only available in <a href=\"https:\/\/www.enerjigazetesi.ist\/tr\/wp-json\/wp\/v2\/posts\/38018\" class=\"qtranxs-available-language-link qtranxs-available-language-link-tr\" title=\"Turkish\">Turkish<\/a>. For the sake of viewer convenience, the content is shown below in the alternative language. You may click the link to switch the active language.<\/p><p><strong>T\u00fcrkiye\u2019nin d\u00f6rt bir yan\u0131nda ya\u015fanan elektrik kesintinin ard\u0131ndan istifa eden TE\u0130A\u015e Genel M\u00fcd\u00fcr\u00fc Kemal Y\u0131ld\u0131r, kesintide, devletin ucuz elektrik alma \u00e7abas\u0131n\u0131n etkili oldu\u011funu s\u00f6yledi. Y\u0131ld\u0131r\u2019a g\u00f6re, ucuz elektrik al\u0131nan do\u011fudaki santraller devred\u0131\u015f\u0131 kal\u0131nca m\u00fcfetti\u015f korkusuyla bat\u0131dan elektrik almak yerine \u2018d\u00fczelir\u2019 diye yar\u0131m saat beklenmi\u015f.\u00a0<\/strong><span id=\"more-71033\"><\/span><\/p>\n<p>Y\u0131ld\u0131r Milliyet\u2019e yapt\u0131\u011f\u0131 a\u00e7\u0131klamada, do\u011fudaki y\u00fck\u00fc bat\u0131ya ta\u015f\u0131mak zorunda olan g\u00f6revlilerin, bunu yapmayarak a\u015f\u0131r\u0131 risk ald\u0131\u011f\u0131n\u0131 s\u00f6yledi. Do\u011fudaki hidroelektrik santrallerden 4500 \u2013 5 bin megavat\u0131n bat\u0131ya ta\u015f\u0131nd\u0131\u011f\u0131n\u0131 belirten Y\u0131ld\u0131r, do\u011fud<a href=\"https:\/\/www.enerjigazetesi.ist\/wp-content\/uploads\/2015\/04\/elektrigin-maliyetini-dusurmek-cabasiyla-asiri-risk-alindi.jpg\"><img loading=\"lazy\" class=\"alignright size-medium wp-image-38019\" src=\"https:\/\/www.enerjigazetesi.ist\/wp-content\/uploads\/2015\/04\/elektrigin-maliyetini-dusurmek-cabasiyla-asiri-risk-alindi-300x189.jpg\" alt=\"elektrigin-maliyetini-dusurmek-cabasiyla-asiri-risk-alindi\" width=\"300\" height=\"189\" srcset=\"https:\/\/www.enerjigazetesi.ist\/wp-content\/uploads\/2015\/04\/elektrigin-maliyetini-dusurmek-cabasiyla-asiri-risk-alindi-300x189.jpg 300w, https:\/\/www.enerjigazetesi.ist\/wp-content\/uploads\/2015\/04\/elektrigin-maliyetini-dusurmek-cabasiyla-asiri-risk-alindi-500x316.jpg 500w, https:\/\/www.enerjigazetesi.ist\/wp-content\/uploads\/2015\/04\/elektrigin-maliyetini-dusurmek-cabasiyla-asiri-risk-alindi-80x50.jpg 80w, https:\/\/www.enerjigazetesi.ist\/wp-content\/uploads\/2015\/04\/elektrigin-maliyetini-dusurmek-cabasiyla-asiri-risk-alindi.jpg 750w\" sizes=\"(max-width: 300px) 100vw, 300px\" \/><\/a>aki santrallerden al\u0131nan elektri\u011fin bat\u0131dan al\u0131nan elektrikten ucuz oldu\u011funu ifade ederek, \u201cM\u00fcfetti\u015f korkusu da etkili olmu\u015f. \u00c7\u00fcnk\u00fc \u2018neden y\u00fcksek fiyatl\u0131y\u0131 ald\u0131n\u0131z\u2019 diye sorarlar. Onlar da \u2018nas\u0131lsa sorun d\u00fczelir\u2019 diye yar\u0131m saat beklemi\u015fler. Halbuki bat\u0131dakinin devreye girmesi laz\u0131md\u0131. \u015eimdi tak\u0131r tak\u0131r devreye al\u0131yorlar. Do\u011fudan bat\u0131ya g\u00f6nderilmesiyle a\u015f\u0131r\u0131 risk al\u0131nm\u0131\u015f. Hidrolik k\u00f6kenli santraller do\u011fuda. Kimin santrali ucuz teklif verirse onu al\u0131yorsunuz\u201d dedi.<\/p>\n<p>Elektrik altyap\u0131s\u0131nda sorun g\u00f6rmediklerini belirten Y\u0131ld\u0131r, \u201cB\u00fct\u00fcn sistemi etkileyen bir sal\u0131n\u0131m olunca be\u015fik gibi sallan\u0131r\u201d diye konu\u015ftu. Y\u0131ld\u0131r, \u201c\u0130stifa kendi tasarrufunuz mu yoksa telkin geldi mi\u201d sorusunu, \u201c\u0130kisini de s\u00f6yleyebiliriz\u201d diye yan\u0131tlad\u0131.<\/p>\n<p>M\u00fcfetti\u015flerin, \u201celektrik al\u0131m\u0131nda HES\u2019leri (hidroelektrik santralleri) tercih edin\u201d telkininin ard\u0131nda \u00f6nemli fiyat farklar\u0131 yat\u0131yor. Y\u00fczde 55\u2019i kamuda olan HES\u2019ler, di\u011fer t\u00fcr santrallerden \u00e7ok ucuza elektrik \u00fcretiyor. \u00dcretim kaynaklar\u0131na g\u00f6re ortalama sat\u0131\u015f fiyatlar\u0131 \u015f\u00f6yle:<\/p>\n<p>* HES \u2013 1.49 kuru\u015f\/KWs<\/p>\n<p>* K\u00f6m\u00fcrl\u00fc santral \u2013 13.12 kuru\u015f\/KWs<\/p>\n<p>* Do\u011falgazl\u0131 santral \u2013 15.12 kuru\u015f\/Kws<\/p>\n<p>Enerji Bakan\u0131 Taner Y\u0131ld\u0131z, yaz d\u00f6nemi girmeden gerek iyile\u015ftirmeler, yenilemeler, kapasite artt\u0131r\u0131m\u0131 ve yeni devreye girecek santrallerin ba\u011flant\u0131 hatlar\u0131 \u00e7al\u0131\u015fmalar\u0131 sebebiyle T\u00fcrkiye\u2019nin do\u011fusunu bat\u0131s\u0131na ba\u011flayan b\u00fct\u00fcn bu eksende 5 iletim hatt\u0131n\u0131n devre d\u0131\u015f\u0131 kald\u0131\u011f\u0131n\u0131 belirterek, pek \u00e7ok olumsuzlu\u011fun k\u0131sa s\u00fcrede \u00fcst \u00fcste gelmesiyle kesinti ya\u015fad\u0131\u011f\u0131n\u0131 s\u00f6yledi. Y\u0131ld\u0131z, \u015funlar\u0131 kaydetti:<\/p>\n<p>\u201cSaniyeler mertebesinde, hatta mikro saniyeler mertebesindeki hatlardaki sal\u0131n\u0131mlar\u0131n b\u00f6yle bir konuya yol a\u00e7t\u0131\u011f\u0131n\u0131 g\u00f6rd\u00fck. Do\u011fudan bat\u0131ya gelen hatlar\u0131m\u0131z\u0131n y\u00fck\u00fc, bu devre d\u0131\u015f\u0131 kalan hatlardan sonra kalan hatlar\u0131m\u0131z\u0131n \u00fczerinde \u00e7ok daha fazla yo\u011funla\u015ft\u0131. Dolay\u0131s\u0131yla do\u011fu ile bat\u0131n\u0131n ba\u011flant\u0131s\u0131 bir y\u00f6nde kopmu\u015f oluyor. Do\u011fu b\u00f6lgesindeki \u00fcretim fazlal\u0131\u011f\u0131na ba\u011fl\u0131 y\u00fcksek frekans, bat\u0131 b\u00f6lgesinde de t\u00fcketim fazlal\u0131\u011f\u0131na ba\u011fl\u0131 d\u00fc\u015f\u00fck frekans nedeniyle gerek \u00fcretim santralleri, gerekse iletimdeki hatlar toplam 12 saniye i\u00e7erisinde birbirini tetikleyerek en son bulundu\u011fumuz noktaya ula\u015f\u0131yor.\u201d<\/p>\n<p>Sisteme d\u0131\u015far\u0131dan bir m\u00fcdahale olup olmad\u0131\u011f\u0131n\u0131 da ara\u015ft\u0131rd\u0131klar\u0131n\u0131 belirten Y\u0131ld\u0131z, TE\u0130A\u015e ve di\u011fer kurumlarla ilgili \u201ci\u015fletim hatas\u0131\u201d ve \u201ca\u015f\u0131r\u0131 risk al\u0131nd\u0131\u011f\u0131\u201d tespitlerinde bulunduklar\u0131n\u0131 s\u00f6yledi. Y\u0131ld\u0131z, \u201cKendisini bu i\u015fte sorumlu g\u00f6ren TE\u0130A\u015e Genel M\u00fcd\u00fcr\u00fcm\u00fcz Say\u0131n Kemal Y\u0131ld\u0131r da g\u00f6revinden istifa etmi\u015f bulunuyor. Di\u011fer y\u00fck tevzi daire ba\u015fkanl\u0131\u011f\u0131 ve bilgi i\u015flem daire ba\u015fkanl\u0131\u011f\u0131yla alakal\u0131 da arkada\u015flar\u0131m\u0131z a\u00e7\u0131\u011fa al\u0131nm\u0131\u015flard\u0131r\u201d dedi.<\/p>\n<p><strong>Y\u0131ld\u0131r\u2019\u0131n elektrik kesintisi konusunda\u00a0a\u00e7\u0131klamalar\u0131:<\/strong><\/p>\n<p><iframe loading=\"lazy\" src=\"https:\/\/www.youtube.com\/embed\/RFOSUCaU_Mk\" width=\"560\" height=\"315\" frameborder=\"0\" allowfullscreen=\"allowfullscreen\"><\/iframe><br \/>\nKaynak: Enerji Enstit\u00fcs\u00fc<\/p>","protected":false},"excerpt":{"rendered":"<p>Sorry, this entry is only available in Turkish. For the sake of viewer convenience, the content is shown below in the alternative language. You may click the link to switch the active language.T\u00fcrkiye\u2019nin d\u00f6rt bir yan\u0131nda ya\u015fanan elektrik kesintinin ard\u0131ndan istifa eden TE\u0130A\u015e Genel M\u00fcd\u00fcr\u00fc Kemal Y\u0131ld\u0131r, kesintide, devletin ucuz elektrik alma \u00e7abas\u0131n\u0131n etkili oldu\u011funu [&hellip;]<\/p>\n","protected":false},"author":1,"featured_media":38019,"comment_status":"open","ping_status":"open","sticky":false,"template":"","format":"standard","meta":[],"categories":[51,53],"tags":[22173,63,67,1009,2698,165,22170,10542,22174,22175,22176,22298,22299,22300],"views":995,"_links":{"self":[{"href":"https:\/\/www.enerjigazetesi.ist\/en\/wp-json\/wp\/v2\/posts\/38018"}],"collection":[{"href":"https:\/\/www.enerjigazetesi.ist\/en\/wp-json\/wp\/v2\/posts"}],"about":[{"href":"https:\/\/www.enerjigazetesi.ist\/en\/wp-json\/wp\/v2\/types\/post"}],"author":[{"embeddable":true,"href":"https:\/\/www.enerjigazetesi.ist\/en\/wp-json\/wp\/v2\/users\/1"}],"replies":[{"embeddable":true,"href":"https:\/\/www.enerjigazetesi.ist\/en\/wp-json\/wp\/v2\/comments?post=38018"}],"version-history":[{"count":1,"href":"https:\/\/www.enerjigazetesi.ist\/en\/wp-json\/wp\/v2\/posts\/38018\/revisions"}],"predecessor-version":[{"id":38020,"href":"https:\/\/www.enerjigazetesi.ist\/en\/wp-json\/wp\/v2\/posts\/38018\/revisions\/38020"}],"wp:featuredmedia":[{"embeddable":true,"href":"https:\/\/www.enerjigazetesi.ist\/en\/wp-json\/wp\/v2\/media\/38019"}],"wp:attachment":[{"href":"https:\/\/www.enerjigazetesi.ist\/en\/wp-json\/wp\/v2\/media?parent=38018"}],"wp:term":[{"taxonomy":"category","embeddable":true,"href":"https:\/\/www.enerjigazetesi.ist\/en\/wp-json\/wp\/v2\/categories?post=38018"},{"taxonomy":"post_tag","embeddable":true,"href":"https:\/\/www.enerjigazetesi.ist\/en\/wp-json\/wp\/v2\/tags?post=38018"}],"curies":[{"name":"wp","href":"https:\/\/api.w.org\/{rel}","templated":true}]}}