{"id":37999,"date":"2015-04-07T16:16:45","date_gmt":"2015-04-07T13:16:45","guid":{"rendered":"https:\/\/www.enerjigazetesi.ist\/?p=37999"},"modified":"2015-04-07T16:16:45","modified_gmt":"2015-04-07T13:16:45","slug":"dusuk-karbon-salimi-icin-yenilenebilir-enerji-yatirimlari-artmali","status":"publish","type":"post","link":"https:\/\/www.enerjigazetesi.ist\/en\/dusuk-karbon-salimi-icin-yenilenebilir-enerji-yatirimlari-artmali\/","title":{"rendered":"(Turkish) D\u00fc\u015f\u00fck Karbon Sal\u0131m\u0131 \u0130\u00e7in Yenilenebilir Enerji Yat\u0131r\u0131mlar\u0131 Artmal\u0131&#8230;"},"content":{"rendered":"<p class=\"qtranxs-available-languages-message qtranxs-available-languages-message-en\">Sorry, this entry is only available in <a href=\"https:\/\/www.enerjigazetesi.ist\/tr\/wp-json\/wp\/v2\/posts\/37999\" class=\"qtranxs-available-language-link qtranxs-available-language-link-tr\" title=\"Turkish\">Turkish<\/a>. For the sake of viewer convenience, the content is shown below in the alternative language. You may click the link to switch the active language.<\/p><p><strong>ISO Y\u00f6netim Kurulu \u00dcyesi Mehmet Ata Ceylan, sanayinin rekabet g\u00fcc\u00fcn\u00fc kaybetmemesi i\u00e7in yenilenebilir enerji yat\u0131r\u0131mlar\u0131n\u0131n b\u00fcy\u00fck \u00f6nem ta\u015f\u0131d\u0131\u011f\u0131n\u0131 ifade etti.<\/strong><\/p>\n<p>\u0130stanbul Karbon Zirvesi`nde konu\u015fan \u0130SO Y\u00f6netim Kurulu \u00dcyesi Mehmet Ata Ceylan,iklim de\u011fi\u015fikli\u011fi sorununa <a href=\"https:\/\/www.enerjigazetesi.ist\/wp-content\/uploads\/2015\/04\/dusuk-karbon-salimi-icin-yenilenebilir-enerji-yatirimlari-artmali.jpg\"><img loading=\"lazy\" class=\"alignleft wp-image-38000\" src=\"https:\/\/www.enerjigazetesi.ist\/wp-content\/uploads\/2015\/04\/dusuk-karbon-salimi-icin-yenilenebilir-enerji-yatirimlari-artmali-300x300.jpg\" alt=\"dusuk-karbon-salimi-icin-yenilenebilir-enerji-yatirimlari-artmali\" width=\"300\" height=\"205\" \/><\/a>t\u00fcm \u00fclkelerin \u00e7\u00f6z\u00fcm aramas\u0131 gerekti\u011fini ifade ederek, d\u00fc\u015f\u00fck karbon sal\u0131m\u0131 i\u00e7in g\u00fc\u00e7l\u00fc politikalar\u0131 hayata ge\u00e7irmemiz gerekti\u011fini kaydetti.<\/p>\n<p>Ceylan, &#8220;Sanayinin rekabet g\u00fcc\u00fcn\u00fc kaybetmemesi ad\u0131na bu s\u00fcre\u00e7te yenilenebilir enerjinin ekonomik desteklerle desteklenmesi \u00fclkemiz a\u00e7\u0131s\u0131ndan b\u00fcy\u00fck kazan\u00e7 sa\u011flayacakt\u0131r. Enerji ihtiyac\u0131m\u0131z\u0131 s\u00fcrd\u00fcr\u00fclebilir ve \u00e7evreyle dost \u015fekilde kar\u015f\u0131lamam\u0131z gerekiyor. Yenilenebilir enerjiyat\u0131r\u0131mlar\u0131n\u0131n art\u0131r\u0131lmas\u0131 ve ayn\u0131 zamanda \u00fcretim ve t\u00fcketim al\u0131\u015fkanl\u0131klar\u0131nda topyek\u00fcn de\u011fi\u015fime gitmemiz gerekmektedir. \u0130SO da bu konuda her t\u00fcrl\u00fc deste\u011fi vermeye haz\u0131rd\u0131r&#8221; diye konu\u015ftu.<\/p>\n<p>Enerji ihtiyac\u0131n\u0131 kar\u015f\u0131lamada halen k\u00f6m\u00fcr, petrol ve gaz\u0131n y\u00fczde 80 gibi \u00f6nemli pay\u0131 oldu\u011funu vurgulayan Ceylan, &#8220;Fosil yak\u0131tlar\u0131n gelecekte de ana yak\u0131t kayna\u011f\u0131 olmas\u0131 \u00f6ng\u00f6r\u00fcl\u00fcyor. \u0130SO olarak 2013-2016 yerli ve yenilebilir enerji pay\u0131n\u0131n art\u0131r\u0131lmas\u0131 konusunda \u00e7al\u0131\u015fmalar\u0131m\u0131z var&#8221; dedi.<\/p>\n<p>Kaynak: <a href=\"http:\/\/enerjigunlugu.net\/dusuk-karbon-salimi-icin-yenilenebilir-enerji-yati_13044.html#.VSPc5dysUuw\" target=\"_blank\" rel=\"nofollow\">Enerji G\u00fcnl\u00fc\u011f\u00fc<\/a><\/p>","protected":false},"excerpt":{"rendered":"<p>Sorry, this entry is only available in Turkish. For the sake of viewer convenience, the content is shown below in the alternative language. You may click the link to switch the active language.ISO Y\u00f6netim Kurulu \u00dcyesi Mehmet Ata Ceylan, sanayinin rekabet g\u00fcc\u00fcn\u00fc kaybetmemesi i\u00e7in yenilenebilir enerji yat\u0131r\u0131mlar\u0131n\u0131n b\u00fcy\u00fck \u00f6nem ta\u015f\u0131d\u0131\u011f\u0131n\u0131 ifade etti. \u0130stanbul Karbon Zirvesi`nde [&hellip;]<\/p>\n","protected":false},"author":1,"featured_media":38000,"comment_status":"open","ping_status":"open","sticky":false,"template":"","format":"standard","meta":[],"categories":[53],"tags":[63,67,1009,2698,165,227,13,1999,22289,10846,1286,105],"views":703,"_links":{"self":[{"href":"https:\/\/www.enerjigazetesi.ist\/en\/wp-json\/wp\/v2\/posts\/37999"}],"collection":[{"href":"https:\/\/www.enerjigazetesi.ist\/en\/wp-json\/wp\/v2\/posts"}],"about":[{"href":"https:\/\/www.enerjigazetesi.ist\/en\/wp-json\/wp\/v2\/types\/post"}],"author":[{"embeddable":true,"href":"https:\/\/www.enerjigazetesi.ist\/en\/wp-json\/wp\/v2\/users\/1"}],"replies":[{"embeddable":true,"href":"https:\/\/www.enerjigazetesi.ist\/en\/wp-json\/wp\/v2\/comments?post=37999"}],"version-history":[{"count":1,"href":"https:\/\/www.enerjigazetesi.ist\/en\/wp-json\/wp\/v2\/posts\/37999\/revisions"}],"predecessor-version":[{"id":38001,"href":"https:\/\/www.enerjigazetesi.ist\/en\/wp-json\/wp\/v2\/posts\/37999\/revisions\/38001"}],"wp:featuredmedia":[{"embeddable":true,"href":"https:\/\/www.enerjigazetesi.ist\/en\/wp-json\/wp\/v2\/media\/38000"}],"wp:attachment":[{"href":"https:\/\/www.enerjigazetesi.ist\/en\/wp-json\/wp\/v2\/media?parent=37999"}],"wp:term":[{"taxonomy":"category","embeddable":true,"href":"https:\/\/www.enerjigazetesi.ist\/en\/wp-json\/wp\/v2\/categories?post=37999"},{"taxonomy":"post_tag","embeddable":true,"href":"https:\/\/www.enerjigazetesi.ist\/en\/wp-json\/wp\/v2\/tags?post=37999"}],"curies":[{"name":"wp","href":"https:\/\/api.w.org\/{rel}","templated":true}]}}