{"id":37988,"date":"2015-04-07T14:36:27","date_gmt":"2015-04-07T11:36:27","guid":{"rendered":"https:\/\/www.enerjigazetesi.ist\/?p=37988"},"modified":"2015-04-07T14:40:44","modified_gmt":"2015-04-07T11:40:44","slug":"antak-enerji-fotovoltaik-sektorunde-oncu-bir-marka-olma-hedefinde","status":"publish","type":"post","link":"https:\/\/www.enerjigazetesi.ist\/en\/antak-enerji-fotovoltaik-sektorunde-oncu-bir-marka-olma-hedefinde\/","title":{"rendered":"(Turkish) Fotovoltaik Sekt\u00f6r\u00fcnde G\u00fcvenilir ve Sayg\u0131nl\u0131\u011f\u0131n Markas\u0131 &#8221; Antak Enerji\u00ae&#8230;&#8221;"},"content":{"rendered":"<p class=\"qtranxs-available-languages-message qtranxs-available-languages-message-en\">Sorry, this entry is only available in <a href=\"https:\/\/www.enerjigazetesi.ist\/tr\/wp-json\/wp\/v2\/posts\/37988\" class=\"qtranxs-available-language-link qtranxs-available-language-link-tr\" title=\"Turkish\">Turkish<\/a>. For the sake of viewer convenience, the content is shown below in the alternative language. You may click the link to switch the active language.<\/p><p><strong>Kaliteli \u00fcr\u00fcnleri ve rekabet\u00e7i fiyatlar\u0131 sayesinde \u00fcretiminin % 85\u2019ni ihracata y\u00f6nlendirmi\u015f olan Antak Enerji\u00ae, \u00f6n\u00fcm\u00fczdeki y\u0131llarda ihracat rakamlar\u0131n\u0131 art\u0131rarak D\u00fcnya Fotovoltaik sekt\u00f6r\u00fcnde g\u00fcvenilir ve sayg\u0131n bir marka olmay\u0131 hedefliyor.<\/strong><\/p>\n<p>Antak Enerji\u00ae bayilerine tedarik ve toptan FV Mod\u00fcl sat\u0131\u015flar\u0131n yan\u0131 s\u0131ra Antak M\u00fchendislik ve Antak Konstr\u00fcksiyon \u00e7al\u0131\u015fma ekiplerini olu\u015fturarak Anahtar Teslim Fotovoltaik projelerin kurulumu ve sat\u0131\u015f sonras\u0131 \u00e7\u00f6z\u00fcmlerini sunu<a href=\"https:\/\/www.enerjigazetesi.ist\/wp-content\/uploads\/2015\/04\/antak1.jpg\"><img loading=\"lazy\" class=\"alignright size-medium wp-image-37989\" src=\"https:\/\/www.enerjigazetesi.ist\/wp-content\/uploads\/2015\/04\/antak1-300x225.jpg\" alt=\"antak1\" width=\"300\" height=\"225\" srcset=\"https:\/\/www.enerjigazetesi.ist\/wp-content\/uploads\/2015\/04\/antak1-300x225.jpg 300w, https:\/\/www.enerjigazetesi.ist\/wp-content\/uploads\/2015\/04\/antak1-500x375.jpg 500w, https:\/\/www.enerjigazetesi.ist\/wp-content\/uploads\/2015\/04\/antak1-66x50.jpg 66w, https:\/\/www.enerjigazetesi.ist\/wp-content\/uploads\/2015\/04\/antak1.jpg 713w\" sizes=\"(max-width: 300px) 100vw, 300px\" \/><\/a>yor. Antak Enerji\u00ae \u2018Antak Solar Modules\u2019 markas\u0131 ile T\u00fcrk Mal\u0131, y\u00fcksek kalitede, verimlilikte Monokristal ve Polikristal tipte FV Mod\u00fcller \u00fcretmektedir ve \u201csolar\u201d FV mod\u00fclleri yurti\u00e7ine pazarlamakta ve yurtd\u0131\u015f\u0131na da ihra\u00e7 etmekte. Orta ve uzun vadede; Yerel y\u00f6netimlerin, Kalk\u0131nma ajanslar\u0131n ve \u00dcniversitelerin destekleriyle \u201cg\u00fcne\u015f kentler\u201d, \u201cg\u00fcne\u015f k\u00f6yler\u201d, \u201cg\u00fcne\u015f kamp\u00fcsler\u201d olu\u015fturmay\u0131 hedeflemekte olduklar\u0131n\u0131 s\u00f6yleyen Antak Enerji\u00ae Genel M\u00fcd\u00fcr\u00fc Ziynet Devrim Y\u0131ld\u0131z\u2019dan \u00e7al\u0131\u015fmalar\u0131 hakk\u0131nda bilgi ald\u0131k.<\/p>\n<p><strong>Antak Enerji\u2019nin yenilenebilir ve temiz enerji \u00e7\u00f6z\u00fcmlerinden bahseder misiniz?\u00a0Yapt\u0131\u011f\u0131n\u0131z \u00e7al\u0131\u015fmalar ve pazara sundu\u011funuz \u00e7\u00f6z\u00fcmler nelerdir?<\/strong><\/p>\n<p>\u201cAntak Enerji\u00ae 2010\u2019da FV Mod\u00fcl \u00fcretimine ba\u015flayarak T\u00fcrkiye\u2019de Fotovoltaik sekt\u00f6r\u00fcn\u00fcn \u00f6nc\u00fcs\u00fc olmu\u015ftur. Antak Enerji\u00ae \u2018Antak Solar Modules\u2019 markas\u0131 ile T\u00fcrk Mal\u0131, y\u00fcksek kalitede,<\/p>\n<p>verimlilikte Monokristal ve Polikristal tipte FV Mod\u00fcller \u00fcretmektedir ve \u201csolar\u201d FV mod\u00fclleri yurti\u00e7ine pazarlamaktad\u0131r ve yurtd\u0131\u015f\u0131na ihra\u00e7 etmektedir. Antak Enerji\u00ae bayilerine tedarik ve toptan FV Mod\u00fcl sat\u0131\u015flar\u0131n yan\u0131 s\u0131ra Antak M\u00fchendislik ve Antak Konstr\u00fcksiyon \u00e7al\u0131\u015fma ekiplerini olu\u015fturarak Anahtar Teslim Fotovoltaik Projelerin Takibi, Kurulumu ve Sat\u0131\u015f Sonras\u0131<\/p>\n<p>\u00c7\u00f6z\u00fcmler sunmaktad\u0131r. Antak Enerji\u00ae profesyonel ekibiyle, Yerli Mal\u0131 g\u00fcvencesi ve bunun sa\u011flad\u0131\u011f\u0131 avantajlar ile Fotovoltaik yat\u0131r\u0131mlara A\u2019dan Z\u2019ye destek vermektedir. Antak Enerji\u00ae G\u00fcne\u015f Enerji Santralleri (GES) ba\u015fta olmak \u00fczere \u00f6zel ve kamusal Fotovoltaik \u00c7\u00f6z\u00fcmlere ve Enerji Yat\u0131r\u0131mlar\u0131na destek vermektedir.\u201d<\/p>\n<p><strong>Antak Enerji, 2014 y\u0131l\u0131n\u0131 nas\u0131l ge\u00e7irdi. 2015 y\u0131l\u0131 i\u00e7in \u00e7al\u0131\u015fmalar\u0131 ne y\u00f6nde olacak?<\/strong><\/p>\n<p>\u201c2014 y\u0131l\u0131nda Antak Enerji\u00ae kurumsalla<a href=\"https:\/\/www.enerjigazetesi.ist\/wp-content\/uploads\/2015\/04\/antak2.jpg\"><img loading=\"lazy\" class=\"alignleft wp-image-37990 \" src=\"https:\/\/www.enerjigazetesi.ist\/wp-content\/uploads\/2015\/04\/antak2-300x253.jpg\" alt=\"SONY DSC\" width=\"300\" height=\"223\" \/><\/a>\u015fma s\u00fcrecine ve Ar-GE \u00e7al\u0131\u015fmalar\u0131na devam ederken bir\u00e7ok GES projesini geli\u015ftirerek b\u00fcy\u00fcmesini h\u0131zland\u0131rd\u0131. Geli\u015ftirmi\u015f oldu\u011fu projeler sayesinde B\u00f6lgede \u00f6rnek proje se\u00e7ilmeye hak kazand\u0131. Ayn\u0131 zamanda, Antak Enerji\u00ae, Fotovoltaik Yat\u0131r\u0131mlar\u0131n\u00a0B\u00f6lgede daha fazla ilgi g\u00f6rmesini ve yayg\u0131nla\u015fmas\u0131n\u0131 sa\u011flad\u0131. 2015 y\u0131l\u0131 T\u00fcrkiye i\u00e7in<\/p>\n<p>oldu\u011fu gibi Antak Enerji\u00ae i\u00e7inde \u00e7ok \u00f6nemli, parlak ve d\u00f6n\u00fcm noktas\u0131 olu\u015fturacak bir y\u0131l olarak g\u00f6r\u00fcn\u00fcyor. Antak Enerji\u00ae, \u00f6nc\u00fc T\u00fcrk Panel \u00dcreticisi olaraktan bu y\u0131l hayat bulacak olan b\u00fcy\u00fck \u00f6l\u00e7ekli lisanss\u0131z ve lisansl\u0131 Fotovoltaik Yat\u0131r\u0131mlar\u0131n mimar\u0131 olmay\u0131 hedeflemektedir. Nanoteknolojik \u00fcr\u00fcnler tasarlamak ve \u201cSolar H\u00fccre\u201d \u00fcretimini ger\u00e7ekle\u015ftirmek, Antak<\/p>\n<p>Enerji\u00ae\u2019nin \u00f6nemli hedefleri aras\u0131ndad\u0131r.\u201d<\/p>\n<p><strong>K\u0131sa ve uzun vadedeki hedef ve projelerinizden bahseder misiniz?<\/strong><\/p>\n<p>\u201cT\u00fcrkiye\u2019de ger\u00e7ekle\u015fecek olan Fotovoltaik GES Yat\u0131r\u0131mlar\u0131n Anahtar teslim \u015fekilde bir\u00e7ok yararlan\u0131c\u0131ya verimli ve kaliteli olarak sunmak en \u00f6nemli hedeflerimizdendir. Bunun yan\u0131 s\u0131ra T\u00fcrkiye\u2019nin Fotovoltaik ile ya\u015famay\u0131 benimsemesi Antak Enerji\u00ae i\u00e7in misyon haline gelmi\u015ftir. B\u00f6ylece orta ve uzun vadede Antak Enerji\u00ae Yerel Y\u00f6netim<a href=\"https:\/\/www.enerjigazetesi.ist\/wp-content\/uploads\/2015\/04\/an3.jpg\"><img loading=\"lazy\" class=\"alignright  wp-image-37991\" src=\"https:\/\/www.enerjigazetesi.ist\/wp-content\/uploads\/2015\/04\/an3-300x241.jpg\" alt=\"an3\" width=\"300\" height=\"208\" \/><\/a>lerin, Kalk\u0131nma Ajanslar\u0131n ve<\/p>\n<p>\u00dcniversitelerin destekleriyle \u201cg\u00fcne\u015f kentler\u201d, \u201cg\u00fcne\u015f k\u00f6yler\u201d, \u201cg\u00fcne\u015f kamp\u00fcsler\u201d olu\u015fturmay\u0131 hedeflemektedir. Bu emele ula\u015fmak i\u00e7in, Antak Enerji\u00ae Laboratuar\u0131nda Ar-Ge \u00e7al\u0131\u015fmalar\u0131 s\u00fcrd\u00fcrmektedir. Antak Enerji\u00ae \u00dcniversite-Sanayi i\u015fbirli\u011fine, Kamu Kurulu\u015flar\u0131 ile i\u015fbirli\u011fine ve Fotovoltaik sekt\u00f6r\u00fcnde istihdam olu\u015fturmaya \u00f6nem vermektedir. FV Mod\u00fcl \u00fcretiminde<\/p>\n<p>Avrupa pazar\u0131na girmekte zorlanan Asya Fotovoltaik \u015firketleri i\u00e7in OEM \u015feklinde (fason \u015fekilde \u00e7al\u0131\u015fmay\u0131) \u00fcretim yaparaktan Asya-Avrupa aras\u0131 k\u00f6pr\u00fc olu\u015fturmay\u0131 ama\u00e7lamaktad\u0131r. Kaliteli \u00fcr\u00fcnleri ve rekabet\u00e7i fiyatlar\u0131 sayesinde Antak Enerji\u00ae \u00fcretiminin % 85\u2019ni ihracata y\u00f6nlendirmi\u015ftir ve \u00f6n\u00fcm\u00fczdeki y\u0131llarda ihracat rakamlar\u0131n\u0131 art\u0131rarak D\u00fcnya Fotovoltaik sekt\u00f6r\u00fcnde g\u00fcvenilir ve sayg\u0131n bir marka olmay\u0131 hedeflemektedir.\u201d<\/p>\n<p><strong>T\u00fcrkiye\u2019de ve d\u00fcnyada g\u00fcne\u015f enerjisi sekt\u00f6r\u00fc nas\u0131l \u015fekilleniyor?\u00a0<\/strong><strong>T\u00fcrkiye yenilenebilir enerji yat\u0131r\u0131mlar\u0131nda yol ald\u0131 m\u0131? T\u00fcrkiye\u2019nin yenilenebilir enerji kaynaklar\u0131n\u0131n bug\u00fcnk\u00fc halini nas\u0131l de\u011ferlendiriyorsunuz?<\/strong><\/p>\n<p>\u201cDevlet te\u015fvikleri, Yerli \u00fcr\u00fcn avantajlar\u0131 ve \u00f6zellikle Kalk\u0131nma Ajanslar\u0131n\u0131n destekleri ve aktif \u00e7al\u0131\u015fmalar\u0131 sayesinde T\u00fcrkiye Fotovoltaik sekt\u00f6r\u00fc 2014 y\u0131l\u0131n\u0131 \u00e7ok hareketli ge\u00e7irdi ve \u00f6nemli ilerlemeler kaydetti. \u00c7ok say\u0131da Kamu ve \u00d6zel Fotovoltaik On-grid (\u015febekeye ba\u011fl\u0131) GES Projeler ger\u00e7ekle\u015fmi\u015ftir. Yap\u0131lan yat\u0131r\u0131mlar her alanda \u00f6rnek te\u015fkil ederek geli\u015ftirilmi\u015ftir. 2015\u2019te bu trendin y\u00fckselerek s\u00fcrece\u011fini d\u00fc\u015f\u00fcn\u00fcyorum. Yat\u0131r\u0131mc\u0131lar Fotovoltaik yat\u0131r\u0131m\u0131n \u00e7ok mant\u0131kl\u0131 ve ekonomik bir yat\u0131r\u0131m oldu\u011funu kavram\u0131\u015f, Fotovoltaik g\u00fcven kazanm\u0131\u015f ve ilgi artt\u0131k\u00e7a pazar b\u00fcy\u00fcmeye ba\u015flam\u0131\u015ft\u0131r. \u00d6n\u00fcm\u00fczdeki y\u0131llar \u201cg\u00fcne\u015fli y\u0131llar\u201d olacak diye d\u00fc\u015f\u00fcn\u00fcyorum. T\u00fcrk Sanayicilerin gayretiyle Ocak 2015\u2019ten itibaren g\u00fcmr\u00fcklerde k\u0131s\u0131tlay\u0131c\u0131 uygulanmalar ba\u015flam\u0131\u015ft\u0131r, b\u00f6ylece g\u00fcne\u015f panelleri ithalat\u0131 belirli testlere tabi tutularaktan zorla\u015ft\u0131rm\u0131\u015ft\u0131r. Bunun neticesinde Yerli \u00fcretim te\u015fvik edilmektedir. Ayn\u0131 \u015fekilde yat\u0131r\u0131mc\u0131lara<\/p>\n<p><strong>Devlet te\u015fvi\u011fi \u015feklinde maddi destekler artmal\u0131d\u0131r.\u201d<\/strong><\/p>\n<p><strong>FOTOVOLTA\u0130K SEKT\u00d6R\u00dcN\u00dcN \u00d6N\u00dc A\u00c7IK VE AYDINLIK<\/strong><\/p>\n<p><strong>G\u00fcne\u015f enerjisi sistemleri teknolojisi hangi a\u015famaya ula\u015ft\u0131? <\/strong><\/p>\n<p><strong>Bu sistemler kullan\u0131c\u0131lara ne gibi avantajlar sa\u011fl\u0131yor?<\/strong><\/p>\n<p>Yeni teknolojiler ve sekt\u00f6r\u00fcn gelece\u011fi hakk\u0131ndaki g\u00f6r\u00fc\u015fleriniz neler? \u201cG\u00fcne\u015f panel teknolojisi her ge\u00e7en g\u00fcn h\u0131zl\u0131 geli\u015fmeler kaydetmektedir. Panellerin verimlilikleri artmakta, \u00fcretimde kullan\u0131lan hammadde fiyatlar\u0131 d\u00fc\u015fmekte, amortisman<\/p>\n<p>s\u00fcreleri d\u00fc\u015fmekte, kalifiye \u00e7al\u0131\u015fan say\u0131s\u0131 artmakta, \u00fcr\u00fcn yayg\u0131nla\u015fmaktad\u0131r, dolay\u0131s\u0131yla son t\u00fcketiciye daha rekabet\u00e7i fiyatlar sunulmaktad\u0131r. Fotovoltaik sekt\u00f6r\u00fcn\u00fcn ve bununla beraber geli\u015fecek olan yeni teknolojiler yak\u0131n bir gelecekte g\u00fcnl\u00fck hayat\u0131m\u0131zda s\u0131k\u00e7a g\u00f6r\u00fclecektir, yayg\u0131nla\u015fmas\u0131yla beraber sekt\u00f6r geli\u015fmeye devam edecektir; Bunun yan\u0131nda yan sekt\u00f6rleri<\/p>\n<p>geli\u015ftirecek ve akt\u00f6rleri de \u00e7o\u011faltacak ve \u00f6nemli bir istihdam kolu olu\u015fturacakt\u0131r. Tek kelime ile Fotovoltaik sekt\u00f6r\u00fcn\u00fcn \u00f6n\u00fc a\u00e7\u0131k ve ayd\u0131nl\u0131kt\u0131r.\u201d<\/p>\n<p><strong>Yenilenebilir enerji kaynaklar\u0131n\u0131n \u00fclkemizdeki kullan\u0131m\u0131n\u0131n art\u0131r\u0131lmas\u0131 i\u00e7in neler yap\u0131lmal\u0131? <\/strong><\/p>\n<p>\u201cYat\u0131r\u0131mc\u0131lar\u0131n i\u015fletmelerinde, bireylerin evlerinde g\u00fcne\u015f paneli kullanmalar\u0131n\u0131 te\u015fvik etmek i\u00e7in finansal kolayl\u0131klar sunulmal\u0131d\u0131r. Bunlar bankalar\u0131n sunaca\u011f\u0131 avantajl\u0131 faizler, Devletin a\u00e7aca\u011f\u0131 hibe programlar\u0131 \u015feklinde olabilir. Ayr\u0131ca, T\u00fcrk \u00fcretimine daha fazla destek verilmelidir. Te\u015fvik fiyat (feed-in tariffs) oranlar\u0131 artmal\u0131, b\u00f6lgesel te\u015fvikler artmal\u0131d\u0131r.\u201d<\/p>\n<p><strong>SOLAREX \u0130STANBUL PROFESYONEL B\u0130R ARENA<\/strong><\/p>\n<p><strong>8. Uluslararas\u0131 G\u00fcne\u015f Enerjisi ve Teknolojileri Fuar\u0131\u2019n\u0131 nas\u0131l de\u011ferlendiriyorsunuz? Solarex \u0130stanbul 2015\u2019te yapaca\u011f\u0131n\u0131z \u00e7al\u0131\u015fmalardan bahseder misiniz?<\/strong><\/p>\n<p>\u201c8. Uluslararas\u0131 G\u00fcne\u015f Enerjisi ve Teknolojileri Fuar\u0131 \u00f6zellikle T\u00fcrk \u00dcreticileri i\u00e7in \u00f6nemli bir f\u0131rsatt\u0131r, kendilerini tan\u0131tabilmek i\u00e7in profesyonel bir arenad\u0131r. Bu fuar\u0131n ve bu gibi fuarlar\u0131n say\u0131s\u0131 art\u0131r\u0131lmal\u0131d\u0131r. Solarex \u0130stanbul 2015\u2019e gelen ziyaret\u00e7iler T\u00fcrk \u00fcreticisi Antak Enerji\u00ae \u00fcr\u00fcnlerinin ve hizmetlerinin kalitesini ve \u00e7e\u015fitlili\u011fini g\u00f6rme f\u0131rsat\u0131 elde edeceklerdir, profesyonel ekibimizle tan\u0131\u015f\u0131p projelerini payla\u015fabilecekler ve hayata ge\u00e7irmenin ilk ad\u0131mlar\u0131n\u0131 atm\u0131\u015f olacaklard\u0131r. Ayn\u0131 zamanda bu fuarda yurtd\u0131\u015f\u0131ndan gelen firmalarla g\u00f6r\u00fc\u015fme, yeni \u00e7\u00f6z\u00fcm ortaklar\u0131 bulma ve bayilerimizle g\u00f6r\u00fc\u015fme f\u0131rsat\u0131 bulunacakt\u0131r.\u201d<\/p>\n<p><strong>S\u00f6yle\u015fimizin sonunda eklemek istedi\u011finiz bir konu, okuyucular\u0131m\u0131za ve sekt\u00f6r temsilcilerine vermek istedi\u011finiz bir mesaj\u0131n\u0131z var m\u0131?<\/strong><\/p>\n<p>\u201cT\u00fcrkiye\u2019de Fotovoltaik sekt\u00f6r\u00fcn geli\u015fmesi, rekabet\u00e7i ve s\u00fcrd\u00fcr\u00fclebilir olmas\u0131 a\u00e7\u0131s\u0131ndan, vertikal bir \u00fcretim yap\u0131lmal\u0131d\u0131r. \u201clingot &#8211; wafer &#8211; h\u00fccre &#8211; g\u00fcne\u015f paneli &#8211; konstr\u00fcksiyon\u201d hepsi T\u00fcrkiye\u2019de yap\u0131lmal\u0131d\u0131r. T\u00fcrk Fotovoltaik sekt\u00f6r\u00fcne ve \u00f6zellikle Yerli \u00fcreticiye \u00f6nemli destekler verilmelidir.\u201d<\/p>\n<p>Yay\u0131nc\u0131: <a href=\"https:\/\/www.enerjigazetesi.ist\" target=\"_blank\">Enerji Gazetesi<\/a><\/p>","protected":false},"excerpt":{"rendered":"<p>Sorry, this entry is only available in Turkish. For the sake of viewer convenience, the content is shown below in the alternative language. You may click the link to switch the active language.Kaliteli \u00fcr\u00fcnleri ve rekabet\u00e7i fiyatlar\u0131 sayesinde \u00fcretiminin % 85\u2019ni ihracata y\u00f6nlendirmi\u015f olan Antak Enerji\u00ae, \u00f6n\u00fcm\u00fczdeki y\u0131llarda ihracat rakamlar\u0131n\u0131 art\u0131rarak D\u00fcnya Fotovoltaik sekt\u00f6r\u00fcnde g\u00fcvenilir [&hellip;]<\/p>\n","protected":false},"author":1,"featured_media":37992,"comment_status":"open","ping_status":"open","sticky":false,"template":"","format":"standard","meta":[],"categories":[53,49],"tags":[22285,22283,63,67,1009,2698,165,4294,22284,227,13,1876,105,22286],"views":1734,"_links":{"self":[{"href":"https:\/\/www.enerjigazetesi.ist\/en\/wp-json\/wp\/v2\/posts\/37988"}],"collection":[{"href":"https:\/\/www.enerjigazetesi.ist\/en\/wp-json\/wp\/v2\/posts"}],"about":[{"href":"https:\/\/www.enerjigazetesi.ist\/en\/wp-json\/wp\/v2\/types\/post"}],"author":[{"embeddable":true,"href":"https:\/\/www.enerjigazetesi.ist\/en\/wp-json\/wp\/v2\/users\/1"}],"replies":[{"embeddable":true,"href":"https:\/\/www.enerjigazetesi.ist\/en\/wp-json\/wp\/v2\/comments?post=37988"}],"version-history":[{"count":3,"href":"https:\/\/www.enerjigazetesi.ist\/en\/wp-json\/wp\/v2\/posts\/37988\/revisions"}],"predecessor-version":[{"id":37995,"href":"https:\/\/www.enerjigazetesi.ist\/en\/wp-json\/wp\/v2\/posts\/37988\/revisions\/37995"}],"wp:featuredmedia":[{"embeddable":true,"href":"https:\/\/www.enerjigazetesi.ist\/en\/wp-json\/wp\/v2\/media\/37992"}],"wp:attachment":[{"href":"https:\/\/www.enerjigazetesi.ist\/en\/wp-json\/wp\/v2\/media?parent=37988"}],"wp:term":[{"taxonomy":"category","embeddable":true,"href":"https:\/\/www.enerjigazetesi.ist\/en\/wp-json\/wp\/v2\/categories?post=37988"},{"taxonomy":"post_tag","embeddable":true,"href":"https:\/\/www.enerjigazetesi.ist\/en\/wp-json\/wp\/v2\/tags?post=37988"}],"curies":[{"name":"wp","href":"https:\/\/api.w.org\/{rel}","templated":true}]}}