{"id":37961,"date":"2015-04-06T20:39:17","date_gmt":"2015-04-06T17:39:17","guid":{"rendered":"https:\/\/www.enerjigazetesi.ist\/?p=37961"},"modified":"2015-04-06T20:39:17","modified_gmt":"2015-04-06T17:39:17","slug":"bakan-yildizin-irandaki-gundemi-dogalgaz","status":"publish","type":"post","link":"https:\/\/www.enerjigazetesi.ist\/en\/bakan-yildizin-irandaki-gundemi-dogalgaz\/","title":{"rendered":"(Turkish) Bakan Y\u0131ld\u0131z\u2019\u0131n \u0130ran\u2019daki G\u00fcndemi Do\u011falgaz&#8230;"},"content":{"rendered":"<p class=\"qtranxs-available-languages-message qtranxs-available-languages-message-en\">Sorry, this entry is only available in <a href=\"https:\/\/www.enerjigazetesi.ist\/tr\/wp-json\/wp\/v2\/posts\/37961\" class=\"qtranxs-available-language-link qtranxs-available-language-link-tr\" title=\"Turkish\">Turkish<\/a>. For the sake of viewer convenience, the content is shown below in the alternative language. You may click the link to switch the active language.<\/p><p><strong>Enerji ve Tabii Kaynaklar Bakan\u0131 Taner Y\u0131ld\u0131z\u2019\u0131n yar\u0131nki \u0130ran ziyaretinde, bu \u00fclkeyle devam eden do\u011falgaz fiyat pazarl\u0131\u011f\u0131, tahkim s\u00fcreci ve \u0130ran gaz\u0131n\u0131n yapt\u0131r\u0131mlar\u0131n hafiflemesiyle T\u00fcrkiye \u00fczerinden Avrupa\u2019ya olas\u0131 ihrac\u0131na dair son geli\u015fmeler \u00f6nemli g\u00fcndem maddelerinden olacak.<\/strong><span id=\"more-71020\"><\/span><\/p>\n<p>Cumhurba\u015fkan\u0131 Recep Tayyip Erdo\u011fan\u2019la yar\u0131n Tahran\u2019da temaslarda bulunacak Y\u0131ld\u0131z\u2019\u0131n, \u0130ran h\u00fck\u00fcmetinden enerji yetkilileriyle g\u00f6r\u00fc\u015fmesi ve T\u00fcrkiye-\u0130ran Y\u00fcksek D\u00fczeyli \u0130\u015fbirli\u011fi Konseyi\u2019nin ikinci toplant\u0131s\u0131na kat\u0131lmas\u0131 b<a href=\"https:\/\/www.enerjigazetesi.ist\/wp-content\/uploads\/2015\/04\/bakan-yildizin-irandaki-gundemi-dogalgaz.jpg\"><img loading=\"lazy\" class=\"alignleft wp-image-37962 size-medium\" src=\"https:\/\/www.enerjigazetesi.ist\/wp-content\/uploads\/2015\/04\/bakan-yildizin-irandaki-gundemi-dogalgaz-300x187.jpg\" alt=\"bakan-yildizin-irandaki-gundemi-dogalgaz\" width=\"300\" height=\"187\" srcset=\"https:\/\/www.enerjigazetesi.ist\/wp-content\/uploads\/2015\/04\/bakan-yildizin-irandaki-gundemi-dogalgaz-300x187.jpg 300w, https:\/\/www.enerjigazetesi.ist\/wp-content\/uploads\/2015\/04\/bakan-yildizin-irandaki-gundemi-dogalgaz-500x312.jpg 500w, https:\/\/www.enerjigazetesi.ist\/wp-content\/uploads\/2015\/04\/bakan-yildizin-irandaki-gundemi-dogalgaz-80x50.jpg 80w, https:\/\/www.enerjigazetesi.ist\/wp-content\/uploads\/2015\/04\/bakan-yildizin-irandaki-gundemi-dogalgaz.jpg 870w\" sizes=\"(max-width: 300px) 100vw, 300px\" \/><\/a>ekleniyor.<\/p>\n<p>\u0130ran\u2019dan 2001 y\u0131l\u0131ndan bu yana do\u011falgaz alan T\u00fcrkiye, y\u0131lda 10 milyar metrek\u00fcp do\u011falgaz ithal ediyor. Do\u011falgaz fiyat\u0131 konusu ise iki \u00fclke aras\u0131nda s\u0131k s\u0131k g\u00fcndeme geliyor.<\/p>\n<p>\u0130ran\u2019dan al\u0131nan do\u011falgaz\u0131n fiyat\u0131na ili\u015fkin ilk tahkim s\u00fcreci 2005\u2019te ba\u015flam\u0131\u015f ve T\u00fcrkiye, yakla\u015f\u0131k 900 milyon dolar tazminat ve do\u011falgaz fiyat\u0131nda y\u00fczde 16 indirim elde etmi\u015fti.<\/p>\n<p>T\u00fcrkiye ile \u0130ran aras\u0131nda do\u011falgaz al\u0131m\u0131nda ya\u015fanan fiyat anla\u015fmazl\u0131klar\u0131ndan kaynakl\u0131 ikinci tahkim s\u00fcreci Uluslararas\u0131 Tahkim Mahkemesi (ICC) nezdinde ge\u00e7en y\u0131l 17 \u015eubat\u2019ta ba\u015flam\u0131\u015f, T\u00fcrkiye, \u0130ran\u2019dan ald\u0131\u011f\u0131 do\u011falgaz\u0131n fiyat\u0131nda yakla\u015f\u0131k y\u00fczde 25 indirim talep etmi\u015fti.<\/p>\n<p>Taner Y\u0131ld\u0131z, bug\u00fcn yapt\u0131\u011f\u0131 a\u00e7\u0131klamada, tahkim s\u00fcrecinin may\u0131s ay\u0131na kadar sonu\u00e7lanmas\u0131n\u0131n beklendi\u011fini, \u0130ran\u2019dan do\u011falgaz fiyatlar\u0131yla ilgili yeni bir teklif beklediklerini s\u00f6yledi.<\/p>\n<p>Y\u0131ld\u0131z\u2019\u0131n ger\u00e7ekle\u015ftirece\u011fi ziyaretin en \u00f6nemli g\u00fcndem maddelerinden birisinin de \u0130ran ile Birle\u015fmi\u015f Milletler G\u00fcvenlik Konseyi\u2019nin 5 daimi \u00fcyesi ABD, Rusya, \u00c7in, \u0130ngiltere ve Fransa ile Almanya (5+1) aras\u0131nda var\u0131lan n\u00fckleer mutabakat sonras\u0131 \u0130ran gaz\u0131n\u0131n T\u00fcrkiye \u00fczerinden Avrupa\u2019ya olas\u0131 ihrac\u0131 olmas\u0131 bekleniyor.<\/p>\n<p>T\u00fcrkiye, Trans Anadolu Do\u011fal Gaz Boru Hatt\u0131 Projesi (TANAP) ve G\u00fcney Gaz Koridoru projelerine \u0130ran gaz\u0131n\u0131 da ekleyerek, b\u00f6lgede \u00f6nemli bir enerji transit \u00fclkesi ve merkezi olmay\u0131 hedefliyor.<\/p>\n<p>Kaynak: <a href=\"http:\/\/www.trthaber.com\/haber\/ekonomi\/bakan-yildizin-irandaki-gundemi-dogalgaz-177093.html\" target=\"_blank\" rel=\"nofollow\">TRT Haber<\/a><\/p>","protected":false},"excerpt":{"rendered":"<p>Sorry, this entry is only available in Turkish. For the sake of viewer convenience, the content is shown below in the alternative language. You may click the link to switch the active language.Enerji ve Tabii Kaynaklar Bakan\u0131 Taner Y\u0131ld\u0131z\u2019\u0131n yar\u0131nki \u0130ran ziyaretinde, bu \u00fclkeyle devam eden do\u011falgaz fiyat pazarl\u0131\u011f\u0131, tahkim s\u00fcreci ve \u0130ran gaz\u0131n\u0131n yapt\u0131r\u0131mlar\u0131n [&hellip;]<\/p>\n","protected":false},"author":1,"featured_media":37962,"comment_status":"open","ping_status":"open","sticky":false,"template":"","format":"standard","meta":[],"categories":[46,53],"tags":[92,226,15632,9302,63,67,1009,2698,165,12387,22269,22270,667],"views":602,"_links":{"self":[{"href":"https:\/\/www.enerjigazetesi.ist\/en\/wp-json\/wp\/v2\/posts\/37961"}],"collection":[{"href":"https:\/\/www.enerjigazetesi.ist\/en\/wp-json\/wp\/v2\/posts"}],"about":[{"href":"https:\/\/www.enerjigazetesi.ist\/en\/wp-json\/wp\/v2\/types\/post"}],"author":[{"embeddable":true,"href":"https:\/\/www.enerjigazetesi.ist\/en\/wp-json\/wp\/v2\/users\/1"}],"replies":[{"embeddable":true,"href":"https:\/\/www.enerjigazetesi.ist\/en\/wp-json\/wp\/v2\/comments?post=37961"}],"version-history":[{"count":1,"href":"https:\/\/www.enerjigazetesi.ist\/en\/wp-json\/wp\/v2\/posts\/37961\/revisions"}],"predecessor-version":[{"id":37963,"href":"https:\/\/www.enerjigazetesi.ist\/en\/wp-json\/wp\/v2\/posts\/37961\/revisions\/37963"}],"wp:featuredmedia":[{"embeddable":true,"href":"https:\/\/www.enerjigazetesi.ist\/en\/wp-json\/wp\/v2\/media\/37962"}],"wp:attachment":[{"href":"https:\/\/www.enerjigazetesi.ist\/en\/wp-json\/wp\/v2\/media?parent=37961"}],"wp:term":[{"taxonomy":"category","embeddable":true,"href":"https:\/\/www.enerjigazetesi.ist\/en\/wp-json\/wp\/v2\/categories?post=37961"},{"taxonomy":"post_tag","embeddable":true,"href":"https:\/\/www.enerjigazetesi.ist\/en\/wp-json\/wp\/v2\/tags?post=37961"}],"curies":[{"name":"wp","href":"https:\/\/api.w.org\/{rel}","templated":true}]}}