{"id":37868,"date":"2015-04-04T16:45:17","date_gmt":"2015-04-04T13:45:17","guid":{"rendered":"https:\/\/www.enerjigazetesi.ist\/?p=37868"},"modified":"2015-04-04T16:45:17","modified_gmt":"2015-04-04T13:45:17","slug":"nukleer-anlasma-turkiyenin-lehine","status":"publish","type":"post","link":"https:\/\/www.enerjigazetesi.ist\/en\/nukleer-anlasma-turkiyenin-lehine\/","title":{"rendered":"(Turkish) &#8217;N\u00fckleer Anla\u015fma T\u00fcrkiye&#8217;nin Lehine!'"},"content":{"rendered":"<p class=\"qtranxs-available-languages-message qtranxs-available-languages-message-en\">Sorry, this entry is only available in <a href=\"https:\/\/www.enerjigazetesi.ist\/tr\/wp-json\/wp\/v2\/posts\/37868\" class=\"qtranxs-available-language-link qtranxs-available-language-link-tr\" title=\"Turkish\">Turkish<\/a>. For the sake of viewer convenience, the content is shown below in the alternative language. You may click the link to switch the active language.<\/p><p><strong>N\u00fckleer anla\u015fman\u0131n, T\u00fcrkiye-\u0130ran ili\u015fkilerinde enerji, yat\u0131r\u0131mlar ve ticaret alanlar\u0131na ivme kazand\u0131rmas\u0131 bekleniyor.<\/strong><br \/>\n\u0130ran y\u0131llar s\u00fcren m\u00fczakerelerin ard\u0131ndan n\u00fckleer program\u0131 konusunda Bat\u0131l\u0131 \u00fclkelerle d\u00fcn \u00e7er\u00e7eve bir anla\u015fma sa\u011flarken, anla\u015fman\u0131n \u0130ran&#8217;\u0131n d\u0131\u015f d\u00fcnyayla ve b\u00f6lgeyle ili\u015fkilerinde T\u00fcrkiye i\u00e7in ba\u015fta enerji, yat\u0131r\u0131mlar ve ticari ili\u015fkiler <a href=\"https:\/\/www.enerjigazetesi.ist\/wp-content\/uploads\/2015\/04\/nukleer-anlasma-turkiyenin-lehine.jpg\"><img loading=\"lazy\" class=\"alignright size-medium wp-image-37869\" src=\"https:\/\/www.enerjigazetesi.ist\/wp-content\/uploads\/2015\/04\/nukleer-anlasma-turkiyenin-lehine-300x189.jpg\" alt=\"nukleer-anlasma-turkiyenin-lehine\" width=\"300\" height=\"189\" srcset=\"https:\/\/www.enerjigazetesi.ist\/wp-content\/uploads\/2015\/04\/nukleer-anlasma-turkiyenin-lehine-300x189.jpg 300w, https:\/\/www.enerjigazetesi.ist\/wp-content\/uploads\/2015\/04\/nukleer-anlasma-turkiyenin-lehine-80x50.jpg 80w, https:\/\/www.enerjigazetesi.ist\/wp-content\/uploads\/2015\/04\/nukleer-anlasma-turkiyenin-lehine.jpg 474w\" sizes=\"(max-width: 300px) 100vw, 300px\" \/><\/a>alan\u0131nda yeni f\u0131rsatlar yaratmas\u0131 beklenirken, siyasi ili\u015fkilere ciddi olumsuz bir etkisinin olmas\u0131 beklenmiyor. \u0130ran ve alt\u0131 b\u00fcy\u00fck \u00fclke Tahran&#8217;\u0131n n\u00fckleer program\u0131n\u0131n en az on y\u0131l s\u0131n\u0131rlanmas\u0131 i\u00e7in \u00e7er\u00e7eve anla\u015fmaya vararak 12 y\u0131ld\u0131r devam eden diplomatik ve askeri a\u00e7maz\u0131n \u00e7\u00f6z\u00fcm\u00fcne y\u00f6nelik ad\u0131m att\u0131.<\/p>\n<p>\u0130ran ile ABD, Rusya, \u00c7in, Fransa, \u0130ngiltere ve Almanya&#8217;n\u0131n vard\u0131\u011f\u0131 \u00e7er\u00e7eve anla\u015fmas\u0131 30 Haziran&#8217;a kadar nihai anla\u015fmaya ula\u015f\u0131lmas\u0131n\u0131 \u00f6ng\u00f6r\u00fcyor. \u0130ran&#8217;a y\u00f6nelik yapt\u0131r\u0131mlar nihai anla\u015fmaya kadar devam edecek. Nihai anla\u015fma ile \u0130ran&#8217;a uygulanan yapt\u0131r\u0131mlar\u0131n kademeli olarak kalkmas\u0131 bekleniyor.<\/p>\n<p>\u00c7er\u00e7eve anla\u015fmaya T\u00fcrkiye&#8217;den ilk resmi tepkiyi veren D\u0131\u015fi\u015fleri Bakan\u0131 Mevl\u00fct \u00c7avu\u015fo\u011flu, T\u00fcrkiye&#8217;nin b\u00f6lgede n\u00fckleer silahlara kar\u015f\u0131 oldu\u011funu belirterek, &#8220;Nihai bir anla\u015fma i\u00e7in bir \u00e7er\u00e7eve anla\u015fma \u00fczerinde uzla\u015f\u0131 sa\u011flanm\u0131\u015f oldu\u011funu g\u00f6rmek bizi mutlu etti. Umar\u0131m taraflar nihai bir anla\u015fmaya da var\u0131rlar&#8221; dedi.<\/p>\n<p><strong>&#8216;ANLA\u015eMA T\u00dcRK\u0130YE&#8217;N\u0130N LEH\u0130NED\u0130R&#8217;<\/strong><\/p>\n<p>N\u00fckleer silahlanma alan\u0131nda ara\u015ft\u0131rmalar yapan MEF \u00dcniversitesi \u00f6\u011fretim \u00fcyesi Mustafa Kibaro\u011flu, &#8220;Bu anla\u015fma ekonomik a\u00e7\u0131dan T\u00fcrkiye&#8217;nin lehinedir, siyasi a\u00e7\u0131dan ise aleyhine de\u011fildir&#8221; dedi ve s\u00f6zlerini \u015f\u00f6yle s\u00fcrd\u00fcrd\u00fc: &#8220;Ekonomik alanda \u0130ran&#8217;\u0131n d\u00fcnya pazarlar\u0131na d\u00f6nmesi, petrol sevkiyat\u0131nda \u00f6n\u00fcndeki engellerin kalkmas\u0131, s\u0131n\u0131r ticareti dahil bir\u00e7ok kalem malzemenin al\u0131m sat\u0131m\u0131n\u0131 yapabilecek olmas\u0131, T\u00fcrkiye ekonomisi bak\u0131m\u0131ndan iyi olur.<\/p>\n<p>Ayr\u0131ca T\u00fcrkiye \u0130ran ticaretinin ge\u00e7i\u015f yollar\u0131 \u00fczerinde. Bu y\u00fczden uluslararas\u0131 pazarlara d\u00f6nmesi T\u00fcrkiye&#8217;nin ekonomik anlamda lehinedir.&#8221; \u0130ran&#8217;\u0131n b\u00f6lgede \u0130srail ve K\u00f6rfez \u00fclkeleri ve baz\u0131 Arap \u00fclkeleri ile siyasi sorunlar ya\u015fad\u0131\u011f\u0131na dikkat \u00e7eken Kibaro\u011flu, &#8220;\u0130ran&#8217;\u0131n s\u0131rf n\u00fckleer anla\u015fma yap\u0131ld\u0131 diye ve \u00fczerindeki yapt\u0131r\u0131mlar kalkacak diye b\u00f6lgede istedi\u011fi gibi at oynataca\u011f\u0131n\u0131 s\u00f6ylemek ve T\u00fcrkiye&#8217;nin de \u00e7\u0131karlar\u0131na darbe vuracak \u015fekilde bu alan\u0131 geni\u015fletece\u011fini d\u00fc\u015f\u00fcnmek bana g\u00f6re hi\u00e7 do\u011fru de\u011fil&#8221; dedi.<\/p>\n<p>Maliye Bakan\u0131 Mehmet \u015eim\u015fek de NTV&#8217;nin sorular\u0131n\u0131 yan\u0131tlarken anla\u015fman\u0131n T\u00fcrkiye i\u00e7in sonu\u00e7lar\u0131na ili\u015fkin, &#8220;\u0130ran ile ilgili geli\u015fme \u00f6nemli hem petrol fiyat\u0131 a\u00e7\u0131s\u0131ndan hem de bizim ihracat\u0131m\u0131z\u0131 art\u0131rmam\u0131z a\u00e7\u0131s\u0131ndan&#8221; dedi ve anla\u015fman\u0131n petrol fiyatlar\u0131 \u00fczerindeki d\u00fc\u015f\u00fc\u015f y\u00f6nl\u00fc etkisinin hemen g\u00f6r\u00fcld\u00fc\u011f\u00fcn\u00fc, T\u00fcrkiye&#8217;nin ihracat\u0131n\u0131n da y\u0131llara ba\u011fl\u0131 olarak birka\u00e7 kat artabilece\u011fini belirtti.<\/p>\n<p>\u0130ran y\u0131ll\u0131k 10 milyar metrek\u00fcpl\u00fck do\u011falgaz ile Rusya&#8217;dan sonra T\u00fcrkiye&#8217;nin ikinci do\u011falgaz tedarik\u00e7isi durumunda bulunuyor. Bat\u0131&#8217;n\u0131n yapt\u0131r\u0131mlar\u0131na ra\u011fmen petrolde ise T\u00fcrkiye&#8217;nin talebinin y\u00fczde 30&#8217;una yak\u0131n bir b\u00f6l\u00fcm\u00fcn\u00fc \u0130ran kar\u015f\u0131l\u0131yor. &#8216;\u0130RAN<\/p>\n<p><strong>T\u00dcRK\u0130YE&#8217;YE \u0130HRACATINI ARTIRAB\u0130L\u0130R&#8217;<\/strong><\/p>\n<p>Reuters&#8217;a konu\u015fan bir enerji yetkilisi de T\u00fcrkiye-\u0130ran enerji ili\u015fkilerinin &#8220;belli bir olgunlukta&#8221; oldu\u011funu belirterek, &#8220;Buradaki ili\u015fkilerin geli\u015fmelerden olumlu etkilenece\u011fine inan\u0131yorum. Yapt\u0131r\u0131mlar nedeniyle petrol ihracat\u0131 ciddi bask\u0131 alt\u0131nda; \u00f6n\u00fcm\u00fczdeki d\u00f6nemde bu konudaki hassasiyetler kalacakt\u0131r. \u0130ran T\u00fcrkiye&#8217;ye petrol ihracat\u0131n\u0131 \u00f6n\u00fcm\u00fczdeki d\u00f6nemde daha da art\u0131rabilir. Yapt\u0131r\u0131mlar nedeniyle petrol al\u0131m\u0131 azalm\u0131\u015ft\u0131, bu tutarlar artacakt\u0131r.<\/p>\n<p>Bu durum T\u00fcrkiye&#8217;yi de \u0130ran&#8217;\u0131 da rahatlatacakt\u0131r&#8221; dedi. T\u00fcrkiye ve Brezilya 2010&#8217;da \u0130ran ile n\u00fckleer program\u0131 konusunda bir anla\u015fma imzalam\u0131\u015f ancak bu anla\u015fma ba\u015fta ABD olmak \u00fczere Bat\u0131l\u0131 \u00fclkelerce kabul g\u00f6rmemi\u015fti. T\u00fcrkiye ayn\u0131 y\u0131l BM G\u00fcvelik Konseyi&#8217;nde \u0130ran&#8217;a y\u00f6nelik yapt\u0131r\u0131mlara da hay\u0131r oyu kullanm\u0131\u015f ve ele\u015ftirilerin hedefi olmu\u015ftu. Ancak iki \u00fclkenin Suriye konusundaki keskin g\u00f6r\u00fc\u015f ayr\u0131l\u0131\u011f\u0131 siyasi ili\u015fkilerdeki bu ivmenin durmas\u0131na neden oldu.<\/p>\n<p>\u0130ran Esad y\u00f6netiminin Rusya ile en g\u00fc\u00e7l\u00fc destek\u00e7isi konumundayken, T\u00fcrkiye Esad kar\u015f\u0131t\u0131 muhaliflere destek veriyor. Son olarak Ankara&#8217;n\u0131n Yemen&#8217;de \u0130ran&#8217;\u0131n destekledi\u011fi \u015eii Husilere y\u00f6nelik Suudi Arabistan ve K\u00f6rfez \u00fclkelerince d\u00fczenlenen askeri operasyona destek verdi\u011fini a\u00e7\u0131klamas\u0131 siyasi ili\u015fkilerde yeni bir gerilim unsuru olarak ortaya \u00e7\u0131kt\u0131. Cumhurba\u015fkan\u0131 Tayyip Erdo\u011fan&#8217;\u0131n Yemen operasyonunun ba\u015flamas\u0131n\u0131n ard\u0131ndan &#8220;\u0130ran&#8217;\u0131n b\u00f6lgeyi domine etmeye \u00e7al\u0131\u015ft\u0131\u011f\u0131n\u0131 ve b\u00f6lge \u00fclkelerinin buna tahamm\u00fcl\u00fc kalmad\u0131\u011f\u0131n\u0131&#8221; s\u00f6ylemesi \u0130ran&#8217;da geni\u015f yank\u0131 buldu ve \u0130ranl\u0131 baz\u0131 milletvekilleri Erdo\u011fan&#8217;\u0131n 6-7 Nisan&#8217;da ger\u00e7ekle\u015fecek \u0130ran ziyaretinin iptalini istedi.<\/p>\n<p>Haberin <a href=\"http:\/\/www.cnbce.com\/haberler\/enerji\/nukleer-anlasma-turkiye-nin-lehine\" target=\"_blank\">Devam\u0131 \u0130\u00e7in TIKLAYINIZ&gt;&gt;&gt;<\/a><\/p>\n<p>Kaynak: Cnbce<\/p>","protected":false},"excerpt":{"rendered":"<p>Sorry, this entry is only available in Turkish. For the sake of viewer convenience, the content is shown below in the alternative language. You may click the link to switch the active language.N\u00fckleer anla\u015fman\u0131n, T\u00fcrkiye-\u0130ran ili\u015fkilerinde enerji, yat\u0131r\u0131mlar ve ticaret alanlar\u0131na ivme kazand\u0131rmas\u0131 bekleniyor. \u0130ran y\u0131llar s\u00fcren m\u00fczakerelerin ard\u0131ndan n\u00fckleer program\u0131 konusunda Bat\u0131l\u0131 \u00fclkelerle d\u00fcn [&hellip;]<\/p>\n","protected":false},"author":1,"featured_media":37869,"comment_status":"open","ping_status":"open","sticky":false,"template":"","format":"standard","meta":[],"categories":[53,43],"tags":[63,67,1009,2698,165,532,71,12224,21,22227,22226],"views":894,"_links":{"self":[{"href":"https:\/\/www.enerjigazetesi.ist\/en\/wp-json\/wp\/v2\/posts\/37868"}],"collection":[{"href":"https:\/\/www.enerjigazetesi.ist\/en\/wp-json\/wp\/v2\/posts"}],"about":[{"href":"https:\/\/www.enerjigazetesi.ist\/en\/wp-json\/wp\/v2\/types\/post"}],"author":[{"embeddable":true,"href":"https:\/\/www.enerjigazetesi.ist\/en\/wp-json\/wp\/v2\/users\/1"}],"replies":[{"embeddable":true,"href":"https:\/\/www.enerjigazetesi.ist\/en\/wp-json\/wp\/v2\/comments?post=37868"}],"version-history":[{"count":1,"href":"https:\/\/www.enerjigazetesi.ist\/en\/wp-json\/wp\/v2\/posts\/37868\/revisions"}],"predecessor-version":[{"id":37870,"href":"https:\/\/www.enerjigazetesi.ist\/en\/wp-json\/wp\/v2\/posts\/37868\/revisions\/37870"}],"wp:featuredmedia":[{"embeddable":true,"href":"https:\/\/www.enerjigazetesi.ist\/en\/wp-json\/wp\/v2\/media\/37869"}],"wp:attachment":[{"href":"https:\/\/www.enerjigazetesi.ist\/en\/wp-json\/wp\/v2\/media?parent=37868"}],"wp:term":[{"taxonomy":"category","embeddable":true,"href":"https:\/\/www.enerjigazetesi.ist\/en\/wp-json\/wp\/v2\/categories?post=37868"},{"taxonomy":"post_tag","embeddable":true,"href":"https:\/\/www.enerjigazetesi.ist\/en\/wp-json\/wp\/v2\/tags?post=37868"}],"curies":[{"name":"wp","href":"https:\/\/api.w.org\/{rel}","templated":true}]}}