{"id":37863,"date":"2015-04-04T16:33:07","date_gmt":"2015-04-04T13:33:07","guid":{"rendered":"https:\/\/www.enerjigazetesi.ist\/?p=37863"},"modified":"2015-04-04T16:33:07","modified_gmt":"2015-04-04T13:33:07","slug":"yaptirimlar-kalktiginda-petrol-duser","status":"publish","type":"post","link":"https:\/\/www.enerjigazetesi.ist\/en\/yaptirimlar-kalktiginda-petrol-duser\/","title":{"rendered":"(Turkish) &#8217;Yapt\u0131r\u0131mlar Kalkt\u0131\u011f\u0131nda Petrol D\u00fc\u015fer!'"},"content":{"rendered":"<p class=\"qtranxs-available-languages-message qtranxs-available-languages-message-en\">Sorry, this entry is only available in <a href=\"https:\/\/www.enerjigazetesi.ist\/tr\/wp-json\/wp\/v2\/posts\/37863\" class=\"qtranxs-available-language-link qtranxs-available-language-link-tr\" title=\"Turkish\">Turkish<\/a>. For the sake of viewer convenience, the content is shown below in the alternative language. You may click the link to switch the active language.<\/p><p><strong><span style=\"line-height: 1.6em;\">Johns Hopkins \u00dcniversitesi Uygulamal\u0131 Ekonomi Profes\u00f6r\u00fc Steve Hanke, \u0130ran ile n\u00fckleer m\u00fczakerelerde uzla\u015f\u0131ya var\u0131lmas\u0131n\u0131n ard\u0131ndan yapt\u0131r\u0131mlar\u0131n kald\u0131r\u0131lmas\u0131 halinde \u00fclkenin petrol sat\u0131\u015f\u0131n\u0131 art\u0131rmas\u0131yla k\u00fcresel petrol fiyatlar\u0131n\u0131n d\u00fc\u015febilece\u011fini kaydetti.<\/span><\/strong><\/p>\n<p><strong>&#8216;\u015eeytan ayr\u0131nt\u0131 da gizlidir&#8217;<\/strong><\/p>\n<p>\u0130ran ile P5+1 \u00fclkeleri aras\u0131nda Lozan&#8217;da yap\u0131lan n\u00fckleer m\u00fczakerelerde uzla\u015f\u0131ya var\u0131lmas\u0131n\u0131n ard\u0131ndan sor<a href=\"https:\/\/www.enerjigazetesi.ist\/wp-content\/uploads\/2015\/04\/yaptirimlar-kalktiginda-petrol-duser.jpg\"><img loading=\"lazy\" class=\"alignleft wp-image-37864 size-medium\" src=\"https:\/\/www.enerjigazetesi.ist\/wp-content\/uploads\/2015\/04\/yaptirimlar-kalktiginda-petrol-duser-300x153.jpg\" alt=\"yaptirimlar-kalktiginda-petrol-duser\" width=\"300\" height=\"153\" srcset=\"https:\/\/www.enerjigazetesi.ist\/wp-content\/uploads\/2015\/04\/yaptirimlar-kalktiginda-petrol-duser-300x153.jpg 300w, https:\/\/www.enerjigazetesi.ist\/wp-content\/uploads\/2015\/04\/yaptirimlar-kalktiginda-petrol-duser-500x255.jpg 500w, https:\/\/www.enerjigazetesi.ist\/wp-content\/uploads\/2015\/04\/yaptirimlar-kalktiginda-petrol-duser-80x40.jpg 80w, https:\/\/www.enerjigazetesi.ist\/wp-content\/uploads\/2015\/04\/yaptirimlar-kalktiginda-petrol-duser.jpg 685w\" sizes=\"(max-width: 300px) 100vw, 300px\" \/><\/a>ular\u0131 yan\u0131tlayan Hanke, &#8220;\u015eeytan tabii ki ayr\u0131nt\u0131da gizlidir. Bu anlamda anla\u015fman\u0131n tamam\u0131n\u0131 g\u00f6rmek gerekiyor. Fakat yapt\u0131r\u0131mlar her zaman k\u00f6t\u00fcd\u00fcr. Bu yapt\u0131r\u0131mlar\u0131 ne kadar erken kald\u0131r\u0131rlarsa o kadar daha iyi&#8221; dedi.<\/p>\n<p>\u0130ran \u00fczerinde uygulanan uluslararas\u0131 yapt\u0131r\u0131mlar\u0131n kald\u0131r\u0131lmas\u0131yla birlikte \u0130ran\u2019\u0131n daha fazla likiditeye eri\u015fiminin olaca\u011f\u0131n\u0131 belirten Hanke, yapt\u0131r\u0131mlar\u0131n kald\u0131r\u0131lmas\u0131n\u0131n \u0130ran\u2019\u0131n uluslararas\u0131 piyasaya daha fazla petrol satmas\u0131 anlam\u0131na geldi\u011fini anlatt\u0131.<\/p>\n<p>Ayn\u0131 zamanda \u0130ran\u2019\u0131n dondurulan likiditesinin de serbest b\u0131rak\u0131lmas\u0131yla, \u0130ran&#8217;\u0131n dondurulmu\u015f mali varl\u0131klar\u0131n tamam\u0131na eri\u015fim sa\u011flayaca\u011f\u0131n\u0131 belirten Hanke, \u0130ran\u2019\u0131n ataca\u011f\u0131 ad\u0131mlar\u0131n kar\u015f\u0131l\u0131\u011f\u0131nda uluslararas\u0131 yapt\u0131r\u0131mlar\u0131n kald\u0131r\u0131lmas\u0131n\u0131n etkisinin en \u00e7ok \u0130ran\u2019\u0131n enerji sekt\u00f6r\u00fcnde kendini hissettirece\u011fini kaydetti.<\/p>\n<p><strong>&#8216;\u0130ran&#8217;\u0131n ciddi sto\u011fu var&#8217;<\/strong><\/p>\n<p>Hanke, &#8220;\u0130ran\u2019da ciddi miktarda petrol sto\u011fu var. Bunun piyasaya arz\u0131 olacak ve bu da ciddi anlamda nakit girdisi sa\u011flayacakt\u0131r. \u00c7ok a\u00e7\u0131k bir \u015fekilde, e\u011fer petrol\u00fcn sat\u0131\u015f\u0131n\u0131n \u00f6n\u00fcn\u00fc a\u00e7arak, di\u011fer t\u00fcm de\u011fi\u015fkenleri ayn\u0131 \u015fekilde tutarsan\u0131z, petrol fiyatlar\u0131 oldu\u011fundan \u00a0daha d\u00fc\u015f\u00fck olacakt\u0131r&#8221; ifadelerini kulland\u0131.<\/p>\n<p>ABD Ba\u015fkan\u0131 Barack Obama\u2019n\u0131n \u0130ran&#8217;la n\u00fckleer m\u00fczakerelerde uzla\u015f\u0131ya var\u0131lmas\u0131n\u0131 &#8220;tarihi&#8221; olarak niteledi\u011fini hat\u0131rlatan Hanke, \u0130ran\u2019a kar\u015f\u0131 uygulanan yapt\u0131r\u0131mlar\u0131n kald\u0131r\u0131lmas\u0131n\u0131n, ilgin\u00e7 bir dinamikler dizisi yarataca\u011f\u0131n\u0131, yapt\u0131r\u0131mlar\u0131n kald\u0131r\u0131lmas\u0131yla \u0130ran ekonomisinin daha liberal ve a\u00e7\u0131k piyasa ekonomisine do\u011fru ilerleyece\u011fini vurgulad\u0131.<\/p>\n<p>Hanke, &#8220;Bu da \u00fclkede tutucularla liberallerin aras\u0131nda \u00e7eki\u015fme olu\u015fturacakt\u0131r. T\u00fcm dinamikler de\u011fi\u015fecek&#8221; dedi.<\/p>\n<p><strong>&#8216;Sonu\u00e7lanm\u0131\u015f bir anla\u015fma de\u011fil&#8217;<\/strong><\/p>\n<p>\u0130ran-\u0130srail ili\u015fkileri uzman\u0131 ve &#8220;Tahran\u2019\u0131n Gizemli N\u00fckleer Ki\u015fili\u011fi Mahmud Ahmedinejad ve \u0130ran Devleti&#8221; kitab\u0131n\u0131n yazarlar\u0131ndan Meir Javedanfar ise mevcut taslak anla\u015fman\u0131n t\u00fcm b\u00f6lgenin g\u00fcvenli\u011fi a\u00e7\u0131s\u0131ndan olumlu oldu\u011funu belirtti.<\/p>\n<p>\u00d6n\u00fcm\u00fczdeki s\u00fcrecin son derece belirleyici olaca\u011f\u0131n\u0131 belirten Javedanfar, &#8220;Bu sonu\u00e7lanm\u0131\u015f bir anla\u015fma de\u011fil. Haziran ay\u0131n\u0131n sonuna kadar en son hali \u00fczerinde \u00e7al\u0131\u015f\u0131lmas\u0131 gerekecek. Halen bu s\u00fcre\u00e7te bir \u015feyler ters gidebilir. Bunu bekleyip g\u00f6rece\u011fiz&#8221; dedi.<\/p>\n<p>Her ne kadar uzun s\u00fcredir devam eden g\u00f6r\u00fc\u015fmelerden olumlu bir karar \u00e7\u0131km\u0131\u015f ve taslak metin olu\u015fturma konusunda irade ortaya \u00e7\u0131km\u0131\u015f olsa da ABD ve \u0130ngiltere, \u0130ran\u2019\u0131n anla\u015fman\u0131n gereklerini kararl\u0131l\u0131kla uygulamamas\u0131 durumunda yapt\u0131r\u0131mlar\u0131n yeniden g\u00fcndeme gelebilece\u011fi uyar\u0131s\u0131nda bulunuyor.<\/p>\n<p>\u0130ran 1974&#8217;te g\u00fcnl\u00fck olarak 6 milyon varil petrol \u00fcretirken uluslararas\u0131 yapt\u0131r\u0131mlar\u0131n artan etkisiyle bunu yakla\u015f\u0131k 2.8 milyona d\u00fc\u015f\u00fcrmek zorunda kalm\u0131\u015ft\u0131. Uzmanlara g\u00f6re n\u00fckleer m\u00fczakerelerde sa\u011flanan uzla\u015fman\u0131n nihai bir anla\u015fmayla tamamlanmas\u0131 halinde \u0130ran&#8217;\u0131n uluslararas\u0131 pazarlarda petrol ve do\u011falgaz\u0131na daha rahat al\u0131c\u0131 bulmas\u0131, bankac\u0131l\u0131k i\u015flemlerinin kolayla\u015fmas\u0131, \u00fclkenin kap\u0131lar\u0131n\u0131n yabanc\u0131 yat\u0131r\u0131mc\u0131lara a\u00e7\u0131lmas\u0131 bekleniyor.<\/p>\n<p>Kaynak: AA<\/p>","protected":false},"excerpt":{"rendered":"<p>Sorry, this entry is only available in Turkish. For the sake of viewer convenience, the content is shown below in the alternative language. You may click the link to switch the active language.Johns Hopkins \u00dcniversitesi Uygulamal\u0131 Ekonomi Profes\u00f6r\u00fc Steve Hanke, \u0130ran ile n\u00fckleer m\u00fczakerelerde uzla\u015f\u0131ya var\u0131lmas\u0131n\u0131n ard\u0131ndan yapt\u0131r\u0131mlar\u0131n kald\u0131r\u0131lmas\u0131 halinde \u00fclkenin petrol sat\u0131\u015f\u0131n\u0131 art\u0131rmas\u0131yla k\u00fcresel [&hellip;]<\/p>\n","protected":false},"author":1,"featured_media":37864,"comment_status":"open","ping_status":"open","sticky":false,"template":"","format":"standard","meta":[],"categories":[53,44],"tags":[63,67,1009,2698,165,1333,12224,59,79,347],"views":531,"_links":{"self":[{"href":"https:\/\/www.enerjigazetesi.ist\/en\/wp-json\/wp\/v2\/posts\/37863"}],"collection":[{"href":"https:\/\/www.enerjigazetesi.ist\/en\/wp-json\/wp\/v2\/posts"}],"about":[{"href":"https:\/\/www.enerjigazetesi.ist\/en\/wp-json\/wp\/v2\/types\/post"}],"author":[{"embeddable":true,"href":"https:\/\/www.enerjigazetesi.ist\/en\/wp-json\/wp\/v2\/users\/1"}],"replies":[{"embeddable":true,"href":"https:\/\/www.enerjigazetesi.ist\/en\/wp-json\/wp\/v2\/comments?post=37863"}],"version-history":[{"count":1,"href":"https:\/\/www.enerjigazetesi.ist\/en\/wp-json\/wp\/v2\/posts\/37863\/revisions"}],"predecessor-version":[{"id":37865,"href":"https:\/\/www.enerjigazetesi.ist\/en\/wp-json\/wp\/v2\/posts\/37863\/revisions\/37865"}],"wp:featuredmedia":[{"embeddable":true,"href":"https:\/\/www.enerjigazetesi.ist\/en\/wp-json\/wp\/v2\/media\/37864"}],"wp:attachment":[{"href":"https:\/\/www.enerjigazetesi.ist\/en\/wp-json\/wp\/v2\/media?parent=37863"}],"wp:term":[{"taxonomy":"category","embeddable":true,"href":"https:\/\/www.enerjigazetesi.ist\/en\/wp-json\/wp\/v2\/categories?post=37863"},{"taxonomy":"post_tag","embeddable":true,"href":"https:\/\/www.enerjigazetesi.ist\/en\/wp-json\/wp\/v2\/tags?post=37863"}],"curies":[{"name":"wp","href":"https:\/\/api.w.org\/{rel}","templated":true}]}}